{"id":242400,"date":"2025-07-11T12:05:17","date_gmt":"2025-07-11T12:05:17","guid":{"rendered":"https:\/\/www.europesays.com\/fr\/242400\/"},"modified":"2025-07-11T12:05:17","modified_gmt":"2025-07-11T12:05:17","slug":"sur-le-texas-linaction-de-ladministration-trump-mise-en-cause-apres-les-inondations-mortelles-liberation","status":"publish","type":"post","link":"https:\/\/www.europesays.com\/fr\/242400\/","title":{"rendered":"Sur le Texas, l\u2019inaction de l\u2019administration Trump mise en cause apr\u00e8s les inondations mortelles \u2013 Lib\u00e9ration"},"content":{"rendered":"<p class=\"sc-ksZaOG ehjQrN text-element\">En passe de devenir le cataclysme le plus meurtrier de l\u2019histoire du Texas depuis plus d\u2019un demi-si\u00e8cle, <a href=\"https:\/\/www.liberation.fr\/international\/amerique\/une-autre-vague-arrive-au-texas-des-inondations-font-au-moins-24-morts-dont-des-enfants-20250705_N7LG2OB6QRGCDFA7B2W37TSGTY\/\" target=\"_blank\" rel=\"nofollow noopener\" title=\"https:\/\/www.liberation.fr\/international\/amerique\/une-autre-vague-arrive-au-texas-des-inondations-font-au-moins-24-morts-dont-des-enfants-20250705_N7LG2OB6QRGCDFA7B2W37TSGTY\/\">les crues \u00e9clair survenues en pleine nuit du 4 juillet<\/a> menacent aussi de tourner \u00e0 l\u2019un des plus confondants scandales d\u2019une pr\u00e9sidence Trump dont les rat\u00e9s, impairs et errements ne manquent pourtant pas. Les eaux boueuses du fleuve Guadalupe ont \u00e0 peine reflu\u00e9 qu\u2019affleure, dans leur sillage macabre, l\u2019inventaire de dysfonctionnements d\u2019une administration f\u00e9d\u00e9rale livr\u00e9e depuis janvier \u00e0 un sabordage m\u00e9thodique. Plus de 120 morts, dont 36 enfants \u2013 le bilan s\u2019alourdit encore tandis que <a href=\"https:\/\/www.liberation.fr\/international\/amerique\/inondations-au-texas-une-centaine-de-morts-161-personnes-manquent-a-lappel-20250709_3P3XHGAWKFBH3M2ZAJ5GQHA2BE\/\" target=\"_blank\" rel=\"nofollow noopener\" title=\"https:\/\/www.liberation.fr\/international\/amerique\/inondations-au-texas-une-centaine-de-morts-161-personnes-manquent-a-lappel-20250709_3P3XHGAWKFBH3M2ZAJ5GQHA2BE\/\">plus de 170 personnes demeurent port\u00e9es disparues<\/a> \u2013, et derri\u00e8re la catastrophe naturelle se dessine une trag\u00e9die bureaucratique laissant augur<\/p>\n","protected":false},"excerpt":{"rendered":"En passe de devenir le cataclysme le plus meurtrier de l\u2019histoire du Texas depuis plus d\u2019un demi-si\u00e8cle, les&hellip;\n","protected":false},"author":2,"featured_media":242401,"comment_status":"","ping_status":"","sticky":false,"template":"","format":"standard","meta":{"footnotes":""},"categories":[2],"tags":[11,75,73,1011,27,12,25],"class_list":{"0":"post-242400","1":"post","2":"type-post","3":"status-publish","4":"format-standard","5":"has-post-thumbnail","7":"category-actualites","8":"tag-actualites","9":"tag-donald-trump","10":"tag-etats-unis","11":"tag-fr","12":"tag-france","13":"tag-news","14":"tag-republique-francaise"},"share_on_mastodon":{"url":"https:\/\/pubeurope.com\/@fr\/114834513831184435","error":""},"_links":{"self":[{"href":"https:\/\/www.europesays.com\/fr\/wp-json\/wp\/v2\/posts\/242400","targetHints":{"allow":["GET"]}}],"collection":[{"href":"https:\/\/www.europesays.com\/fr\/wp-json\/wp\/v2\/posts"}],"about":[{"href":"https:\/\/www.europesays.com\/fr\/wp-json\/wp\/v2\/types\/post"}],"author":[{"embeddable":true,"href":"https:\/\/www.europesays.com\/fr\/wp-json\/wp\/v2\/users\/2"}],"replies":[{"embeddable":true,"href":"https:\/\/www.europesays.com\/fr\/wp-json\/wp\/v2\/comments?post=242400"}],"version-history":[{"count":0,"href":"https:\/\/www.europesays.com\/fr\/wp-json\/wp\/v2\/posts\/242400\/revisions"}],"wp:featuredmedia":[{"embeddable":true,"href":"https:\/\/www.europesays.com\/fr\/wp-json\/wp\/v2\/media\/242401"}],"wp:attachment":[{"href":"https:\/\/www.europesays.com\/fr\/wp-json\/wp\/v2\/media?parent=242400"}],"wp:term":[{"taxonomy":"category","embeddable":true,"href":"https:\/\/www.europesays.com\/fr\/wp-json\/wp\/v2\/categories?post=242400"},{"taxonomy":"post_tag","embeddable":true,"href":"https:\/\/www.europesays.com\/fr\/wp-json\/wp\/v2\/tags?post=242400"}],"curies":[{"name":"wp","href":"https:\/\/api.w.org\/{rel}","templated":true}]}}