{"id":242402,"date":"2025-07-11T12:06:13","date_gmt":"2025-07-11T12:06:13","guid":{"rendered":"https:\/\/www.europesays.com\/fr\/242402\/"},"modified":"2025-07-11T12:06:13","modified_gmt":"2025-07-11T12:06:13","slug":"cedric-jubillar-a-confie-a-son-ex-petite-amie-avoir-etrangle-delphine","status":"publish","type":"post","link":"https:\/\/www.europesays.com\/fr\/242402\/","title":{"rendered":"C\u00e9dric Jubillar a confi\u00e9 \u00e0 son ex-petite amie \u00ab\u00a0avoir \u00e9trangl\u00e9 Delphine\u00a0\u00bb"},"content":{"rendered":"<p> \u00abIl est d\u00e9j\u00e0 arriv\u00e9 qu\u2019il me menace physiquement au parloir et qu\u2019il me balance des trucs dingues sur ce qu\u2019il avait pu faire \u00e0 Delphine\u00a0\u00bb. Dans un article publi\u00e9 jeudi dans<a href=\"https:\/\/www.leparisien.fr\/faits-divers\/affaire-jubillar-cedric-ma-dit-avoir-etrangle-delphine-10-07-2025-V6OEZDAEAZAI7P4S2TLJ4BDQQA.php?ts=1752159035977\" rel=\"nofollow noopener\" target=\"_blank\" class=\"color-ultramarine c-link\"> Le Parisien<\/a>, l\u2019ex-petite amie de C\u00e9dric <a href=\"https:\/\/www.20minutes.fr\/faits_divers\/affaire-jubillar\/\" class=\"color-ultramarine c-link\" rel=\"nofollow noopener\" target=\"_blank\">Jubillar<\/a>, qui sera <a href=\"https:\/\/www.20minutes.fr\/societe\/4112043-20240926-affaire-delphine-jubillar-cedric-jubillar-bien-juge-assises-meurtre-femme\" class=\"color-ultramarine c-link\" rel=\"nofollow noopener\" target=\"_blank\">jug\u00e9 en septembre<\/a> pour le <a href=\"https:\/\/www.20minutes.fr\/dossier\/meurtre\" class=\"color-ultramarine c-link\" rel=\"nofollow noopener\" target=\"_blank\">meurtre<\/a> de sa femme Delphine, a partag\u00e9 de r\u00e9cents aveux que le d\u00e9tenu aurait tenus au parloir de sa prison de <a href=\"https:\/\/www.20minutes.fr\/dossier\/haute-garonne\" class=\"color-ultramarine c-link\" rel=\"nofollow noopener\" target=\"_blank\">Haute-Garonne<\/a>.<\/p>\n<\/p>\n<p>\u00ab\u00a0Il m\u2019a dit avoir \u00e9trangl\u00e9 Delphine et a m\u00eame imit\u00e9 sur moi le geste qu\u2019il aurait fait pour la tuer\u00a0\u00bb, a racont\u00e9 cette femme entr\u00e9e en relation avec le suspect d\u00e9but\u00a02021. L\u2019homme de 37 ans lui a assur\u00e9 que \u00ab\u00a0tout [le meurtre] s\u2019\u00e9tait pass\u00e9 \u00e0 l\u2019int\u00e9rieur de la maison, dans le salon, sans un bruit quasiment\u00a0\u00bb.<\/p>\n<p>C\u00e9dric Jubillar, mis en examen et incarc\u00e9r\u00e9 depuis le 18\u00a0juin 2021, a \u00e9galement expliqu\u00e9 avoir \u00ab\u00a0cach\u00e9 le corps de Delphine sur une exploitation agricole\u00a0\u00bb, un lieu qu\u2019il \u00ab\u00a0connaissait depuis un mois\u00a0\u00bb. Il aurait \u00e9galement fait comprendre \u00e0 son ex qu\u2019il avait eu \u00ab\u00a0le temps de pr\u00e9parer le lieu o\u00f9 il l\u2019a enterr\u00e9e\u00a0\u00bb. Le corps de Delphine Jubillar, disparue dans la nuit du 15 au 16\u00a0d\u00e9cembre 2020, n\u2019a jamais \u00e9t\u00e9 retrouv\u00e9.<\/p>\n<p>C\u00e9dric Jubillar lui a dit qu\u2019il pouvait \u00ab\u00a0la tuer\u00a0\u00bb<\/p>\n<p>Concernant le mobile, l\u2019ex-petite amie, \u2013 qui ne veut plus continuer sa relation avec cet homme \u2013, affirme que C\u00e9dric Jubillar lui a confi\u00e9 avoir des diff\u00e9rends avec Delphine Jubillar \u00ab\u00a0au sujet de la maison et de la garde des enfants\u00a0\u00bb. \u00ab\u00a0Mais je crois surtout qu\u2019il a besoin d\u2019\u00eatre dans un rapport de domination, a-t-elle ajout\u00e9 aupr\u00e8s du Parisien. [\u2026] Je lui ai m\u00eame demand\u00e9 s\u2019il pourrait me tuer un jour. Il m\u2019a r\u00e9pondu\u00a0: \u00ab\u00a0Je l\u2019ai d\u00e9j\u00e0 fait une fois, je peux le faire deux fois mais si tu ne me trompes pas, tu n\u2019as rien \u00e0 craindre\u00a0\u00bb\u00a0\u00bb.<\/p>\n<p><a href=\"https:\/\/www.20minutes.fr\/faits_divers\/affaire-jubillar\/\" class=\"c-link c-btn c-btn--primary\" rel=\"nofollow noopener\" target=\"_blank\">Notre dossier sur l&rsquo;affaire Jubillar<\/a><\/p>\n<p>Pourquoi ne pas en avoir parl\u00e9 aux enqu\u00eateurs\u00a0plus t\u00f4t\u00a0? Elle explique au m\u00e9dia que les \u00ab\u00a0versions des faits [du d\u00e9tenu], au fil [des] conversations, \u00e9voluaient toujours un peu\u00a0\u00bb. C\u00e9dric Jubillar a souvent eu des versions contradictoires depuis son arrestation et clame toujours son innocence. Il doit \u00eatre jug\u00e9 \u00e0 partir du 22\u00a0septembre devant la cour d\u2019assises d\u2019Albi, dans le Tarn.<\/p>\n","protected":false},"excerpt":{"rendered":"\u00abIl est d\u00e9j\u00e0 arriv\u00e9 qu\u2019il me menace physiquement au parloir et qu\u2019il me balance des trucs dingues sur&hellip;\n","protected":false},"author":2,"featured_media":242403,"comment_status":"","ping_status":"","sticky":false,"template":"","format":"standard","meta":{"footnotes":""},"categories":[2],"tags":[47,11,33044,7296,20851,1067,3555,1011,27,2722,303,777,2721,12,2680,806,25,8412],"class_list":{"0":"post-242402","1":"post","2":"type-post","3":"status-publish","4":"format-standard","5":"has-post-thumbnail","7":"category-actualites","8":"tag-actualite","9":"tag-actualites","10":"tag-affaire-jubillar","11":"tag-albi","12":"tag-cour-dassises","13":"tag-enquete","14":"tag-feminicide","15":"tag-fr","16":"tag-france","17":"tag-haute-garonne","18":"tag-justice","19":"tag-meurtre","20":"tag-midi-pyrenees","21":"tag-news","22":"tag-occitanie","23":"tag-prison","24":"tag-republique-francaise","25":"tag-tarn"},"share_on_mastodon":{"url":"https:\/\/pubeurope.com\/@fr\/114834517764474998","error":""},"_links":{"self":[{"href":"https:\/\/www.europesays.com\/fr\/wp-json\/wp\/v2\/posts\/242402","targetHints":{"allow":["GET"]}}],"collection":[{"href":"https:\/\/www.europesays.com\/fr\/wp-json\/wp\/v2\/posts"}],"about":[{"href":"https:\/\/www.europesays.com\/fr\/wp-json\/wp\/v2\/types\/post"}],"author":[{"embeddable":true,"href":"https:\/\/www.europesays.com\/fr\/wp-json\/wp\/v2\/users\/2"}],"replies":[{"embeddable":true,"href":"https:\/\/www.europesays.com\/fr\/wp-json\/wp\/v2\/comments?post=242402"}],"version-history":[{"count":0,"href":"https:\/\/www.europesays.com\/fr\/wp-json\/wp\/v2\/posts\/242402\/revisions"}],"wp:featuredmedia":[{"embeddable":true,"href":"https:\/\/www.europesays.com\/fr\/wp-json\/wp\/v2\/media\/242403"}],"wp:attachment":[{"href":"https:\/\/www.europesays.com\/fr\/wp-json\/wp\/v2\/media?parent=242402"}],"wp:term":[{"taxonomy":"category","embeddable":true,"href":"https:\/\/www.europesays.com\/fr\/wp-json\/wp\/v2\/categories?post=242402"},{"taxonomy":"post_tag","embeddable":true,"href":"https:\/\/www.europesays.com\/fr\/wp-json\/wp\/v2\/tags?post=242402"}],"curies":[{"name":"wp","href":"https:\/\/api.w.org\/{rel}","templated":true}]}}