{"id":242406,"date":"2025-07-11T12:10:09","date_gmt":"2025-07-11T12:10:09","guid":{"rendered":"https:\/\/www.europesays.com\/fr\/242406\/"},"modified":"2025-07-11T12:10:09","modified_gmt":"2025-07-11T12:10:09","slug":"tournee-en-nouvelle-zelande-a-quelle-heure-et-sur-quelle-chaine-suivre-le-deuxieme-match-du-xv-de-france-face-aux-all-blacks","status":"publish","type":"post","link":"https:\/\/www.europesays.com\/fr\/242406\/","title":{"rendered":"Tourn\u00e9e en Nouvelle-Z\u00e9lande \u2013 \u00c0 quelle heure et sur quelle cha\u00eene suivre le deuxi\u00e8me match du XV de France face aux All Blacks\u00a0?"},"content":{"rendered":"<p>\n                Ce samedi, le XV de France affronte la Nouvelle-Z\u00e9lande pour le deuxi\u00e8me des trois test-matchs face aux All Blacks. L\u2019heure, la cha\u00eene\u2026 Tout savoir sur cette rencontre.\n            <\/p>\n<p>Apr\u00e8s Dunedin, le XV de France pose ses valises \u00e0 Wellington. Avec dix changements dans la composition de d\u00e9part par rapport \u00e0 la semaine derni\u00e8re, l\u2019\u00e9quipe de France esp\u00e8re renouveler sa performance et emb\u00eater au maximum une \u00e9quipe des Blacks gonfl\u00e9e \u00e0 bloc. Rendez-vous demain, samedi 12\u00a0juillet\u00a0!<\/p>\n<p>\u00c0 quelle heure suivre Nouvelle-Z\u00e9lande \u2013 France\u00a0?<\/p>\n<p>R\u00e9glez vos r\u00e9veils, ou pour les plus assidus, mettez le m\u00eame que la semaine derni\u00e8re puisque le coup d\u2019envoi aura lieu\u00a0\u00e0 <strong>09h05<\/strong>.<\/p>\n<p>Sur quelle cha\u00eene suivre Nouvelle-Z\u00e9lande \u2013 France\u00a0?<\/p>\n<p>Pas de changement, rendez-vous sur<strong> Canal +<\/strong>\u00a0pour suivre ce deuxi\u00e8me choc en terres\u00a0n\u00e9o-z\u00e9landaises. Prise d\u2019antenne \u00e0 <strong>08h30<\/strong> pour les plus motiv\u00e9s.<\/p>\n","protected":false},"excerpt":{"rendered":"Ce samedi, le XV de France affronte la Nouvelle-Z\u00e9lande pour le deuxi\u00e8me des trois test-matchs face aux All&hellip;\n","protected":false},"author":2,"featured_media":242407,"comment_status":"","ping_status":"","sticky":false,"template":"","format":"standard","meta":{"footnotes":""},"categories":[1416],"tags":[1011,27,479,1468,60],"class_list":{"0":"post-242406","1":"post","2":"type-post","3":"status-publish","4":"format-standard","5":"has-post-thumbnail","7":"category-rugby","8":"tag-fr","9":"tag-france","10":"tag-rugby","11":"tag-rugby-football","12":"tag-sports"},"share_on_mastodon":{"url":"https:\/\/pubeurope.com\/@fr\/114834533515808415","error":""},"_links":{"self":[{"href":"https:\/\/www.europesays.com\/fr\/wp-json\/wp\/v2\/posts\/242406","targetHints":{"allow":["GET"]}}],"collection":[{"href":"https:\/\/www.europesays.com\/fr\/wp-json\/wp\/v2\/posts"}],"about":[{"href":"https:\/\/www.europesays.com\/fr\/wp-json\/wp\/v2\/types\/post"}],"author":[{"embeddable":true,"href":"https:\/\/www.europesays.com\/fr\/wp-json\/wp\/v2\/users\/2"}],"replies":[{"embeddable":true,"href":"https:\/\/www.europesays.com\/fr\/wp-json\/wp\/v2\/comments?post=242406"}],"version-history":[{"count":0,"href":"https:\/\/www.europesays.com\/fr\/wp-json\/wp\/v2\/posts\/242406\/revisions"}],"wp:featuredmedia":[{"embeddable":true,"href":"https:\/\/www.europesays.com\/fr\/wp-json\/wp\/v2\/media\/242407"}],"wp:attachment":[{"href":"https:\/\/www.europesays.com\/fr\/wp-json\/wp\/v2\/media?parent=242406"}],"wp:term":[{"taxonomy":"category","embeddable":true,"href":"https:\/\/www.europesays.com\/fr\/wp-json\/wp\/v2\/categories?post=242406"},{"taxonomy":"post_tag","embeddable":true,"href":"https:\/\/www.europesays.com\/fr\/wp-json\/wp\/v2\/tags?post=242406"}],"curies":[{"name":"wp","href":"https:\/\/api.w.org\/{rel}","templated":true}]}}