{"id":242410,"date":"2025-07-11T12:13:09","date_gmt":"2025-07-11T12:13:09","guid":{"rendered":"https:\/\/www.europesays.com\/fr\/242410\/"},"modified":"2025-07-11T12:13:09","modified_gmt":"2025-07-11T12:13:09","slug":"equipes-et-pilotes-motogp-2020-line-up","status":"publish","type":"post","link":"https:\/\/www.europesays.com\/fr\/242410\/","title":{"rendered":"Equipes et pilotes &#8211; MotoGP 2020 Line up"},"content":{"rendered":"<p class=\"ai-optimize-6 ai-optimize-introduction\">Avec <strong>Brad Binder<\/strong> qui rejoint l\u2019<strong>\u00e9quipe d\u2019usine KTM<\/strong> et <strong>Iker Leucona<\/strong> qui remplace <strong>Syahrin<\/strong> chez <strong>Red Bull Tech3<\/strong>, la <strong>liste<\/strong> officielle <strong>des \u00e9quipes et des pilotes du Championnat du monde MotoGP 2020<\/strong> est d\u00e9sormais compl\u00e8te. \u00c0 vrai dire, ces arriv\u00e9es marquent les seuls changements intervenus sur la grille 2019, la majeure partie de la saison idiote se concentrant sur la fin de la<strong> saison MotoGP 2020<\/strong>, lorsque plusieurs pilotes de premier plan devront ren\u00e9gocier leur contrat.<\/p>\n<p class=\"ai-optimize-7\">S\u2019il reste un dernier point d\u2019incertitude, c\u2019est bien celui qui concerne l\u2019avenir de <strong>Jorge Lorenzo<\/strong> au sein du <strong>HRC<\/strong>. Il ne fait aucun doute que le <strong>Majorquin<\/strong> n\u2019a pas trouv\u00e9 de sensations avec sa <strong>RC213V<\/strong> et qu\u2019il a \u00e9t\u00e9 en difficult\u00e9 tout au long de la saison, notamment en raison d\u2019une mauvaise forme physique. Le fait que son compagnon de garage et compatriote espagnol <strong>Marc Marquez<\/strong> ait remport\u00e9 son huiti\u00e8me titre mondial sur la m\u00eame moto n\u2019a certainement pas aid\u00e9. Lorenzo, bien s\u00fbr, a un contrat avec le <strong>HRC pour 2020<\/strong>, mais il pourrait y avoir des solutions de sortie et, si tel \u00e9tait le cas, on ne sait toujours pas qui le remplacera au sein de l\u2019\u00e9quipe Repsol Honda.<\/p>\n<p class=\"ai-optimize-8\">Une fois de plus, l\u2019apog\u00e9e de la course sur deux roues sera repr\u00e9sent\u00e9e par un paddock principalement italo-ib\u00e9rique, avec seulement 6 pilotes sur 22 qui ne sont pas originaires de ces deux p\u00e9ninsules : <strong>Binder, Crutchlow, Nakagami, Miller, Abraham<\/strong> et <strong>Quartararo<\/strong>.<\/p>\n<p class=\"ai-optimize-9\">Pour l\u2019instant, voici la liste compl\u00e8te des \u00e9quipes et des pilotes pour la <strong>saison<\/strong> 2020 <strong>du MotoGP<\/strong>.<\/p>\n<p>MotoGP 2020 \u2013 \u00c9quipes et pilotes<br \/>\nRepsol Honda HRC<\/p>\n<p class=\"ai-optimize-12\">Marc <strong>Marquez<\/strong> \u2013 Espagne \u2013 #93<br \/>Jorge <strong>Lorenzo<\/strong> \u2013 Espagne \u2013 #99<\/p>\n<p>Monster Yamaha<\/p>\n<p class=\"ai-optimize-14\">Maverick <strong>Vinales<\/strong> \u2013 Espagne \u2013 #12<br \/>Valentino <strong>Rossi<\/strong> \u2013 Italie \u2013 #46<\/p>\n<p>L\u2019\u00e9quipe Ducati<\/p>\n<p class=\"ai-optimize-16\">Andrea <strong>Dovizioso<\/strong> \u2013 Italie \u2013 #04<br \/>Danilo <strong>Petrucci<\/strong> \u2013 Italie \u2013 #9<\/p>\n<p>Suzuki<\/p>\n<p class=\"ai-optimize-18\">Alex <strong>Rins<\/strong> \u2013 Espagne \u2013 #42<br \/>Joan <strong>Mir<\/strong> \u2013 Espagne \u2013 #36<\/p>\n<p>Red Bull KTM<\/p>\n<p class=\"ai-optimize-20\">Pol <strong>Espargaro<\/strong> \u2013 Espagne \u2013 #44<br \/>Brad <strong>Binder<\/strong> \u2013 Afrique du Sud<\/p>\n<p>Aprilia Gresini<\/p>\n<p class=\"ai-optimize-22\">Aleix <strong>Espargaro<\/strong> \u2013 Espagne \u2013 #41<br \/>Andrea <strong>Iannone<\/strong> \u2013 Italie \u2013 #29<\/p>\n<p>Tech3 KTM<\/p>\n<p class=\"ai-optimize-24\">Miguel <strong>Oliveira \u2013<\/strong> Portugal \u2013 #88<br \/>Iker <strong>Leucona \u2013 Espagne \u2013 #27<\/strong><\/p>\n<p>LCR Honda<\/p>\n<p class=\"ai-optimize-26\">Cal <strong>Crutchlow<\/strong> \u2013 Grande-Bretagne \u2013 #35<br \/>Takaaki <strong>Nakagami \u2013<\/strong> Japon \u2013 #30<\/p>\n<p>Pramac Ducati<\/p>\n<p class=\"ai-optimize-28\">Francesco <strong>Bagnaia<\/strong> \u2013 Italie \u2013 #63<br \/>Jack <strong>Miller \u2013 Australie \u2013 #30<\/strong><\/p>\n<p>Avintia Racing<\/p>\n<p class=\"ai-optimize-30\">Karel <strong>Abraham \u2013<\/strong>R\u00e9publique <strong>tch\u00e8que<\/strong>\u2013 n\u00b0 17<br \/>Tito <strong>Rabat<\/strong> \u2013 Espagne \u2013 n\u00b0 53<\/p>\n<p>L\u2019\u00e9quipe Petronas Yamaha Sepang<\/p>\n<p class=\"ai-optimize-32\">Franco <strong>Morbidelli<\/strong> \u2013 Italie \u2013 n\u00b021<br \/>Fabio <strong>Quartararo<\/strong> \u2013 France \u2013 n\u00b020<\/p>\n<p class=\"ai-optimize-33\">Enfin, vous trouverez ici le <a href=\"https:\/\/rtrsports.com\/en\/blog\/motogp-2020-calendar\/\" rel=\"nofollow noopener\" target=\"_blank\"><strong>Calendrier MotoGP 2020<\/strong><\/a><\/p>\n<p class=\"ai-optimize-34\">Pour toute question concernant <a href=\"https:\/\/rtrsports.com\/en\/blog\/motogp-sponsorship-what-it-is-how-it-works-and-all-you-need-to-know\/\" rel=\"nofollow noopener\" target=\"_blank\"><strong>Packages de sponsoring MotoGP<\/strong><\/a>veuillez contacter nos bureaux par e-mail \u00e0 l\u2019adresse suivante <a href=\"https:\/\/rtrsports.com\/fr\/blog\/motogp-2020-teams-and-riders\/mailto:info@rtrsports.com\" rel=\"nofollow noopener\" target=\"_blank\"><strong>info@rtrsports.com<\/strong><\/a><\/p>\n<p>\u00a0<\/p>\n","protected":false},"excerpt":{"rendered":"Avec Brad Binder qui rejoint l\u2019\u00e9quipe d\u2019usine KTM et Iker Leucona qui remplace Syahrin chez Red Bull Tech3,&hellip;\n","protected":false},"author":2,"featured_media":242411,"comment_status":"","ping_status":"","sticky":false,"template":"","format":"standard","meta":{"footnotes":""},"categories":[1413],"tags":[1011,27,1457,1456,60],"class_list":{"0":"post-242410","1":"post","2":"type-post","3":"status-publish","4":"format-standard","5":"has-post-thumbnail","7":"category-moto","8":"tag-fr","9":"tag-france","10":"tag-moto","11":"tag-motocycle","12":"tag-sports"},"share_on_mastodon":{"url":"https:\/\/pubeurope.com\/@fr\/114834545278502263","error":""},"_links":{"self":[{"href":"https:\/\/www.europesays.com\/fr\/wp-json\/wp\/v2\/posts\/242410","targetHints":{"allow":["GET"]}}],"collection":[{"href":"https:\/\/www.europesays.com\/fr\/wp-json\/wp\/v2\/posts"}],"about":[{"href":"https:\/\/www.europesays.com\/fr\/wp-json\/wp\/v2\/types\/post"}],"author":[{"embeddable":true,"href":"https:\/\/www.europesays.com\/fr\/wp-json\/wp\/v2\/users\/2"}],"replies":[{"embeddable":true,"href":"https:\/\/www.europesays.com\/fr\/wp-json\/wp\/v2\/comments?post=242410"}],"version-history":[{"count":0,"href":"https:\/\/www.europesays.com\/fr\/wp-json\/wp\/v2\/posts\/242410\/revisions"}],"wp:featuredmedia":[{"embeddable":true,"href":"https:\/\/www.europesays.com\/fr\/wp-json\/wp\/v2\/media\/242411"}],"wp:attachment":[{"href":"https:\/\/www.europesays.com\/fr\/wp-json\/wp\/v2\/media?parent=242410"}],"wp:term":[{"taxonomy":"category","embeddable":true,"href":"https:\/\/www.europesays.com\/fr\/wp-json\/wp\/v2\/categories?post=242410"},{"taxonomy":"post_tag","embeddable":true,"href":"https:\/\/www.europesays.com\/fr\/wp-json\/wp\/v2\/tags?post=242410"}],"curies":[{"name":"wp","href":"https:\/\/api.w.org\/{rel}","templated":true}]}}