{"id":242427,"date":"2025-07-11T12:23:14","date_gmt":"2025-07-11T12:23:14","guid":{"rendered":"https:\/\/www.europesays.com\/fr\/242427\/"},"modified":"2025-07-11T12:23:14","modified_gmt":"2025-07-11T12:23:14","slug":"cette-facon-de-vendre-la-pasteque-est-desormais-interdite-a-constantine","status":"publish","type":"post","link":"https:\/\/www.europesays.com\/fr\/242427\/","title":{"rendered":"Cette fa\u00e7on de vendre la past\u00e8que est d\u00e9sormais interdite \u00e0 Constantine"},"content":{"rendered":"<p>La <strong>Direction du Commerce<\/strong> de la wilaya de <strong>Constantine<\/strong> a \u00e9mis une d\u00e9cision interdisant la vente de past\u00e8que <strong>coup\u00e9e en morceaux<\/strong>, que ce soit sur les march\u00e9s ou par les vendeurs ambulants. Cette mesure s\u2019inscrit dans le cadre de la protection du consommateur et de la pr\u00e9servation de la sant\u00e9 publique.<\/p>\n<p>L\u2019objectif principal de cette nouvelle r\u00e9glementation est de pr\u00e9venir les manipulations concernant la qualit\u00e9 et le poids du produit, de <strong>r\u00e9duire la contamination<\/strong> r\u00e9sultant de la d\u00e9coupe de la past\u00e8que dans des conditions <strong>insalubres<\/strong>, et de prot\u00e9ger les citoyens contre les cas d\u2019intoxication alimentaire.<\/p>\n<p>Rappel des mises en garde ant\u00e9rieures de l\u2019organisation de d\u00e9fense des consommateurs Himayatek<\/p>\n<p>Cette d\u00e9cision intervient apr\u00e8s que l\u2019Organisation Alg\u00e9rienne de D\u00e9fense du Consommateur, <strong>Himayatek<\/strong>, a, en juin dernier, appel\u00e9 les citoyens \u00e0 la plus grande prudence lors de l\u2019achat de past\u00e8ques. L\u2019organisation avait mis en garde contre la consommation de fruits ayant <strong>m\u00fbri pr\u00e9matur\u00e9ment<\/strong> par des m\u00e9thodes non naturelles, impliquant l\u2019utilisation excessive d\u2019engrais et de substances chimiques <strong>potentiellement canc\u00e9rig\u00e8nes.<\/strong><\/p>\n<p>Dans un communiqu\u00e9 de sensibilisation, Himayatek avait expliqu\u00e9 que certains vendeurs commercialisent des past\u00e8ques qui, bien qu\u2019apparemment fra\u00eeches et app\u00e9tissantes, pouvaient \u00eatre<strong> \u00ab\u00a0empoisonn\u00e9es\u00a0\u00bb.<\/strong> L\u2019absence de graines noires \u00e0 l\u2019int\u00e9rieur du fruit \u00e9tait cit\u00e9e comme un signe r\u00e9v\u00e9lateur d\u2019un traitement agricole malsain visant \u00e0 acc\u00e9l\u00e9rer la maturation.<\/p>\n<p><a href=\"https:\/\/l.algerie360.com\/QRWjOq\" target=\"_blank\" title=\"Les climatiseurs r\u00e9sidentiels LG\" rel=\"nofollow noopener\"> <img loading=\"lazy\" decoding=\"async\" src=\"data:image\/svg+xml,%3Csvg%20xmlns=\" http:=\"\" data-src=\"https:\/\/www.europesays.com\/fr\/wp-content\/uploads\/2025\/07\/300x250.jpg.webp\" class=\"img-fluid lazy\" width=\"300\" height=\"250\" alt=\"Les climatiseurs r\u00e9sidentiels LG\" data-smush-webp-fallback=\"{&quot;src&quot;:&quot;https:\\\/\\\/www.algerie360.com\\\/wp-content\\\/uploads\\\/2025\\\/06\\\/300x250.jpg&quot;}\"\/><\/a><\/p>\n<p>L\u2019organisation avait soulign\u00e9 que ces \u00ab\u00a0pseudo-agriculteurs\u00a0\u00bb privil\u00e9gient le profit rapide au d\u00e9triment de la sant\u00e9 des consommateurs, exhortant les citoyens \u00e0 \u00e9viter l\u2019achat de ce type de past\u00e8que s\u2019ils constataient une diff\u00e9rence dans la couleur des graines.<\/p>\n<p><img decoding=\"async\" class=\"aligncenter lazy\" src=\"data:image\/svg+xml,%3Csvg%20xmlns=\" http:=\"\" data-src=\"https:\/\/www.europesays.com\/fr\/wp-content\/uploads\/2025\/07\/518194469_737501098639467_50520671823159366_n.jpg\" alt=\"Peut \u00eatre une image de texte\"\/><\/p>\n<p><strong>\ud83d\udfe2 \u00c0 LIRE AUSSI :\u00a0<a href=\"https:\/\/www.algerie360.com\/himayatec-alerte-sur-des-pasteques-cancerigenes-voici-comment-les-reperer\/\" rel=\"nofollow noopener\" target=\"_blank\">Himayatec alerte sur des past\u00e8ques canc\u00e9rig\u00e8nes : voici comment les rep\u00e9rer<\/a><\/strong><\/p>\n<p>La d\u00e9cision de la Direction du Commerce de Constantine d\u2019interdire la vente de past\u00e8ques coup\u00e9es est une mesure proactive et essentielle pour la protection de la sant\u00e9 publique.<\/p>\n<p>En ciblant \u00e0 la fois les risques d\u2019alt\u00e9ration du produit et les dangers li\u00e9s aux conditions d\u2019hygi\u00e8ne, cette r\u00e9glementation r\u00e9pond directement aux pr\u00e9occupations soulev\u00e9es par des organisations comme <strong>l\u2019APOCE et Himayatek.<\/strong><\/p>\n<p>Il est imp\u00e9ratif que les consommateurs restent vigilants et privil\u00e9gient l\u2019achat de fruits entiers, en pr\u00eatant attention aux signes de maturation naturelle, tels que la pr\u00e9sence de graines noires.<\/p>\n<p><strong>\ud83d\udfe2 \u00c0 LIRE AUSSI :\u00a0<a href=\"https:\/\/www.algerie360.com\/un-poison-mortel-lapoce-denonce-un-produit-largement-consomme-en-ete\/\" rel=\"nofollow noopener\" target=\"_blank\">\u00ab Un poison mortel \u00bb : l\u2019APOCE d\u00e9nonce un produit largement consomm\u00e9 en \u00e9t\u00e9<\/a><\/strong><\/p>\n<p>March\u00e9 alg\u00e9rien : une coordination renforc\u00e9e pour garantir la s\u00e9curit\u00e9 des consommateurs<\/p>\n<p>Cette initiative souligne l\u2019importance d\u2019une collaboration continue entre les autorit\u00e9s de r\u00e9gulation, les organisations de d\u00e9fense des consommateurs et le public pour garantir un march\u00e9 alimentaire s\u00fbr et sain.<\/p>\n<p>Seule une prise de conscience collective et une application rigoureuse des normes permettront de contrecarrer les pratiques abusives et de pr\u00e9server le bien-\u00eatre de tous.<\/p>\n<p><img decoding=\"async\" class=\"lazy\" src=\"data:image\/svg+xml,%3Csvg%20xmlns=\" http:=\"\" data-src=\"https:\/\/www.europesays.com\/fr\/wp-content\/uploads\/2025\/07\/icons8-share-64.png.webp\" alt=\"Partager\" data-smush-webp-fallback=\"{&quot;src&quot;:&quot;https:\\\/\\\/www.algerie360.com\\\/wp-content\\\/uploads\\\/2025\\\/06\\\/icons8-share-64.png&quot;}\"\/><\/p>\n","protected":false},"excerpt":{"rendered":"La Direction du Commerce de la wilaya de Constantine a \u00e9mis une d\u00e9cision interdisant la vente de past\u00e8que&hellip;\n","protected":false},"author":2,"featured_media":242428,"comment_status":"","ping_status":"","sticky":false,"template":"","format":"standard","meta":{"footnotes":""},"categories":[10],"tags":[328,1011,27,72,71],"class_list":{"0":"post-242427","1":"post","2":"type-post","3":"status-publish","4":"format-standard","5":"has-post-thumbnail","7":"category-sante","8":"tag-a-la-une","9":"tag-fr","10":"tag-france","11":"tag-health","12":"tag-sante"},"share_on_mastodon":{"url":"https:\/\/pubeurope.com\/@fr\/114834584897522672","error":""},"_links":{"self":[{"href":"https:\/\/www.europesays.com\/fr\/wp-json\/wp\/v2\/posts\/242427","targetHints":{"allow":["GET"]}}],"collection":[{"href":"https:\/\/www.europesays.com\/fr\/wp-json\/wp\/v2\/posts"}],"about":[{"href":"https:\/\/www.europesays.com\/fr\/wp-json\/wp\/v2\/types\/post"}],"author":[{"embeddable":true,"href":"https:\/\/www.europesays.com\/fr\/wp-json\/wp\/v2\/users\/2"}],"replies":[{"embeddable":true,"href":"https:\/\/www.europesays.com\/fr\/wp-json\/wp\/v2\/comments?post=242427"}],"version-history":[{"count":0,"href":"https:\/\/www.europesays.com\/fr\/wp-json\/wp\/v2\/posts\/242427\/revisions"}],"wp:featuredmedia":[{"embeddable":true,"href":"https:\/\/www.europesays.com\/fr\/wp-json\/wp\/v2\/media\/242428"}],"wp:attachment":[{"href":"https:\/\/www.europesays.com\/fr\/wp-json\/wp\/v2\/media?parent=242427"}],"wp:term":[{"taxonomy":"category","embeddable":true,"href":"https:\/\/www.europesays.com\/fr\/wp-json\/wp\/v2\/categories?post=242427"},{"taxonomy":"post_tag","embeddable":true,"href":"https:\/\/www.europesays.com\/fr\/wp-json\/wp\/v2\/tags?post=242427"}],"curies":[{"name":"wp","href":"https:\/\/api.w.org\/{rel}","templated":true}]}}