{"id":242429,"date":"2025-07-11T12:24:18","date_gmt":"2025-07-11T12:24:18","guid":{"rendered":"https:\/\/www.europesays.com\/fr\/242429\/"},"modified":"2025-07-11T12:24:18","modified_gmt":"2025-07-11T12:24:18","slug":"ecclestone-livre-son-verdict-sur-leviction-de-horner","status":"publish","type":"post","link":"https:\/\/www.europesays.com\/fr\/242429\/","title":{"rendered":"Ecclestone livre son verdict sur l&rsquo;\u00e9viction de Horner"},"content":{"rendered":"<p>Pour Bernie Ecclestone, <a href=\"https:\/\/fr.motorsport.com\/topic\/christian-horner-evince-de-red-bull\/2770\/\" target=\"_self\" rel=\"noopener\">la chute de Christian Horner<\/a> chez <a href=\"https:\/\/fr.motorsport.com\/team\/red-bull\/553\/\" target=\"_blank\" rel=\"noopener\">Red Bull<\/a> s&rsquo;explique avant tout par la volont\u00e9 du manager britannique de toujours concentrer entre ses mains le maximum de pouvoir dans un environnement qui devenait de plus en plus hostile.<\/p>\n<p>Ami de longue date du d\u00e9sormais ex-patron de Red Bull, Ecclestone l&rsquo;a longtemps c\u00f4toy\u00e9 professionnellement quand il \u00e9tait le directeur g\u00e9n\u00e9ral du Formula One Group jusqu&rsquo;en 2017. En d\u00e9pit de leurs liens et d&rsquo;une discussion entre eux qui s&rsquo;est tenue le 7 juillet dernier, deux jours avant l&rsquo;annonce officielle de la fin du mandat de Horner, la nouvelle a \u00e9galement surpris celui qui fut longtemps le \u00ab\u00a0grand argentier\u00a0\u00bb de la F1.<\/p>\n<p>Lire aussi :<\/p>\n<p>\u00ab\u00a0\u00c0 mon avis, ce doit \u00eatre quelque chose de tr\u00e8s grave\u00a0\u00bb, avait-il dans un premier temps r\u00e9agi, <a href=\"https:\/\/racingnews365.com\/bernie-ecclestone-delivers-verdict-on-christian-horner-axe-its-like-hes-murdered-somebody\" target=\"_blank\" rel=\"noopener\">interrog\u00e9 par RacingNew365<\/a> d\u00e8s ce mercredi. \u00ab\u00a0Je lui ai parl\u00e9 la veille [lundi] et il n&rsquo;\u00e9tait pas au courant. Il le savait peut-\u00eatre, mais il ne me l&rsquo;a pas dit. C&rsquo;\u00e9tait une conversation normale. Nous parlions de Max [Verstappen]. Rien \u00e0 voir avec \u00e7a, sinon il me l&rsquo;aurait dit.\u00a0\u00bb<\/p>\n<p>\u00ab\u00a0Tout ce que je sais, c&rsquo;est le message que le monde entier a re\u00e7u, \u00e0 savoir qu&rsquo;il a \u00e9t\u00e9 licenci\u00e9 avec effet imm\u00e9diat. C&rsquo;est l&rsquo;effet imm\u00e9diat que je ne comprends pas. Pourquoi lui demanderaient-ils de partir avec effet imm\u00e9diat ? C&rsquo;est comme s&rsquo;il avait assassin\u00e9 quelqu&rsquo;un.\u00a0\u00bb<\/p>\n<p>\u00ab\u00a0On peut comprendre que, si l&rsquo;on doit licencier quelqu&rsquo;un, il y ait une discussion pr\u00e9alable et que l&rsquo;on en vienne \u00e0 quelque chose comme &lsquo;Nous sommes d&rsquo;accord pour nous s\u00e9parer&rsquo;, ou un truc du genre. Mais pour dire &lsquo;Tu es licenci\u00e9 avec effet imm\u00e9diat&rsquo;, il a d\u00fb faire quelque chose d&rsquo;un peu radical. Admettons qu&rsquo;ils soient m\u00e9contents des r\u00e9sultats, ce que je peux comprendre, c&rsquo;est une chose, mais qu&rsquo;il soit licenci\u00e9 imm\u00e9diatement, c&rsquo;est une toute autre chose.\u00a0\u00bb<\/p>\n<p>Horner s&rsquo;est conduit \u00ab\u00a0comme un idiot\u00a0\u00bb<br \/>\n   <img decoding=\"async\" draggable=\"false\" src=\"https:\/\/www.europesays.com\/fr\/wp-content\/uploads\/2025\/07\/1752236658_372_christian-horner-red-bull-raci.jpg\" alt=\"Christian Horner, Red Bull Racing\" width=\"1200\" height=\"800\" loading=\"lazy\"\/> <\/p>\n<p class=\"title\">Christian Horner, Red Bull Racing<\/p>\n<p class=\"photographer\">Photo de: Red Bull Content Pool<\/p>\n<p>Les 18 derniers mois du r\u00e8gne de Christian Horner chez Red Bull, entam\u00e9 en 2005 au moment o\u00f9 l&rsquo;\u00e9curie est arriv\u00e9e en Formule 1, ont \u00e9t\u00e9 marqu\u00e9s par plusieurs \u00e9pisodes de turbulences. Le premier d&rsquo;entre eux, qui a en fait servi de r\u00e9v\u00e9lateur \u00e0 une situation interne bien plus complexe qu&rsquo;il n&rsquo;y paraissait \u00e0 l&rsquo;\u00e9poque, fut \u00e9videmment celui <a href=\"https:\/\/fr.motorsport.com\/topic\/affaire-christian-horner\/2587\/\" target=\"_blank\" rel=\"noopener\">des accusations de comportement inappropri\u00e9 envers une employ\u00e9e<\/a>.<\/p>\n<p>Une situation finalement contenue par plusieurs enqu\u00eates internes qui ont blanchi Horner, mais qui fait dire \u00e0 Ecclestone que son ami n&rsquo;a pas mesur\u00e9 toutes les cons\u00e9quences de son comportement.\u00a0\u00ab\u00a0Cette autre affaire dans laquelle il s&rsquo;est retrouv\u00e9 impliqu\u00e9 il y a 18 mois, il s&rsquo;est tout simplement conduit comme un idiot\u00a0\u00bb, a-t-il lanc\u00e9 dans\u00a0<a href=\"https:\/\/www.telegraph.co.uk\/formula-1\/2025\/07\/10\/bernie-ecclestone-chistian-horner-red-bull-exit-mistake\/\" target=\"_blank\" rel=\"noopener\">un entretien pour The Telegraph<\/a>. \u00ab\u00a0C&rsquo;est un homme de 50 ans qui s&rsquo;est comport\u00e9 comme s&rsquo;il en avait 20, qui se prenait pour un jeune.\u00a0\u00bb<\/p>\n<blockquote>\n<p>Tant que vous \u00eates performant, les gens ferment les yeux. Mais d\u00e8s que vous cessez de l&rsquo;\u00eatre, les gens commencent \u00e0 regarder de pr\u00e8s.<\/p>\n<\/blockquote>\n<p>Au-del\u00e0 de cette \u00ab\u00a0affaire Horner\u00a0\u00bb qui l&rsquo;a indubitablement fragilis\u00e9, Ecclestone estime que Horner a sans doute surtout pay\u00e9 son omnipotence au sein de la branche F1 de Red Bull\u00a0:\u00a0\u00ab\u00a0Il aurait probablement mieux valu qu&rsquo;ils disent &lsquo;Allez, Christian, calme-toi&rsquo;. Mais le fait est qu&rsquo;il y a des gens l\u00e0-bas qui pensaient qu&rsquo;il s&rsquo;en tirait \u00e0 bon compte, qu&rsquo;il agissait comme si ce n&rsquo;\u00e9tait pas le Red Bull Ring, mais le &lsquo;Christian Horner Ring&rsquo;. Il y a\u00a0tellement de fois o\u00f9 il s&rsquo;en est bien sorti. Et tant que vous \u00eates performant, les gens ferment les yeux. Mais d\u00e8s que vous cessez de l&rsquo;\u00eatre, les gens commencent \u00e0 regarder de pr\u00e8s. Une ou deux personnes commencent \u00e0 penser\u00a0: &lsquo;Eh bien, je pourrais faire mieux&rsquo;.\u00a0\u00bb<\/p>\n<p>Au moment o\u00f9 l&rsquo;affaire Horner a \u00e9clat\u00e9, l&rsquo;\u00e9curie Red Bull sortait d&rsquo;une saison \u00e9clatante sur le plan sportif et s&rsquo;appr\u00eatait \u00e0 dominer le d\u00e9but de saison 2024. Mais en interne, il a rapidement \u00e9t\u00e9 clair qu&rsquo;il y avait, sur la fa\u00e7on dont les choses \u00e9taient g\u00e9r\u00e9es, \u00e0 la fois un d\u00e9chirement entre les clans tha\u00eflandais et autrichien &#8211; ce dernier souhaitant reprendre plus de contr\u00f4le sur la gestion de l&rsquo;\u00e9curie &#8211; et entre tout ou partie du clan Verstappen &#8211; dont le p\u00e8re du pilote, Jos, particuli\u00e8rement v\u00e9h\u00e9ment &#8211; et Horner.<\/p>\n<p>Lire aussi :<\/p>\n<p>\u00ab\u00a0Honn\u00eatement, c&rsquo;\u00e9tait un peu confus\u00a0\u00bb, constate Ecclestone. \u00ab\u00a0Christian \u00e9tait le directeur g\u00e9n\u00e9ral. Si je suis le directeur g\u00e9n\u00e9ral d&rsquo;une entreprise, je veux \u00eatre aux commandes. Je veux faire tout ce que je pense \u00eatre juste, et si je me trompe, on peut me licencier, on peut me dire &lsquo;D\u00e9sol\u00e9, au revoir, tu as commis des erreurs&rsquo;. Donc, d\u00e8s que Christian n&rsquo;\u00e9tait plus en position de faire ce qu&rsquo;il pensait devoir faire, cela devenait difficile pour lui. On ne peut pas g\u00e9rer quelque chose \u00e0 moiti\u00e9. Il faut quelqu&rsquo;un, je le dis toujours, pour allumer et \u00e9teindre la lumi\u00e8re. Tout ce qu&rsquo;il faut, c&rsquo;est une seule personne.\u00a0\u00bb<\/p>\n<p>Ecclestone juge que la volont\u00e9 de Horner se s&rsquo;accrocher \u00e0 ce fonctionnement a \u00e9t\u00e9 un catalyseur dans sa chute\u00a0: \u00ab\u00a0Je sais qu&rsquo;on lui a sugg\u00e9r\u00e9 d&rsquo;\u00eatre simplement directeur d&rsquo;\u00e9quipe et de laisser le c\u00f4t\u00e9 commercial \u00e0 quelqu&rsquo;un d&rsquo;autre. Mais sa vision \u00e9tait &lsquo;Je suis le directeur g\u00e9n\u00e9ral&rsquo;.\u00a0\u00bb<\/p>\n<p>L&rsquo;importance du d\u00e9c\u00e8s de Mateschitz<br \/>\n   <img decoding=\"async\" draggable=\"false\" src=\"https:\/\/www.europesays.com\/fr\/wp-content\/uploads\/2025\/07\/f1-spanish-gp-2017-christian-horner-red-bull-racing-team-principal-and-dietrich-mateschitz.jpg\" alt=\"Christian Horner et Dietrich Mateschitz en 2017.\" width=\"1200\" height=\"800\" loading=\"lazy\"\/> <\/p>\n<p class=\"title\">Christian Horner et Dietrich Mateschitz en 2017.<\/p>\n<p class=\"photographer\">Photo de: Sutton Images<\/p>\n<p>Le point de d\u00e9part de cette situation d&rsquo;instabilit\u00e9 remonte sans doute \u00e0 la fin de saison 2022 quand Dietrich Mateschitz, cofondateur de Red Bull et qui \u00e9tait \u00e0 la barre c\u00f4t\u00e9 F1, est d\u00e9c\u00e9d\u00e9. Si, sur le plan sportif, l&rsquo;\u00e9curie \u00e9tait en pleine phase de domination &#8211; elle venait de remporter le titre pilotes et allait glaner celui des constructeurs avant d&rsquo;\u00e9craser la campagne 2023 -, ce qui a temporairement prot\u00e9g\u00e9 Horner, Ecclestone pense que la pr\u00e9sence de Mateschitz aurait profond\u00e9ment chang\u00e9 la donne : \u00ab\u00a0Quand le vrai patron \u00e9tait en vie, il aurait senti qu&rsquo;il y avait des probl\u00e8mes au sein du groupe. Il se serait dit\u00a0: &lsquo;Je ferais mieux de m&rsquo;impliquer, de voir ce qui se passe et de rectifier le tir&rsquo;.\u00a0\u00bb<\/p>\n<p>Sous la direction de Horner, Red Bull Racing est pass\u00e9e d&rsquo;une \u00e9curie de milieu\/fond de tableau \u00e0 une structure de pointe de la discipline. Elle a remport\u00e9 un total de 14 titres mondiaux (huit chez les pilotes, six chez les constructeurs) ainsi que 124 victoires en 405 Grands Prix. \u00ab\u00a0Bon sang, qui d&rsquo;autre a accompli ce qu&rsquo;il a accompli en Formule 1 ? Juste en termes de r\u00e9sultats ?\u00a0\u00bb, interroge Ecclestone.<\/p>\n<p>\u00ab\u00a0Il y a tr\u00e8s peu de cadres capables de tout faire, de l&rsquo;ing\u00e9nierie aux relations publiques. Il dirigeait l&rsquo;entreprise comme il pensait qu&rsquo;elle devait \u00eatre dirig\u00e9e. Pendant longtemps, les gens \u00e9taient dispos\u00e9s \u00e0 dire &lsquo;D&rsquo;accord, tr\u00e8s bien, il fait le job&rsquo;. Mais d\u00e8s que vous faites un faux pas, les gens vous regardent et se disent &lsquo;Attends un peu&rsquo;. Christian a remport\u00e9 de nombreux championnats. Il \u00e9tait habitu\u00e9 \u00e0 gagner. Ce n&rsquo;est donc pas facile quand vous ne gagnez pas, surtout quand vous savez que ce n&rsquo;est pas enti\u00e8rement de votre faute\u00a0\u00bb, conclut le Britannique de 94 ans.<\/p>\n<p>Lire aussi :<\/p>\n<p>Dans cet article<\/p>\n<p>Soyez le premier inform\u00e9 et souscrivez aux alertes mails pour recevoir les infos en temps r\u00e9el<\/p>\n<p>    S&rsquo;abonner aux alertes de news<\/p>\n","protected":false},"excerpt":{"rendered":"Pour Bernie Ecclestone, la chute de Christian Horner chez Red Bull s&rsquo;explique avant tout par la volont\u00e9 du&hellip;\n","protected":false},"author":2,"featured_media":242430,"comment_status":"","ping_status":"","sticky":false,"template":"","format":"standard","meta":{"footnotes":""},"categories":[9],"tags":[38197,3380,1454,1011,27,2255,60],"class_list":{"0":"post-242429","1":"post","2":"type-post","3":"status-publish","4":"format-standard","5":"has-post-thumbnail","7":"category-sports","8":"tag-bernie-ecclestone","9":"tag-christian-horner","10":"tag-formule-1","11":"tag-fr","12":"tag-france","13":"tag-red-bull","14":"tag-sports"},"share_on_mastodon":{"url":"https:\/\/pubeurope.com\/@fr\/114834588593064565","error":""},"_links":{"self":[{"href":"https:\/\/www.europesays.com\/fr\/wp-json\/wp\/v2\/posts\/242429","targetHints":{"allow":["GET"]}}],"collection":[{"href":"https:\/\/www.europesays.com\/fr\/wp-json\/wp\/v2\/posts"}],"about":[{"href":"https:\/\/www.europesays.com\/fr\/wp-json\/wp\/v2\/types\/post"}],"author":[{"embeddable":true,"href":"https:\/\/www.europesays.com\/fr\/wp-json\/wp\/v2\/users\/2"}],"replies":[{"embeddable":true,"href":"https:\/\/www.europesays.com\/fr\/wp-json\/wp\/v2\/comments?post=242429"}],"version-history":[{"count":0,"href":"https:\/\/www.europesays.com\/fr\/wp-json\/wp\/v2\/posts\/242429\/revisions"}],"wp:featuredmedia":[{"embeddable":true,"href":"https:\/\/www.europesays.com\/fr\/wp-json\/wp\/v2\/media\/242430"}],"wp:attachment":[{"href":"https:\/\/www.europesays.com\/fr\/wp-json\/wp\/v2\/media?parent=242429"}],"wp:term":[{"taxonomy":"category","embeddable":true,"href":"https:\/\/www.europesays.com\/fr\/wp-json\/wp\/v2\/categories?post=242429"},{"taxonomy":"post_tag","embeddable":true,"href":"https:\/\/www.europesays.com\/fr\/wp-json\/wp\/v2\/tags?post=242429"}],"curies":[{"name":"wp","href":"https:\/\/api.w.org\/{rel}","templated":true}]}}