{"id":242433,"date":"2025-07-11T12:26:15","date_gmt":"2025-07-11T12:26:15","guid":{"rendered":"https:\/\/www.europesays.com\/fr\/242433\/"},"modified":"2025-07-11T12:26:15","modified_gmt":"2025-07-11T12:26:15","slug":"tv-les-4-grandes-tendances-a-suivre-en-2025","status":"publish","type":"post","link":"https:\/\/www.europesays.com\/fr\/242433\/","title":{"rendered":"TV : les 4 grandes tendances \u00e0 suivre en 2025"},"content":{"rendered":"<p>                    <a aria-label=\"TCL 65C89K\" href=\"https:\/\/www.lesnumeriques.com\/tv-televiseur\/tcl-65c89k-p76748.html\" rel=\"nofollow noopener\" target=\"_blank\">TCL 65C89K<\/a><\/p>\n<p>                                                <a href=\"https:\/\/www.lesnumeriques.com\/tv-televiseur\/tcl-65c89k-p76748.html\" title=\"TCL 65C89K\" rel=\"nofollow noopener\" target=\"_blank\"><\/p>\n<p>            <img loading=\"lazy\" decoding=\"async\" src=\"data:image\/svg+xml,%3Csvg xmlns='http:\/\/www.w3.org\/2000\/svg'%3E%3C\/svg%3E\" draggable=\"false\" width=\"452\" height=\"254\" class=\"ed__title-xxs\" alt=\"TCL 65C89K\"\/><\/p>\n<p>            <img loading=\"lazy\" decoding=\"async\" src=\"https:\/\/cdn.lesnumeriques.com\/assets\/2025\/06\/30\/1751296864215\/newebfrontstyleguide\/build\/img\/svg\/award-v.svg\" alt=\"5 \u00e9toiles par LesNum\u00e9riques.com\" width=\"165\" height=\"80\"\/><\/p>\n<p>                <\/a><\/p>\n<p>Note Les Num\u00e9riques<\/p>\n<p>                <img decoding=\"async\" draggable=\"false\" src=\"https:\/\/www.europesays.com\/fr\/wp-content\/uploads\/2025\/06\/1751297833_640_rating_ed@x1.png\"  alt=\"Note de la r\u00e9daction: 5 sur 5\"\/><\/p>\n<p>\tDonnez votre avis\n                                                                    <\/p>\n<ul class=\"pr__m-pt__lst is--active\" data-table-content=\"146543\" role=\"list\">\n<li class=\"pr__m-pt__lst__itm \" role=\"listitem\">\n<p>            <a href=\"https:\/\/prix.lesnums.com\/offer\/eyJwcmljZUlkIjo0Mzk2NDYsInNpdGVJZCI6MSwib2ZmZXJJZCI6IjEtMjE1NDYwNzMiLCJmZWVkSWQiOjIzfQ==\" class=\"pr__m-pt__lst__itm__lnk js-price-lead js-track-price-url\" data-source=\"TP\" data-track-action=\"Fnac.com\" data-track-label=\"TCL 65C89K\" data-track-brand=\"TCL\" data-track-price=\"1 299.00\" data-variant=\"Clic prix sortant variant merged_offers_new_refurbished\" target=\"_blank\" rel=\"nofollow noopener\" aria-label=\"Voir l&#039;offre\" title=\"TV QD-Mini LED Tcl 65C89K 164 cm 4K UHD 2025 Aluminium bross\u00e9\"><\/p>\n<p>                    <img decoding=\"async\" src=\"https:\/\/www.europesays.com\/fr\/wp-content\/uploads\/2025\/07\/1752126194_165_fnac-com-0199b999.png\" alt=\"Fnac.com\" loading=\"lazy\" intrinsicsize=\"16x16\" width=\"16\" height=\"16\"\/><br \/>\n                    Fnac.com<\/p>\n<p>\n                1 299,00\u00a0\u20ac                    Neuf<\/p>\n<\/li>\n<li class=\"pr__m-pt__lst__itm \" role=\"listitem\">\n<p>            <a href=\"https:\/\/prix.lesnums.com\/offer\/eyJwcmljZUlkIjo0Mzk2NDYsInNpdGVJZCI6MSwib2ZmZXJJZCI6Ijc5OTM1NDQiLCJmZWVkSWQiOjd9\" class=\"pr__m-pt__lst__itm__lnk js-price-lead js-track-price-url\" data-source=\"TP\" data-track-action=\"Darty.com\" data-track-label=\"TCL 65C89K\" data-track-brand=\"TCL\" data-track-price=\"1 299.00\" data-variant=\"Clic prix sortant variant merged_offers_new_refurbished\" target=\"_blank\" rel=\"nofollow noopener\" aria-label=\"Voir l&#039;offre\" title=\"65C89K QD-MiniLed Syst\u00e8me Bang &amp; Olufsen 144 Hz 4K 164 cm 2025\"><\/p>\n<p>                    <img decoding=\"async\" src=\"https:\/\/www.europesays.com\/fr\/wp-content\/uploads\/2025\/07\/1752126195_354_darty-com-0e0323cc.png\" alt=\"Darty.com\" loading=\"lazy\" intrinsicsize=\"16x16\" width=\"16\" height=\"16\"\/><br \/>\n                    Darty.com<\/p>\n<p>\n                1 338,00\u00a0\u20ac                    Neuf<\/p>\n<\/li>\n<li class=\"pr__m-pt__lst__itm \" role=\"listitem\">\n<p>            <a href=\"https:\/\/prix.lesnums.com\/offer\/eyJwcmljZUlkIjo0Mzk2NDYsInNpdGVJZCI6MSwib2ZmZXJJZCI6IjEtMjE1NDYwNzMiLCJmZWVkSWQiOjI2M30=\" class=\"pr__m-pt__lst__itm__lnk js-price-lead js-track-price-url\" data-source=\"TP\" data-track-action=\"Fnac.com marketplace\" data-track-label=\"TCL 65C89K\" data-track-brand=\"TCL\" data-track-price=\"1 299.00\" data-variant=\"Clic prix sortant variant merged_offers_new_refurbished\" target=\"_blank\" rel=\"nofollow noopener\" aria-label=\"Voir l&#039;offre\" title=\"TV QD-Mini LED Tcl 65C89K 164 cm 4K UHD 2025 Aluminium bross\u00e9\"><\/p>\n<p>                    <img decoding=\"async\" src=\"https:\/\/www.europesays.com\/fr\/wp-content\/uploads\/2025\/07\/1752126196_994_fnac-com-marketplace-0610d2db.png\" alt=\"Fnac.com marketplace\" loading=\"lazy\" intrinsicsize=\"16x16\" width=\"16\" height=\"16\"\/><br \/>\n                    Fnac.com marketplace<\/p>\n<p>\n                1 338,00\u00a0\u20ac                    Neuf<\/p>\n<\/li>\n<li class=\"pr__m-pt__lst__itm \" role=\"listitem\">\n<p>            <a href=\"https:\/\/prix.lesnums.com\/offer\/eyJwcmljZUlkIjo0Mzk2NDYsInNpdGVJZCI6MSwib2ZmZXJJZCI6IjQ2MTQ5NyIsImZlZWRJZCI6MTE4NX0=\" class=\"pr__m-pt__lst__itm__lnk js-price-lead js-track-price-url\" data-source=\"TP\" data-track-action=\"Pixmania\" data-track-label=\"TCL 65C89K\" data-track-brand=\"TCL\" data-track-price=\"1 508.60\" data-variant=\"Clic prix sortant variant merged_offers_new_refurbished\" target=\"_blank\" rel=\"nofollow noopener\" aria-label=\"Voir l&#039;offre\" title=\"TCL 65C89K QD-MiniLed Syst\u00e8me Bang &amp; Olufsen 144 Hz 4K 164 cm 2025\"><\/p>\n<p>                    <img decoding=\"async\" src=\"https:\/\/www.europesays.com\/fr\/wp-content\/uploads\/2025\/07\/1752126199_258_pixmania-d02b3e81.png\" alt=\"Pixmania\" loading=\"lazy\" intrinsicsize=\"16x16\" width=\"16\" height=\"16\"\/><br \/>\n                    Pixmania<\/p>\n<p>\n                1 508,60\u00a0\u20ac                    Neuf<\/p>\n<\/li>\n<li class=\"pr__m-pt__lst__itm \" role=\"listitem\">\n<p>            <a href=\"https:\/\/prix.lesnums.com\/offer\/eyJwcmljZUlkIjo0Mzk2NDYsInNpdGVJZCI6MSwib2ZmZXJJZCI6Ijc5OTM1NDQiLCJmZWVkSWQiOjM5M30=\" class=\"pr__m-pt__lst__itm__lnk js-price-lead js-track-price-url\" data-source=\"TP\" data-track-action=\"Darty Marketplace\" data-track-label=\"TCL 65C89K\" data-track-brand=\"TCL\" data-track-price=\"1 599.18\" data-variant=\"Clic prix sortant variant merged_offers_new_refurbished\" target=\"_blank\" rel=\"nofollow noopener\" aria-label=\"Voir l&#039;offre\" title=\"65C89K QD-MiniLed Syst\u00e8me Bang &amp; Olufsen 144 Hz 4K 164 cm 2025\"><\/p>\n<p>                    <img decoding=\"async\" src=\"https:\/\/www.europesays.com\/fr\/wp-content\/uploads\/2025\/07\/1752126201_20_darty-markeplace-780cd2bd.png\" alt=\"Darty Marketplace\" loading=\"lazy\" intrinsicsize=\"16x16\" width=\"16\" height=\"16\"\/><br \/>\n                    Darty Marketplace<\/p>\n<p>\n                1 599,18\u00a0\u20ac                    Neuf<\/p>\n<\/li>\n<\/ul>\n<p>\n            Fonctionnement du tableau de prix\n        <\/p>\n<p>\n\tD\u00e9sactivez votre bloqueur de publicit\u00e9s pour acc\u00e9der \u00e0 tous les liens ci-dessus.\n<\/p>\n<p class=\"ed__a-p ed__bdy__l\">Le petit monde des t\u00e9l\u00e9viseurs \u00e9volue par petites touches au fil des innovations propos\u00e9es par les grands fabricants de dalles. Si le passage \u00e0 la\u00a04K et l\u2019am\u00e9lioration de la qualit\u00e9 d\u2019image ont \u00e9t\u00e9 au centre des pr\u00e9occupations pendant un temps, c\u2019est la luminosit\u00e9 qui semble capter toutes les attentions depuis la perc\u00e9e du HDR sur le march\u00e9.<\/p>\n<p class=\"ed__a-p ed__bdy__l\"><img loading=\"lazy\" decoding=\"async\" src=\"data:image\/svg+xml,%3Csvg xmlns='http:\/\/www.w3.org\/2000\/svg'%3E%3C\/svg%3E\" draggable=\"false\" width=\"6016\" height=\"4016\" class=\"ed__title-xxs\" alt=\"Le LG G5 lors de notre test.\" style=\"background-color: #f2f2f2; aspect-ratio:6016\/4016;\"\/><\/p>\n<p>Le LG G5 lors de notre test.<\/p>\n<\/p>\n<p>            Publicit\u00e9, votre contenu continue ci-dessous<\/p>\n<p>        Publicit\u00e9<\/p>\n<p class=\"ed__a-p ed__bdy__l\">Dans cette \u00e9volution r\u00e9guli\u00e8re, l\u2019ann\u00e9e 2025 marque toutefois une \u00e9tape assez importante pour nos TV avec des Oled qui ont su se r\u00e9inventer face \u00e0 la concurrence, des Mini-Led au sommet de leur forme, une technologie RGB Mini-Led qui se profile \u00e0 l\u2019horizon, sans oublier une IA pour le moment assez bancale. Voici ce qu\u2019il faut retenir pour cette ann\u00e9e.<\/p>\n<p>Oled et QD-Oled\u00a0: un grand bond en avant pour la luminosit\u00e9<\/p>\n<p class=\"ed__a-p ed__bdy__l\">C\u2019\u00e9tait un reproche r\u00e9current ces derni\u00e8res ann\u00e9es\u00a0: les t\u00e9l\u00e9viseurs Oled manquaient de punch en pleine journ\u00e9e et commen\u00e7aient \u00e0 se faire s\u00e9rieusement devancer par des Mini-Led battant tous les records, en HDR notamment. En 2025, LG et Samsung ont toutefois mis un coup d\u2019acc\u00e9l\u00e9rateur sur leurs mod\u00e8les haut de gamme <a href=\"https:\/\/www.lesnumeriques.com\/tv-televiseur\/lg-65g5-p76168\/test.html\" title=\"LG 65G5 : un des meilleurs TV Oled, tout simplement\" rel=\"nofollow noopener\" target=\"_blank\">G5<\/a> et <a href=\"https:\/\/www.lesnumeriques.com\/tv-televiseur\/samsung-65s95f-p76170\/test.html\" title=\"Samsung S95F\u00a0: dites adieu aux reflets avec ce TV QD-Oled ultra lumineux et polyvalent\" rel=\"nofollow noopener\" target=\"_blank\">S95F<\/a> avec une nouvelle architecture de dalle \u00e0 quatre couches Tandem Oled pour LG, cinq couches pour Samsung.<\/p>\n<p class=\"ed__a-p ed__bdy__l\"><img loading=\"lazy\" decoding=\"async\" src=\"data:image\/svg+xml,%3Csvg xmlns='http:\/\/www.w3.org\/2000\/svg'%3E%3C\/svg%3E\" draggable=\"false\" width=\"832\" height=\"592\" class=\"ed__title-xxs\" alt=\"\" style=\"background-color: #f2f2f2; aspect-ratio:832\/592;\"\/><\/p>\n<p class=\"ed__a-p ed__bdy__l\">R\u00e9sultat, un pic lumineux qui passe d\u2019environ 1600\u00a0cd\/m\u00b2 en 2024 \u00e0 2200\u00a0cd\/m\u00b2 (S95F) et 2300\u00a0cd\/m\u00b2 (LG\u00a0G5), soit un gain g\u00e9n\u00e9rationnel \u00e9norme et appr\u00e9ciable. Les contenus HDR gagnent en impact visuel, les sc\u00e8nes lumineuses \u00e9clatent \u00e0 l\u2019\u00e9cran, sans perdre la richesse des noirs infinis propre \u00e0 l\u2019Oled. La technologie reste la meilleure du moment avec ses contrastes, ses excellents angles de vision et sa couverture colorim\u00e9trique in\u00e9gal\u00e9e.<\/p>\n<p>            Publicit\u00e9, votre contenu continue ci-dessous<\/p>\n<p>        Publicit\u00e9<\/p>\n<p>Une technologie Mini-Led au sommet<\/p>\n<p class=\"ed__a-p ed__bdy__l\">S\u2019il est un mod\u00e8le qui a surpris en 2025, c\u2019est bien le <a href=\"https:\/\/www.lesnumeriques.com\/tv-televiseur\/tcl-65c89k-p76748\/test.html\" title=\"TCL 65C89K : la nouvelle r\u00e9f\u00e9rence Mini-Led du march\u00e9 \u00e0 un tarif d\u00e9fiant toute concurrence\" rel=\"nofollow noopener\" target=\"_blank\">TCL 65C89K<\/a>. Ce t\u00e9l\u00e9viseur Mini-Led s\u2019impose comme le meilleur Mini-Led jamais pass\u00e9 sur notre banc d\u2019essai\u00a0; c\u2019est m\u00eame le premier \u00e0 avoir obtenu la note de 5\u00a0\u00e9toiles dans notre comparatif.<\/p>\n<p class=\"ed__a-p ed__bdy__l\">La gestion du local dimming est tout simplement impressionnante avec des noirs profonds et un blooming contenu gr\u00e2ce \u00e0 sa nouvelle dalle WHVA. On s\u2019approche franchement de l\u2019exp\u00e9rience Oled sur certains contenus, mais avec une image encore plus lumineuse. Le t\u00e9l\u00e9viseur a atteint 3200\u00a0cd\/m\u00b2, \u00e9galant le record du <a href=\"https:\/\/www.lesnumeriques.com\/tv-televiseur\/sony-bravia-9-65xr90-p76012\/test.html\" title=\"Sony Bravia\u00a09 (65XR90) : le t\u00e9l\u00e9viseur le plus lumineux du march\u00e9 est tout simplement \u00e9blouissant\" rel=\"nofollow noopener\" target=\"_blank\">Sony Bravia\u00a09<\/a>.<\/p>\n<p class=\"ed__a-p ed__bdy__l\"><img loading=\"lazy\" decoding=\"async\" src=\"data:image\/svg+xml,%3Csvg xmlns='http:\/\/www.w3.org\/2000\/svg'%3E%3C\/svg%3E\" draggable=\"false\" width=\"5971\" height=\"3986\" class=\"ed__title-xxs\" alt=\"Le C89K est tr\u00e8s tr\u00e8s lumineux.\" style=\"background-color: #f2f2f2; aspect-ratio:5971\/3986;\"\/><\/p>\n<p>Le C89K est tr\u00e8s tr\u00e8s lumineux.<\/p>\n<\/p>\n<p class=\"ed__a-p ed__bdy__l\">Ajoutez \u00e0 cela une interface fluide sous Google\u00a0TV, un syst\u00e8me audio efficace et un tarif bien plus accessible que les t\u00e9nors du march\u00e9, et vous obtenez le rapport qualit\u00e9-prix de 2025. Hisense arrive \u00e9galement avec son Mini-Led U8Q qui devrait afficher de belles performances. Rendez-vous dans quelques jours pour d\u00e9couvrir son test complet.<\/p>\n<p>Le RGB Mini-Led en approche<\/p>\n<p class=\"ed__a-p ed__bdy__l\">Encore cantonn\u00e9e aux prototypes que nous avons pu croiser chez Sony, Samsung et TCL, la technologie RGB Mini-Led pourrait bien faire basculer le LCD dans une nouvelle \u00e8re. D\u00e9j\u00e0 montr\u00e9e chez Hisense avec son UX116 au CES de Las Vegas, elle repose sur un r\u00e9tro\u00e9clairage compos\u00e9 de leds rouges, vertes et bleues, et non des coutumi\u00e8res leds blanches.<\/p>\n<p class=\"ed__a-p ed__bdy__l\"><img loading=\"lazy\" decoding=\"async\" src=\"data:image\/svg+xml,%3Csvg xmlns='http:\/\/www.w3.org\/2000\/svg'%3E%3C\/svg%3E\" draggable=\"false\" width=\"4000\" height=\"3000\" class=\"ed__title-xxs\" alt=\"Le Hisense UX116 que nous avons vu au CES.\" style=\"background-color: #f2f2f2; aspect-ratio:4000\/3000;\"\/><\/p>\n<p>\n                                                                Article recommand\u00e9\u00a0:\u00a0\n    <\/p>\n<p class=\"ed__a-p ed__bdy__l\">Cette approche pr\u00e9sente de nombreux avantages\u00a0: couverture \u00e9tendue du Rec. 2020 (jusqu\u2019\u00e0 97\u00a0%), pic lumineux renforc\u00e9, blooming r\u00e9duit et meilleur contraste per\u00e7u. C&rsquo;est du moins ce qui est clam\u00e9 sur le papier et nous attendons de tester cette technologie pour v\u00e9rifier tout cela dans notre labo.<\/p>\n<p>            Publicit\u00e9, votre contenu continue ci-dessous<\/p>\n<p>        Publicit\u00e9<\/p>\n<p class=\"ed__a-p ed__bdy__l\">Encore r\u00e9serv\u00e9e \u00e0 des mod\u00e8les ultra haut de gamme \u2014\u00a0le UX116 de Hisense co\u00fbtera la bagatelle de 25\u00a0000\u00a0\u20ac quand il sortira \u00e0 l\u2019automne\u00a0\u2014, cette technologie devrait arriver sur des mod\u00e8les plus abordables en 2026.<\/p>\n<p>L\u2019intelligence artificielle encore discr\u00e8te<\/p>\n<p class=\"ed__a-p ed__bdy__l\">Tous les constructeurs s\u2019y mettent et vous en entendez parler (trop) souvent, de nos smartphones \u00e0 nos tondeuses \u00e0 gazon en passant par nos ordinateurs portables. En 2025, l\u2019intelligence artificielle s\u2019est \u00e9galement invit\u00e9e sur nos TV, du traitement d\u2019image \u00e0 l\u2019am\u00e9lioration du son et l\u2019analyse des contenus. Mais en pratique, cela ne rel\u00e8ve pas vraiment d\u2019une v\u00e9ritable IA.<\/p>\n<p class=\"ed__a-p ed__bdy__l\">LG mise par exemple sur un assistant IA qui peut vous aider \u00e0 r\u00e9gler votre t\u00e9l\u00e9viseur ou tenter de r\u00e9soudre des probl\u00e8mes avant de contacter le SAV, mais son usage reste assez gadget. Samsung a pour sa part tent\u00e9 une perc\u00e9e sur la traduction automatique de sous-titres et de l\u2019analyse d\u2019image en direct pour obtenir des informations sur le contenu affich\u00e9. Las, le r\u00e9sultat est somme toute assez limit\u00e9.<\/p>\n<p class=\"ed__a-p ed__bdy__l\">\u00c0 ce jour, l\u2019IA reste surtout un argument marketing, plus qu\u2019un r\u00e9el facteur diff\u00e9renciant au quotidien. Elle gagnera sans doute en pertinence \u00e0 l\u2019avenir, mais il faudra encore patienter pour en avoir un usage concret.<\/p>\n<p>Une belle ann\u00e9e pas encore termin\u00e9e\u00a0!<\/p>\n<p class=\"ed__a-p ed__bdy__l\">L\u2019ann\u00e9e 2025 marque donc une nette progression des technologies d\u2019affichage avec des TV toujours meilleurs. Un excellent mill\u00e9sime pour les amateurs d\u2019image cin\u00e9ma avec de tr\u00e8s bons rapports qualit\u00e9\/prix \u00e0 la clef. Nous n\u2019avons pas encore tout test\u00e9, bien s\u00fbr, et vous donnons rendez-vous tr\u00e8s bient\u00f4t pour la suite de nos tests Philips, Panasonic et Hisense, notamment\u00a0!<\/p>\n<p>            Publicit\u00e9, votre contenu continue ci-dessous<\/p>\n<p>        Publicit\u00e9<\/p>\n<p class=\"ed__a-p ed__bdy__l\">Envie de faire encore plus d\u2019\u00e9conomies ? D\u00e9couvrez <a href=\"https:\/\/www.lesnumeriques.com\/codes-promo.html\" rel=\"nofollow noopener\" target=\"_blank\">nos codes promo<\/a> s\u00e9lectionn\u00e9s pour vous.<\/p>\n","protected":false},"excerpt":{"rendered":"TCL 65C89K Note Les Num\u00e9riques Donnez votre avis Fnac.com 1 299,00\u00a0\u20ac Neuf Darty.com 1 338,00\u00a0\u20ac Neuf Fnac.com marketplace&hellip;\n","protected":false},"author":2,"featured_media":242434,"comment_status":"","ping_status":"","sticky":false,"template":"","format":"standard","meta":{"footnotes":""},"categories":[7],"tags":[1011,27,43,40,41,39,42,44],"class_list":{"0":"post-242433","1":"post","2":"type-post","3":"status-publish","4":"format-standard","5":"has-post-thumbnail","7":"category-sciences-et-technologies","8":"tag-fr","9":"tag-france","10":"tag-science","11":"tag-science-and-technology","12":"tag-sciences","13":"tag-sciences-et-technologies","14":"tag-technologies","15":"tag-technology"},"share_on_mastodon":{"url":"https:\/\/pubeurope.com\/@fr\/114834596810788155","error":""},"_links":{"self":[{"href":"https:\/\/www.europesays.com\/fr\/wp-json\/wp\/v2\/posts\/242433","targetHints":{"allow":["GET"]}}],"collection":[{"href":"https:\/\/www.europesays.com\/fr\/wp-json\/wp\/v2\/posts"}],"about":[{"href":"https:\/\/www.europesays.com\/fr\/wp-json\/wp\/v2\/types\/post"}],"author":[{"embeddable":true,"href":"https:\/\/www.europesays.com\/fr\/wp-json\/wp\/v2\/users\/2"}],"replies":[{"embeddable":true,"href":"https:\/\/www.europesays.com\/fr\/wp-json\/wp\/v2\/comments?post=242433"}],"version-history":[{"count":0,"href":"https:\/\/www.europesays.com\/fr\/wp-json\/wp\/v2\/posts\/242433\/revisions"}],"wp:featuredmedia":[{"embeddable":true,"href":"https:\/\/www.europesays.com\/fr\/wp-json\/wp\/v2\/media\/242434"}],"wp:attachment":[{"href":"https:\/\/www.europesays.com\/fr\/wp-json\/wp\/v2\/media?parent=242433"}],"wp:term":[{"taxonomy":"category","embeddable":true,"href":"https:\/\/www.europesays.com\/fr\/wp-json\/wp\/v2\/categories?post=242433"},{"taxonomy":"post_tag","embeddable":true,"href":"https:\/\/www.europesays.com\/fr\/wp-json\/wp\/v2\/tags?post=242433"}],"curies":[{"name":"wp","href":"https:\/\/api.w.org\/{rel}","templated":true}]}}