{"id":242439,"date":"2025-07-11T12:29:11","date_gmt":"2025-07-11T12:29:11","guid":{"rendered":"https:\/\/www.europesays.com\/fr\/242439\/"},"modified":"2025-07-11T12:29:11","modified_gmt":"2025-07-11T12:29:11","slug":"la-commission-europeenne-va-etudier-les-modalites-de-laccord-franco-britannique-sur-les-migrants","status":"publish","type":"post","link":"https:\/\/www.europesays.com\/fr\/242439\/","title":{"rendered":"La Commission europ\u00e9enne va \u00ab\u00e9tudier\u00bb les modalit\u00e9s de l&rsquo;accord franco-britannique sur les migrants"},"content":{"rendered":"<p>La Commission europ\u00e9enne a annonc\u00e9 \u00e9tudier les modalit\u00e9s de l\u2019accord nou\u00e9 entre la France et le Royaume-Uni au sujet de l\u2019\u00e9change des migrants.<\/p>\n<p class=\"fig-paragraph\">La\u00a0<a href=\"http:\/\/www.lefigaro.fr\/international\/notre-systeme-est-defaillant-la-commission-europeenne-valide-les-hubs-de-retour-pour-migrants-20250311\" target=\"_blank\" data-fig-type=\"Article\" rel=\"noopener nofollow\" data-gtm-custom-categorie=\"navigation\" data-gtm-custom-action=\"crossclick\" data-gtm-custom-label=\"Contextuel\" data-gtm-event=\"customEventSPE\" data-fig-domain=\"LEFIGARO\">Commission europ\u00e9enne<\/a>\u00a0a affirm\u00e9 vendredi 11 juillet qu&rsquo;elle \u00ab\u00e9tudierait\u00bb les modalit\u00e9s de l&rsquo;accord nou\u00e9 entre la France et le Royaume-Uni sur un projet d&rsquo;\u00e9change de\u00a0<a href=\"http:\/\/www.lefigaro.fr\/international\/keir-starmer-annonce-un-accord-pour-un-echange-de-migrants-entre-le-royaume-uni-et-la-france-20250710\" target=\"_blank\" data-fig-type=\"NewsFlash\" rel=\"noopener nofollow\" data-gtm-custom-categorie=\"navigation\" data-gtm-custom-action=\"crossclick\" data-gtm-custom-label=\"Contextuel\" data-gtm-event=\"customEventSPE\" data-fig-domain=\"LEFIGARO\">migrants<\/a>.<\/p>\n<p class=\"fig-paragraph\">\u00abLe nombre croissant de migrants qui traversent clandestinement la Manche est alarmant et n\u00e9cessite une r\u00e9ponse robuste\u00bb, a estim\u00e9 Markus Lammert, porte-parole de l&rsquo;ex\u00e9cutif europ\u00e9en. \u00abEn ce qui concerne la coop\u00e9ration sp\u00e9cifique envisag\u00e9e entre la\u00a0<a href=\"http:\/\/www.lefigaro.fr\/actualite-france\/pres-de-20-000-migrants-ont-traverse-la-manche-depuis-le-1er-janvier-un-record-20250701\" target=\"_blank\" data-fig-type=\"NewsFlash\" rel=\"noopener nofollow\" data-gtm-custom-categorie=\"navigation\" data-gtm-custom-action=\"crossclick\" data-gtm-custom-label=\"Contextuel\" data-gtm-event=\"customEventSPE\" data-fig-domain=\"LEFIGARO\">France<\/a> \u00a0et le\u00a0<a href=\"http:\/\/www.lefigaro.fr\/international\/royaume-uni-plus-de-1100-migrants-arrives-samedi-sur-de-petites-embarcations-20250601\" target=\"_blank\" data-fig-type=\"NewsFlash\" rel=\"noopener nofollow\" data-gtm-custom-categorie=\"navigation\" data-gtm-custom-action=\"crossclick\" data-gtm-custom-label=\"Contextuel\" data-gtm-event=\"customEventSPE\" data-fig-domain=\"LEFIGARO\">Royaume-Uni<\/a> , la Commission \u00e9valuera les modalit\u00e9s concr\u00e8tes de cet accord\u00bb, a-t-il ajout\u00e9.<\/p>\n<p class=\"fig-body-link\">\n            \u00c0 lire aussi<br \/>\n        <a class=\"fig-body-link__link fig-premium-mark\" href=\"http:\/\/www.lefigaro.fr\/international\/keir-starmer-annonce-un-accord-pour-un-echange-de-migrants-entre-le-royaume-uni-et-la-france-20250710\" data-fig-type=\"NewsFlash\" data-gtm-custom-categorie=\"navigation\" data-gtm-custom-action=\"crossclick\" data-gtm-custom-label=\"Contextuel\" data-gtm-event=\"customEventSPE\" data-fig-domain=\"LEFIGARO\" rel=\"nofollow noopener\" target=\"_blank\">La France et le Royaume-Uni signent un accord \u00absans pr\u00e9c\u00e9dent\u00bb sur l\u2019immigration clandestine<br \/>\n    <\/a>\n<\/p>\n<p>                                    <a class=\"fig-a11y-skip a11y-hidden\" href=\"#fig-a11y-skip-main-inarticle\"><br \/>\n        Passer la publicit\u00e9<br \/>\n    <\/a><\/p>\n<p>L\u2019accord doit encore \u00eatre soumis \u00e0 la Commission europ\u00e9enne avant d\u2019\u00eatre sign\u00e9<\/p>\n<p class=\"fig-paragraph\">L&rsquo;accord annonc\u00e9 jeudi, qui doit encore \u00eatre soumis \u00e0 la Commission europ\u00e9enne avant d&rsquo;\u00eatre sign\u00e9, repose sur le principe d\u2019\u00abun pour un\u00bb. Il pr\u00e9voit le renvoi en France d&rsquo;un migrant arrivant au Royaume-Uni par petit bateau, en \u00e9change de quoi Londres s&rsquo;engage \u00e0 accepter un migrant se trouvant en France et exprimant sa volont\u00e9, via une plateforme en ligne, de s&rsquo;installer au Royaume-Uni et justifiant de liens avec ce pays.<\/p>\n<p class=\"fig-paragraph\">En juin, cinq pays de l&rsquo;UE &#8211;\u00a0<a href=\"http:\/\/www.lefigaro.fr\/international\/espagne-une-embarcation-de-migrants-chavire-dans-un-port-des-canaries-au-moins-six-morts-20250528\" target=\"_blank\" data-fig-type=\"NewsFlash\" rel=\"noopener nofollow\" data-gtm-custom-categorie=\"navigation\" data-gtm-custom-action=\"crossclick\" data-gtm-custom-label=\"Contextuel\" data-gtm-event=\"customEventSPE\" data-fig-domain=\"LEFIGARO\">Espagne<\/a>, Gr\u00e8ce,\u00a0<a href=\"http:\/\/www.lefigaro.fr\/international\/en-italie-giorgia-meloni-critiquee-apres-le-transfert-de-migrants-en-albanie-20250414\" target=\"_blank\" data-fig-type=\"Article\" rel=\"noopener nofollow\" data-gtm-custom-categorie=\"navigation\" data-gtm-custom-action=\"crossclick\" data-gtm-custom-label=\"Contextuel\" data-gtm-event=\"customEventSPE\" data-fig-domain=\"LEFIGARO\">Italie<\/a>, Malte et Chypre &#8211; avaient exprim\u00e9 leur \u00abpr\u00e9occupation\u00bb, craignant que la France ne renvoie ensuite les migrants vers le premier pays de l&rsquo;UE dans lequel ils sont arriv\u00e9s. Plus de 21.000 migrants ont travers\u00e9 la Manche depuis le d\u00e9but de l&rsquo;ann\u00e9e, un niveau record.<\/p>\n","protected":false},"excerpt":{"rendered":"La Commission europ\u00e9enne a annonc\u00e9 \u00e9tudier les modalit\u00e9s de l\u2019accord nou\u00e9 entre la France et le Royaume-Uni au&hellip;\n","protected":false},"author":2,"featured_media":242440,"comment_status":"","ping_status":"","sticky":false,"template":"","format":"standard","meta":{"footnotes":""},"categories":[4],"tags":[11,2196,1011,27,12,25,473],"class_list":{"0":"post-242439","1":"post","2":"type-post","3":"status-publish","4":"format-standard","5":"has-post-thumbnail","7":"category-france","8":"tag-actualites","9":"tag-commission-europeenne","10":"tag-fr","11":"tag-france","12":"tag-news","13":"tag-republique-francaise","14":"tag-royaume-uni"},"share_on_mastodon":{"url":"https:\/\/pubeurope.com\/@fr\/114834608301623494","error":""},"_links":{"self":[{"href":"https:\/\/www.europesays.com\/fr\/wp-json\/wp\/v2\/posts\/242439","targetHints":{"allow":["GET"]}}],"collection":[{"href":"https:\/\/www.europesays.com\/fr\/wp-json\/wp\/v2\/posts"}],"about":[{"href":"https:\/\/www.europesays.com\/fr\/wp-json\/wp\/v2\/types\/post"}],"author":[{"embeddable":true,"href":"https:\/\/www.europesays.com\/fr\/wp-json\/wp\/v2\/users\/2"}],"replies":[{"embeddable":true,"href":"https:\/\/www.europesays.com\/fr\/wp-json\/wp\/v2\/comments?post=242439"}],"version-history":[{"count":0,"href":"https:\/\/www.europesays.com\/fr\/wp-json\/wp\/v2\/posts\/242439\/revisions"}],"wp:featuredmedia":[{"embeddable":true,"href":"https:\/\/www.europesays.com\/fr\/wp-json\/wp\/v2\/media\/242440"}],"wp:attachment":[{"href":"https:\/\/www.europesays.com\/fr\/wp-json\/wp\/v2\/media?parent=242439"}],"wp:term":[{"taxonomy":"category","embeddable":true,"href":"https:\/\/www.europesays.com\/fr\/wp-json\/wp\/v2\/categories?post=242439"},{"taxonomy":"post_tag","embeddable":true,"href":"https:\/\/www.europesays.com\/fr\/wp-json\/wp\/v2\/tags?post=242439"}],"curies":[{"name":"wp","href":"https:\/\/api.w.org\/{rel}","templated":true}]}}