{"id":242443,"date":"2025-07-11T12:31:17","date_gmt":"2025-07-11T12:31:17","guid":{"rendered":"https:\/\/www.europesays.com\/fr\/242443\/"},"modified":"2025-07-11T12:31:17","modified_gmt":"2025-07-11T12:31:17","slug":"le-conseil-municipal-de-lhorme-se-positionne-contre-letude-de-faisabilite","status":"publish","type":"post","link":"https:\/\/www.europesays.com\/fr\/242443\/","title":{"rendered":"le conseil municipal de L\u2019Horme se positionne contre l\u2019\u00e9tude de faisabilit\u00e9"},"content":{"rendered":"<p>Il n\u2019a pas fallu de longs d\u00e9bats aux \u00e9lus de la majorit\u00e9 et des oppositions de L\u2019Horme pour se mettre d\u2019accord sur la possibilit\u00e9 qu\u2019une \u00e9tude de faisabilit\u00e9 du projet Stelytec 2 soit r\u00e9alis\u00e9e sur leur commune.<\/p>\n<p>La maire de L\u2019Horme, Audrey Berth\u00e9as, a r\u00e9sum\u00e9 la position du conseil, qu\u2019elle interrogeait pour savoir ce qu\u2019elle devait r\u00e9pondre \u00e0 la demande de cette \u00e9tude\u00a0: \u00ab\u00a0Si on ne veut pas de Stelytec 2 \u00e0 L\u2019Horme, \u00e7a ne sert \u00e0 rien de&#8230;<\/p>\n","protected":false},"excerpt":{"rendered":"Il n\u2019a pas fallu de longs d\u00e9bats aux \u00e9lus de la majorit\u00e9 et des oppositions de L\u2019Horme pour&hellip;\n","protected":false},"author":2,"featured_media":242444,"comment_status":"","ping_status":"","sticky":false,"template":"","format":"standard","meta":{"footnotes":""},"categories":[9653],"tags":[1111,11,2430,1984,33,7539,1777,674,1011,27,38199,12,316,25,24224,4001],"class_list":{"0":"post-242443","1":"post","2":"type-post","3":"status-publish","4":"format-standard","5":"has-post-thumbnail","7":"category-saint-etienne","8":"tag-actu","9":"tag-actualites","10":"tag-auvergne-rhone-alpes","11":"tag-conseil-municipal","12":"tag-economie","13":"tag-edition-loire-sud","14":"tag-eu","15":"tag-europe","16":"tag-fr","17":"tag-france","18":"tag-lhorme","19":"tag-news","20":"tag-politique","21":"tag-republique-francaise","22":"tag-saint-chamond-bassin","23":"tag-saint-etienne"},"share_on_mastodon":{"url":"https:\/\/pubeurope.com\/@fr\/114834616113403813","error":""},"_links":{"self":[{"href":"https:\/\/www.europesays.com\/fr\/wp-json\/wp\/v2\/posts\/242443","targetHints":{"allow":["GET"]}}],"collection":[{"href":"https:\/\/www.europesays.com\/fr\/wp-json\/wp\/v2\/posts"}],"about":[{"href":"https:\/\/www.europesays.com\/fr\/wp-json\/wp\/v2\/types\/post"}],"author":[{"embeddable":true,"href":"https:\/\/www.europesays.com\/fr\/wp-json\/wp\/v2\/users\/2"}],"replies":[{"embeddable":true,"href":"https:\/\/www.europesays.com\/fr\/wp-json\/wp\/v2\/comments?post=242443"}],"version-history":[{"count":0,"href":"https:\/\/www.europesays.com\/fr\/wp-json\/wp\/v2\/posts\/242443\/revisions"}],"wp:featuredmedia":[{"embeddable":true,"href":"https:\/\/www.europesays.com\/fr\/wp-json\/wp\/v2\/media\/242444"}],"wp:attachment":[{"href":"https:\/\/www.europesays.com\/fr\/wp-json\/wp\/v2\/media?parent=242443"}],"wp:term":[{"taxonomy":"category","embeddable":true,"href":"https:\/\/www.europesays.com\/fr\/wp-json\/wp\/v2\/categories?post=242443"},{"taxonomy":"post_tag","embeddable":true,"href":"https:\/\/www.europesays.com\/fr\/wp-json\/wp\/v2\/tags?post=242443"}],"curies":[{"name":"wp","href":"https:\/\/api.w.org\/{rel}","templated":true}]}}