{"id":242445,"date":"2025-07-11T12:32:21","date_gmt":"2025-07-11T12:32:21","guid":{"rendered":"https:\/\/www.europesays.com\/fr\/242445\/"},"modified":"2025-07-11T12:32:21","modified_gmt":"2025-07-11T12:32:21","slug":"ou-voir-les-feux-dartifices-du-14-juillet-dans-la-loire-et-la-haute-loire","status":"publish","type":"post","link":"https:\/\/www.europesays.com\/fr\/242445\/","title":{"rendered":"O\u00f9 voir les feux d\u2019artifices du 14 juillet dans la Loire et la Haute-Loire\u00a0? \u00a0"},"content":{"rendered":"<p>Le 14 juillet approche et avec, les traditionnels feux d&rsquo;artifices ! Plusieurs rendez-vous sont organis\u00e9s dans la Loire et la Haute-Loire.<\/p>\n<p>Le ciel va s&rsquo;illuminer durant la nuit du 14 juillet ! Des feux d&rsquo;artifices sont organis\u00e9s un peu partout dans les villes de la Loire et la Haute-Loire pour c\u00e9l\u00e9brer la f\u00eate nationale.<\/p>\n<p>Ambiance maritime pour Saint-\u00c9tienne<\/p>\n<p>\u00c0 <b>Saint-\u00c9tienne<\/b>, le feu d&rsquo;artifice sera lanc\u00e9 depuis le <b>Z\u00e9nith \u00e0 22h30.<\/b> Il aura pour th\u00e8me cette ann\u00e9e \u00ab\u00a0<a class=\"url\" href=\"https:\/\/www.saint-etienne.fr\/agenda\/feu-dartifice-au-zenith\" target=\"_blank\" rel=\"noopener\">le Ciel, le Z\u00e9nith et la mer<\/a>\u00ab\u00a0. Des chaises et des tables de pique-nique seront mises \u00e0 disposition et des food trucks seront install\u00e9s.<\/p>\n<p>Il y aura \u00e9galement des <b>concerts <\/b>avant et apr\u00e8s le feu d&rsquo;artifice, le tout dans une ambiance guinguette. <\/p>\n<p>Soir\u00e9e disco \u00e0 Roanne <\/p>\n<p>Du c\u00f4t\u00e9 de <b>Roanne<\/b>, la commune a mis\u00e9 sur une \u00ab\u00a0<a class=\"url\" href=\"https:\/\/www.aggloroanne.fr\/ma-collectivite\/culture-et-loisirs\/festivete-a-roanne\/un-14-juillet-sur-les-bords-de-loire-3195.html\" target=\"_blank\" rel=\"noopener\">ambiance boule \u00e0 facettes<\/a>\u00ab\u00a0. Rendez-vous comme chaque ann\u00e9e \u00e0 <b>22h45 en bord de Loire<\/b>. <\/p>\n<p>\u00c0 <b>23h<\/b>, le kiosque des promenades se mettra \u00e0 la f\u00eate pour un <b>bal populaire<\/b> accompagn\u00e9 d&rsquo;un orchestre.<\/p>\n<p>Changement de d\u00e9cor au Puy-en-Velay<\/p>\n<p>Attention pour les Ponots, <a class=\"url\" href=\"https:\/\/www.lepuyenvelay-tourisme.fr\/fete-manifestation\/feu-dartifice-du-14-juillet-au-puy-en-velay\/\" target=\"_blank\" rel=\"noopener\">le feu d&rsquo;artifice change de site<\/a>\u00a0au Puy-en-Velay\u00a0!<\/p>\n<p>Traditionnellement tir\u00e9 depuis le pied du rocher Corneille, cette ann\u00e9e, il<b>\u00a0d\u00e9m\u00e9nage \u00e0 la statue Notre-Dame de France<\/b>. Le spectacle est pr\u00e9vu pour <b>22h45<\/b>.\u00a0<\/p>\n<p>La ville conseille de se rendre \u00e0<b> Le Breuil<\/b>, au secteur<b> Guitard\/Roche Arnaud, Capucins<\/b> ou au <b>p\u00f4le intermodal<\/b> pour avoir la meilleure vue.\u00a0<\/p>\n<p>\u00c0 noter aussi que les sites du rocher Corneille et de la statue Notre-Dame de France seront <b>ferm\u00e9s au public<\/b> toute la journ\u00e9e du 14 juillet.<\/p>\n<p><img loading=\"lazy\" decoding=\"async\" src=\"https:\/\/www.europesays.com\/fr\/wp-content\/uploads\/2025\/07\/1752237141_326_img\" width=\"350\" height=\"200\" border=\"0\" title=\"Les Halles Mazerat ont trouv\u00c3\u00a9 un repreneur et rouvriront d\u00c3\u00a9but 2026 \u00c3\u00a0 Saint-\u00c3\u0089tienne\"\/><\/p>\n<p>\u25baConso<\/p>\n<p style=\"font-size: 22px;\"><b>Saint-\u00c9tienne : les Halles Mazerat rouvriront en 2026 !<\/b><\/p>\n<p>Ce jeudi 10 juillet, La Commune a annonc\u00e9 \u00eatre&#8230;<\/p>\n<p><\/p>\n","protected":false},"excerpt":{"rendered":"Le 14 juillet approche et avec, les traditionnels feux d&rsquo;artifices ! Plusieurs rendez-vous sont organis\u00e9s dans la Loire&hellip;\n","protected":false},"author":2,"featured_media":242446,"comment_status":"","ping_status":"","sticky":false,"template":"","format":"standard","meta":{"footnotes":""},"categories":[9653],"tags":[10915,1111,11,2430,1777,674,19290,1011,27,4002,10444,3367,12,25,9838,4001],"class_list":{"0":"post-242445","1":"post","2":"type-post","3":"status-publish","4":"format-standard","5":"has-post-thumbnail","7":"category-saint-etienne","8":"tag-14-juillet","9":"tag-actu","10":"tag-actualites","11":"tag-auvergne-rhone-alpes","12":"tag-eu","13":"tag-europe","14":"tag-feux-dartifices","15":"tag-fr","16":"tag-france","17":"tag-haute-loire","18":"tag-le-puy-en-velay","19":"tag-loire","20":"tag-news","21":"tag-republique-francaise","22":"tag-roanne","23":"tag-saint-etienne"},"share_on_mastodon":{"url":"https:\/\/pubeurope.com\/@fr\/114834620079238866","error":""},"_links":{"self":[{"href":"https:\/\/www.europesays.com\/fr\/wp-json\/wp\/v2\/posts\/242445","targetHints":{"allow":["GET"]}}],"collection":[{"href":"https:\/\/www.europesays.com\/fr\/wp-json\/wp\/v2\/posts"}],"about":[{"href":"https:\/\/www.europesays.com\/fr\/wp-json\/wp\/v2\/types\/post"}],"author":[{"embeddable":true,"href":"https:\/\/www.europesays.com\/fr\/wp-json\/wp\/v2\/users\/2"}],"replies":[{"embeddable":true,"href":"https:\/\/www.europesays.com\/fr\/wp-json\/wp\/v2\/comments?post=242445"}],"version-history":[{"count":0,"href":"https:\/\/www.europesays.com\/fr\/wp-json\/wp\/v2\/posts\/242445\/revisions"}],"wp:featuredmedia":[{"embeddable":true,"href":"https:\/\/www.europesays.com\/fr\/wp-json\/wp\/v2\/media\/242446"}],"wp:attachment":[{"href":"https:\/\/www.europesays.com\/fr\/wp-json\/wp\/v2\/media?parent=242445"}],"wp:term":[{"taxonomy":"category","embeddable":true,"href":"https:\/\/www.europesays.com\/fr\/wp-json\/wp\/v2\/categories?post=242445"},{"taxonomy":"post_tag","embeddable":true,"href":"https:\/\/www.europesays.com\/fr\/wp-json\/wp\/v2\/tags?post=242445"}],"curies":[{"name":"wp","href":"https:\/\/api.w.org\/{rel}","templated":true}]}}