{"id":242447,"date":"2025-07-11T12:33:16","date_gmt":"2025-07-11T12:33:16","guid":{"rendered":"https:\/\/www.europesays.com\/fr\/242447\/"},"modified":"2025-07-11T12:33:16","modified_gmt":"2025-07-11T12:33:16","slug":"nancy-la-gare-paralysee-et-le-trafic-perturbe-apres-la-decouverte-dun-bagage-abandonne","status":"publish","type":"post","link":"https:\/\/www.europesays.com\/fr\/242447\/","title":{"rendered":"Nancy. La gare paralys\u00e9e et le trafic perturb\u00e9 apr\u00e8s la d\u00e9couverte d&rsquo;un bagage abandonn\u00e9"},"content":{"rendered":"<p>En raison de la d\u00e9couverte d\u2019un bagage abandonn\u00e9, la gare SNCF de Nancy a \u00e9t\u00e9 boucl\u00e9e, et le trafic ferroviaire partiellement \u00e0 l\u2019arr\u00eat, entre 13 h et 14 h environ ce vendredi.<\/p>\n<p>A la gare, seul le hall R\u00e9publique \u00e9tait accessible par les voyageurs, en attendant le d\u00e9blocage de la situation.<\/p>\n<p>Finalement,\u00a0 un jeune homme,\u00a0 qui avait laiss\u00e9 sa sacoche au sol entre les deux halls, s&rsquo;est pr\u00e9sent\u00e9, et l&rsquo;alerte a \u00e9t\u00e9 lev\u00e9e. Les d\u00e9mineurs n&rsquo;ont proc\u00e9d\u00e9 qu&rsquo;\u00e0 un contr\u00f4le d&rsquo;identit\u00e9, et \u00e0 14h la gare a \u00e9t\u00e9 rouverte, pour un retour \u00e0 la normale.<\/p>\n","protected":false},"excerpt":{"rendered":"En raison de la d\u00e9couverte d\u2019un bagage abandonn\u00e9, la gare SNCF de Nancy a \u00e9t\u00e9 boucl\u00e9e, et le&hellip;\n","protected":false},"author":2,"featured_media":242448,"comment_status":"","ping_status":"","sticky":false,"template":"","format":"standard","meta":{"footnotes":""},"categories":[9635],"tags":[1111,11,1704,1777,674,274,1011,27,775,3457,1702,1703,12,25],"class_list":{"0":"post-242447","1":"post","2":"type-post","3":"status-publish","4":"format-standard","5":"has-post-thumbnail","7":"category-nancy","8":"tag-actu","9":"tag-actualites","10":"tag-edition-nancy-et-agglomeration","11":"tag-eu","12":"tag-europe","13":"tag-faits-divers-justice","14":"tag-fr","15":"tag-france","16":"tag-grand-est","17":"tag-meurthe-et-moselle","18":"tag-nancy","19":"tag-nancy-ville-54b","20":"tag-news","21":"tag-republique-francaise"},"share_on_mastodon":{"url":"https:\/\/pubeurope.com\/@fr\/114834623930183953","error":""},"_links":{"self":[{"href":"https:\/\/www.europesays.com\/fr\/wp-json\/wp\/v2\/posts\/242447","targetHints":{"allow":["GET"]}}],"collection":[{"href":"https:\/\/www.europesays.com\/fr\/wp-json\/wp\/v2\/posts"}],"about":[{"href":"https:\/\/www.europesays.com\/fr\/wp-json\/wp\/v2\/types\/post"}],"author":[{"embeddable":true,"href":"https:\/\/www.europesays.com\/fr\/wp-json\/wp\/v2\/users\/2"}],"replies":[{"embeddable":true,"href":"https:\/\/www.europesays.com\/fr\/wp-json\/wp\/v2\/comments?post=242447"}],"version-history":[{"count":0,"href":"https:\/\/www.europesays.com\/fr\/wp-json\/wp\/v2\/posts\/242447\/revisions"}],"wp:featuredmedia":[{"embeddable":true,"href":"https:\/\/www.europesays.com\/fr\/wp-json\/wp\/v2\/media\/242448"}],"wp:attachment":[{"href":"https:\/\/www.europesays.com\/fr\/wp-json\/wp\/v2\/media?parent=242447"}],"wp:term":[{"taxonomy":"category","embeddable":true,"href":"https:\/\/www.europesays.com\/fr\/wp-json\/wp\/v2\/categories?post=242447"},{"taxonomy":"post_tag","embeddable":true,"href":"https:\/\/www.europesays.com\/fr\/wp-json\/wp\/v2\/tags?post=242447"}],"curies":[{"name":"wp","href":"https:\/\/api.w.org\/{rel}","templated":true}]}}