{"id":242449,"date":"2025-07-11T12:34:11","date_gmt":"2025-07-11T12:34:11","guid":{"rendered":"https:\/\/www.europesays.com\/fr\/242449\/"},"modified":"2025-07-11T12:34:11","modified_gmt":"2025-07-11T12:34:11","slug":"a-nancy-la-police-et-les-pompiers-lancent-un-dispositif-vis-ma-vie-inedit-on-vous-explique","status":"publish","type":"post","link":"https:\/\/www.europesays.com\/fr\/242449\/","title":{"rendered":"\u00c0 Nancy, la police et les pompiers lancent un dispositif \u00ab\u00a0Vis ma vie\u00a0\u00bb in\u00e9dit : on vous explique"},"content":{"rendered":"<p>            Par<br \/>\n        <strong><br \/>\n            <a href=\"https:\/\/actu.fr\/auteur\/amandine-mehl\" title=\"Consulter tous les articles de Amandine Mehl\" rel=\"nofollow noopener\" target=\"_blank\">Amandine Mehl<\/a><br \/>\n        <\/strong><\/p>\n<p>        Publi\u00e9 le<\/p>\n<p>            11 juil. 2025 \u00e0 13h55        <\/p>\n<p>Que ce soit \u00e0 <strong>Nancy<\/strong> ou ailleurs en France, <a href=\"https:\/\/actu.fr\/tag\/pompiers\" rel=\"nofollow noopener\" target=\"_blank\">pompiers<\/a> et <strong>policiers<\/strong> ont l\u2019habitude de travailler ensemble. Toutefois, comme cela a \u00e9t\u00e9 le cas il y a quelques ann\u00e9es au sein de la cit\u00e9 ducale, il arrive que des <strong>tensions<\/strong> surviennent en raison des modes d\u2019intervention qui sont diff\u00e9rents, rapporte <strong>Fr\u00e9d\u00e9ric Laissy<\/strong>, directeur interd\u00e9partemental de la <a href=\"https:\/\/actu.fr\/tag\/police\" rel=\"nofollow noopener\" target=\"_blank\">police<\/a> nationale de Meurthe-et-Moselle.<\/p>\n<p class=\" wall-content\">Les tensions \u00e9tant apais\u00e9es depuis, la d\u00e9cision a \u00e9t\u00e9 prise de <strong>renforcer les liens et les \u00e9changes<\/strong> entre les effectifs qui se rencontrent sur le terrain. Pour ce faire, une <strong>op\u00e9ration \u00ab\u2009Vis ma vie\u2009\u00bb<\/strong> a \u00e9t\u00e9 lanc\u00e9e le 5\u00a0juin dernier. Explications.<\/p>\n<p>\u00c0 Nancy, chaque jeudi, un policier et un pompier \u00ab\u2009\u00e9changent leurs uniformes\u2009\u00bb<\/p>\n<p class=\" wall-content\">Chaque jeudi, un policier et un pompier \u00ab\u2009\u00e9changent\u2009\u00bb leurs uniformes. \u00ab\u2009Les policiers font une garde de 7h \u00e0 19h et quand les pompiers viennent chez nous, ils sont pr\u00e9sents de 14h \u00e0 1h du matin, p\u00e9riode durant laquelle <strong>l\u2019activit\u00e9 est la plus forte<\/strong>\u2009\u00bb, d\u00e9taille le <strong>lieutenant Lo\u00efc Doublier<\/strong> qui a lui-m\u00eame particip\u00e9 \u00e0 l\u2019op\u00e9ration d\u00e8s son lancement.<\/p>\n<p class=\" wall-content\">Lorsqu\u2019il est arriv\u00e9 \u00e0 la caserne le 5\u00a0juin dernier, il a particip\u00e9 \u00e0 l\u2019appel avec les autres pompiers avant de les <strong>suivre dans leurs diverses missions<\/strong>. \u00ab\u2009On a fait une grosse v\u00e9rification du mat\u00e9riel. Ensuite, on a tous un bipeur donc on peut \u00eatre appel\u00e9 \u00e0 tout moment, raconte-t-il. On va sur les interventions avec eux, mais <strong>on n\u2019intervient pas<\/strong>, <strong>on observe<\/strong>. Toutefois, <strong>on ne peut pas s\u2019emp\u00eacher de mettre la main \u00e0 la p\u00e2te<\/strong>, car on ne peut pas s\u2019emp\u00eacher d\u2019aider les gens.\u2009\u00bb<\/p>\n<p class=\" wall-content\">Une exp\u00e9rience qu\u2019il qualifie \u00ab\u2009d\u2019<strong>hyper enrichissante<\/strong>\u2009\u00bb et qui lui a permis de mieux comprendre l\u2019organisation des sapeurs-pompiers, diff\u00e9rente de celle de la police.<\/p>\n<p>Vid\u00e9os : en ce moment sur Actu\u00ab\u00a0Travailler plus efficacement et plus intelligemment\u00a0\u00bb<\/p>\n<p class=\" wall-content\">Et c\u2019est justement l\u00e0 <strong>le but<\/strong> de ce dispositif <strong>pour Fr\u00e9d\u00e9ric Laissy et le colonel Jean-Philippe Gueugneau<\/strong> du SDIS 54. \u00ab\u2009Ce projet va permettre de <strong>briser certaines incompr\u00e9hensions<\/strong>. Policiers et pompiers n\u2019ont pas du tout les m\u00eames modes d\u2019intervention. Il y a aussi une dimension ludique dans le fait d\u2019apprendre intelligemment et en d\u00e9veloppant la connaissance des uns et des autres tout en \u00e9tant en immersion. De plus, <strong>on pourra adapter nos process pour travailler plus efficacement et plus intelligemment<\/strong>\u2009\u00bb, souligne le directeur interd\u00e9partemental de la police nationale de Meurthe-et-Moselle.<\/p>\n<blockquote class=\"ac-article-quote wall-content\">\n<p>Conna\u00eetre en amont les proc\u00e9dures des diff\u00e9rents services, se rencontrer\u2026 \u00e7a permet de fluidifier les proc\u00e9dures lors des interventions. On a d\u00e9j\u00e0 un protocole qui existe dans le cadre des violences urbaines, mais \u00e7a ne remplace pas le contact humain que l&rsquo;on retrouve lors des gardes.<\/p>\n<p>    <strong>Colonel Jean-Philippe Gueugneau<\/strong><br \/>\n        Service d\u00e9partemental d&rsquo;incendie et de secours de Meurthe-et-Moselle    <\/p><\/blockquote>\n<p class=\" wall-content\">Pour l\u2019heure, l\u2019op\u00e9ration se focalise sur les <strong>130 agents affect\u00e9s au service police secours<\/strong>, sur la base du volontariat. \u00c0 l\u2019automne, l\u2019id\u00e9e est de faire participer les membres du centre d\u2019information et de commandement du c\u00f4t\u00e9 de la police nationale et ceux du centre op\u00e9rationnel d\u00e9partemental d\u2019incendie et de secours. \u00ab\u2009Ils passent leur temps \u00e0 s\u2019appeler, mais <strong>il y a parfois des incompr\u00e9hensions<\/strong> donc, on va aussi monter ce type d\u2019immersion.\u2009\u00bb<\/p>\n<p class=\" wall-content\">Suivez toute l\u2019actualit\u00e9 de vos villes et m\u00e9dias favoris en vous inscrivant \u00e0 <a href=\"https:\/\/moncompte.actu.fr\" title=\"D\u00e9couvez Mon Actu\" rel=\"nofollow noopener\" data-trk=\"{&quot;cta&quot;:{&quot;action&quot;:&quot;https:\\\/\\\/moncompte.actu.fr&quot;,&quot;category&quot;:&quot;mon compte&quot;,&quot;from&quot;:&quot;article footer&quot;,&quot;name&quot;:&quot;Mon actu&quot;,&quot;type&quot;:&quot;cta&quot;}}\" target=\"_blank\">Mon Actu<\/a>.<\/p>\n","protected":false},"excerpt":{"rendered":"Par Amandine Mehl Publi\u00e9 le 11 juil. 2025 \u00e0 13h55 Que ce soit \u00e0 Nancy ou ailleurs en&hellip;\n","protected":false},"author":2,"featured_media":242450,"comment_status":"","ping_status":"","sticky":false,"template":"","format":"standard","meta":{"footnotes":""},"categories":[9635],"tags":[1111,11,1777,674,1011,27,775,1702,12,1072,1311,25,104],"class_list":{"0":"post-242449","1":"post","2":"type-post","3":"status-publish","4":"format-standard","5":"has-post-thumbnail","7":"category-nancy","8":"tag-actu","9":"tag-actualites","10":"tag-eu","11":"tag-europe","12":"tag-fr","13":"tag-france","14":"tag-grand-est","15":"tag-nancy","16":"tag-news","17":"tag-police","18":"tag-pompiers","19":"tag-republique-francaise","20":"tag-societe"},"share_on_mastodon":{"url":"https:\/\/pubeurope.com\/@fr\/114834627821322697","error":""},"_links":{"self":[{"href":"https:\/\/www.europesays.com\/fr\/wp-json\/wp\/v2\/posts\/242449","targetHints":{"allow":["GET"]}}],"collection":[{"href":"https:\/\/www.europesays.com\/fr\/wp-json\/wp\/v2\/posts"}],"about":[{"href":"https:\/\/www.europesays.com\/fr\/wp-json\/wp\/v2\/types\/post"}],"author":[{"embeddable":true,"href":"https:\/\/www.europesays.com\/fr\/wp-json\/wp\/v2\/users\/2"}],"replies":[{"embeddable":true,"href":"https:\/\/www.europesays.com\/fr\/wp-json\/wp\/v2\/comments?post=242449"}],"version-history":[{"count":0,"href":"https:\/\/www.europesays.com\/fr\/wp-json\/wp\/v2\/posts\/242449\/revisions"}],"wp:featuredmedia":[{"embeddable":true,"href":"https:\/\/www.europesays.com\/fr\/wp-json\/wp\/v2\/media\/242450"}],"wp:attachment":[{"href":"https:\/\/www.europesays.com\/fr\/wp-json\/wp\/v2\/media?parent=242449"}],"wp:term":[{"taxonomy":"category","embeddable":true,"href":"https:\/\/www.europesays.com\/fr\/wp-json\/wp\/v2\/categories?post=242449"},{"taxonomy":"post_tag","embeddable":true,"href":"https:\/\/www.europesays.com\/fr\/wp-json\/wp\/v2\/tags?post=242449"}],"curies":[{"name":"wp","href":"https:\/\/api.w.org\/{rel}","templated":true}]}}