{"id":242455,"date":"2025-07-11T12:39:08","date_gmt":"2025-07-11T12:39:08","guid":{"rendered":"https:\/\/www.europesays.com\/fr\/242455\/"},"modified":"2025-07-11T12:39:08","modified_gmt":"2025-07-11T12:39:08","slug":"monument-jeanne-darc-logements-sociaux-le-conseil-municipal-de-bonsecours-en-quelques-points","status":"publish","type":"post","link":"https:\/\/www.europesays.com\/fr\/242455\/","title":{"rendered":"Monument Jeanne d&rsquo;Arc, logements sociaux&#8230; Le conseil municipal de Bonsecours en quelques points"},"content":{"rendered":"<p>            Par<br \/>\n        <strong><br \/>\n            <a href=\"https:\/\/actu.fr\/auteur\/isabellevilly\" title=\"Consulter tous les articles de Isabelle Villy\" rel=\"nofollow noopener\" target=\"_blank\">Isabelle Villy<\/a><br \/>\n        <\/strong><\/p>\n<p>        Publi\u00e9 le<\/p>\n<p>            11 juil. 2025 \u00e0 14h22        <\/p>\n<p>Fin juin 2025, le conseil municipal de Bonsecours pr\u00e8s de <a href=\"https:\/\/actu.fr\/normandie\/rouen_76540\" rel=\"nofollow noopener\" target=\"_blank\">Rouen<\/a> (Seine-Maritime) s\u2019est tenu. Sport, patrimoine ou encore logement, voici quelques points cl\u00e9s.<\/p>\n<p>Cyclotouriste La Robic, piste d\u2019athl\u00e9<\/p>\n<p class=\" wall-content\">Les \u00e9lus ont vot\u00e9 \u00e0 l\u2019unanimit\u00e9 le versement de 50 % des recettes de la cyclotouriste et la randonn\u00e9e p\u00e9destre La Robic \u00e0 la <strong>Ligue contre le cancer<\/strong> : les deux manifestations se d\u00e9rouleront le dimanche 12 octobre et la participation est fix\u00e9e \u00e0 8 euros.<\/p>\n<p class=\" wall-content\">Ils ont aussi vot\u00e9 \u00e0 l\u2019unanimit\u00e9 le transfert de charge de la piste d\u2019athl\u00e9tisme de la Ville de Sotteville-l\u00e8s-Rouen, \u00e0 la M\u00e9tropole Rouen Normandie : \u00ab un grand club avec une piste en mauvais \u00e9tat. La M\u00e9tropole Rouen Normandie a d\u00e9cid\u00e9 de la basculer dans son giron. Vous avez lu dans la presse que cela faisait d\u00e9bat. Si la piste est en mauvais \u00e9tat, c\u2019est justement parce qu\u2019il est difficile pour la Ville d\u2019investir autant d\u2019argent dans son entretien. Que la M\u00e9tropole Rouen Normandie le fasse peut permettre au club de continuer \u00e0 briller tel qu\u2019il le fait \u00bb.<\/p>\n<p>Monument Jeanne d\u2019Arc<\/p>\n<p class=\" wall-content\">Deux sujets ont \u00e9t\u00e9 abord\u00e9s lors des questions diverses. Interrog\u00e9 par Guillaume Brunet du groupe \u00ab Bonsecours avec vous \u00bb,\u00a0 la fermeture permanente du monument Jeanne d\u2019Arc a \u00e9t\u00e9 \u00e9voqu\u00e9e .\u00a0<\/p>\n<p class=\" wall-content\">Laurent Grelaud a r\u00e9pondu :\u00a0<\/p>\n<p>Vid\u00e9os : en ce moment sur Actu<\/p>\n<blockquote class=\"ac-article-quote wall-content\">\n<p>Je ne changerai pas d&rsquo;avis. Je le fais pour des raisons de s\u00e9curit\u00e9. Par contre, nous avons r\u00e9guli\u00e8rement des demandes de touristes, de p\u00e8lerins, d&rsquo;un groupe scolaire et de particuliers, g\u00e9n\u00e9ralement pour des mariages. Cinq depuis le 1er janvier 2025. L\u00e0, c&rsquo;est la Police municipale qui ouvre et qui ferme, mais on ne laisse pas ouvert tout le temps parce qu&rsquo;il y a eu des d\u00e9gradations et je n&rsquo;ai pas envie d&rsquo;en avoir d&rsquo;autres. Celles et ceux qui veulent avoir acc\u00e8s en font la demande \u00e0 la mairie. <\/p>\n<p>    <strong>Laurent Grelaud <\/strong><br \/>\n        maire de Bonsecours    <\/p><\/blockquote>\n<p>Logements sociaux : le point<\/p>\n<p class=\" wall-content\">Pascal Comor, de la liste d\u2019opposition \u00ab Bonsecours 2020, l\u2019avenir est \u00e0 vous \u00bb, a ensuite demand\u00e9 au maire quelles actions sont men\u00e9es pour remplir les obligations de la Ville en termes de <strong>logements sociaux<\/strong> : il en manquerait encore trente-deux. \u00ab Nous sommes \u00e0 18,93 % sur 20 % obligatoires. J\u2019estime qu\u2019on n\u2019a pas \u00e0 rougir. Il y a une politique qui aurait pu permettre de rattraper notre retard, c\u2019est celle de la Zac Lefebvre. Ce dossier est referm\u00e9 d\u00e9finitivement tant que je serai maire de Bonsecours. Pour autant, les possibilit\u00e9s de construction sur la ville sont g\u00e9ographiquement tr\u00e8s limit\u00e9es. \u00c0 partir de ce constat, une position soutenue en son temps par Maryl\u00e8ne Follet (opposante d\u00e9missionnaire), il reste la possibilit\u00e9 d\u2019utiliser les dents creuses, transformer une parcelle \u00e0 l\u2019occasion d\u2019une vente de maison pour construire un immeuble sans se soucier des riverains \u00bb, a constat\u00e9 le maire, qui a ajout\u00e9 : \u00ab je me suis toujours refus\u00e9 \u00e0 cela.\u00a0 Je ne dis pas qu\u2019aucun immeuble ne se construira, mais ce sera sans une g\u00eane excessive. Il faut penser \u00e0 ces gens qui sont propri\u00e9taires d\u2019un pavillon, qui ont emprunt\u00e9, se sont endett\u00e9s et qui verraient pousser un immeuble en face chez eux. \u00bb, a argument\u00e9 Laurent Grelaud, concluant son propos en observant que \u00ab la politique pour r\u00e9cup\u00e9rer notre retard en logements sociaux est r\u00e9duite \u00bb.<\/p>\n<p>Suivez l\u2019actualit\u00e9 de Rouen sur notre <a href=\"https:\/\/www.whatsapp.com\/channel\/0029VaKfnf99hXF2ddApFB1D\" rel=\"nofollow noopener\" target=\"_blank\">cha\u00eene WhatsApp<\/a> et sur notre <a href=\"https:\/\/www.tiktok.com\/@76actu.fr?lang=fr\" rel=\"nofollow noopener\" target=\"_blank\">compte TikTok<\/a><\/p>\n<p class=\" wall-content\">Suivez toute l\u2019actualit\u00e9 de vos villes et m\u00e9dias favoris en vous inscrivant \u00e0 <a href=\"https:\/\/moncompte.actu.fr\" title=\"D\u00e9couvez Mon Actu\" rel=\"nofollow noopener\" data-trk=\"{&quot;cta&quot;:{&quot;action&quot;:&quot;https:\\\/\\\/moncompte.actu.fr&quot;,&quot;category&quot;:&quot;mon compte&quot;,&quot;from&quot;:&quot;article footer&quot;,&quot;name&quot;:&quot;Mon actu&quot;,&quot;type&quot;:&quot;cta&quot;}}\" target=\"_blank\">Mon Actu<\/a>.<\/p>\n<p>                    <script async src=\"\/\/www.tiktok.com\/embed.js\"><\/script><\/p>\n","protected":false},"excerpt":{"rendered":"Par Isabelle Villy Publi\u00e9 le 11 juil. 2025 \u00e0 14h22 Fin juin 2025, le conseil municipal de Bonsecours&hellip;\n","protected":false},"author":2,"featured_media":242456,"comment_status":"","ping_status":"","sticky":false,"template":"","format":"standard","meta":{"footnotes":""},"categories":[9587],"tags":[1111,11,101,1777,674,1011,27,12,5161,2551,25,9590,104],"class_list":{"0":"post-242455","1":"post","2":"type-post","3":"status-publish","4":"format-standard","5":"has-post-thumbnail","7":"category-rouen","8":"tag-actu","9":"tag-actualites","10":"tag-cancer","11":"tag-eu","12":"tag-europe","13":"tag-fr","14":"tag-france","15":"tag-news","16":"tag-normandie","17":"tag-patrimoine","18":"tag-republique-francaise","19":"tag-rouen","20":"tag-societe"},"share_on_mastodon":{"url":"https:\/\/pubeurope.com\/@fr\/114834647527981989","error":""},"_links":{"self":[{"href":"https:\/\/www.europesays.com\/fr\/wp-json\/wp\/v2\/posts\/242455","targetHints":{"allow":["GET"]}}],"collection":[{"href":"https:\/\/www.europesays.com\/fr\/wp-json\/wp\/v2\/posts"}],"about":[{"href":"https:\/\/www.europesays.com\/fr\/wp-json\/wp\/v2\/types\/post"}],"author":[{"embeddable":true,"href":"https:\/\/www.europesays.com\/fr\/wp-json\/wp\/v2\/users\/2"}],"replies":[{"embeddable":true,"href":"https:\/\/www.europesays.com\/fr\/wp-json\/wp\/v2\/comments?post=242455"}],"version-history":[{"count":0,"href":"https:\/\/www.europesays.com\/fr\/wp-json\/wp\/v2\/posts\/242455\/revisions"}],"wp:featuredmedia":[{"embeddable":true,"href":"https:\/\/www.europesays.com\/fr\/wp-json\/wp\/v2\/media\/242456"}],"wp:attachment":[{"href":"https:\/\/www.europesays.com\/fr\/wp-json\/wp\/v2\/media?parent=242455"}],"wp:term":[{"taxonomy":"category","embeddable":true,"href":"https:\/\/www.europesays.com\/fr\/wp-json\/wp\/v2\/categories?post=242455"},{"taxonomy":"post_tag","embeddable":true,"href":"https:\/\/www.europesays.com\/fr\/wp-json\/wp\/v2\/tags?post=242455"}],"curies":[{"name":"wp","href":"https:\/\/api.w.org\/{rel}","templated":true}]}}