{"id":242465,"date":"2025-07-11T12:44:12","date_gmt":"2025-07-11T12:44:12","guid":{"rendered":"https:\/\/www.europesays.com\/fr\/242465\/"},"modified":"2025-07-11T12:44:12","modified_gmt":"2025-07-11T12:44:12","slug":"exit-la-thalasso-les-joueurs-de-rennes-vont-dormir-au-camping-lors-de-leur-stage-de-pre-saison-2","status":"publish","type":"post","link":"https:\/\/www.europesays.com\/fr\/242465\/","title":{"rendered":"Exit la thalasso, les joueurs de Rennes vont dormir au camping lors de leur stage de pr\u00e9-saison"},"content":{"rendered":"<p class=\"mb-4 text-lg md:leading-8 break-words\">Tous les moyens sont bons pour relancer une \u00e9quipe en perte de vitesse. Priv\u00e9 de qualification europ\u00e9enne pour la deuxi\u00e8me ann\u00e9e cons\u00e9cutive apr\u00e8s une saison achev\u00e9e \u00e0 la 12e place \u00e0 cause de six premiers mois catastrophiques, le <a href=\"https:\/\/fr.news.yahoo.com\/sport\/euro-espoirs-rennais-djaoui-ciss%C3%A9-071837723.html\" data-ylk=\"slk:Stade Rennais;elm:context_link;itc:0;sec:content-canvas;outcm:mb_qualified_link;_E:mb_qualified_link;ct:story;\" class=\"link  yahoo-link\" rel=\"nofollow noopener\" target=\"_blank\">Stade Rennais<\/a> a d\u00e9marr\u00e9 sa pr\u00e9paration le 30 juin dernier avec la ferme intention de ne pas revivre une entame aussi rat\u00e9e que la saison derni\u00e8re.<\/p>\n<p>\u00ab\u00a0Un beau stage de coh\u00e9sion nous attend\u00a0\u00bb<\/p>\n<p class=\"mb-4 text-lg md:leading-8 break-words\">Pour cela, le staff innove. Au lendemain de son match nul (1-1) contre Saint-Brieuc (National 2) ce jeudi, le groupe part ce vendredi pour un stage de coh\u00e9sion \u00e0 Dinard, cit\u00e9 baln\u00e9aire au nord du d\u00e9partement o\u00f9 la famille Pinault, propri\u00e9taire du club, poss\u00e8de une r\u00e9sidence. Si les Bretons y s\u00e9journent de mani\u00e8re presque immuable chaque \u00e9t\u00e9, les joueurs vont d\u00e9couvrir de nouvelles conditions, moins luxueuses que leur habituel lieu de vill\u00e9giature \u00e0 la thalasso de la ville.<\/p>\n<p class=\"mb-4 text-lg md:leading-8 break-words\">Selon les informations d\u2019<a href=\"https:\/\/www.francebleu.fr\/sports\/football\/stade-rennais-les-joueurs-vont-passer-leur-stage-de-cohesion-de-trois-jours-au-camping-a-dinard-5932577\" rel=\"nofollow noopener\" target=\"_blank\" data-ylk=\"slk:Ici Armorique;elm:context_link;itc:0;sec:content-canvas\" class=\"link \">Ici Armorique<\/a>, le groupe prendra en effet ses quartiers dans un camping. Interrog\u00e9 ce jeudi, Habib Beye n\u2019a pas voulu confirmer mais a affich\u00e9 un large sourire aupr\u00e8s des journalistes. \u00ab\u00a0Je ne suis pas au courant\u00a0\u00bb, a-t-il assur\u00e9, le regard amus\u00e9. \u00ab\u00a0C\u2019est un beau stage de coh\u00e9sion qui nous attend aujourd\u2019hui. On est content de passer \u00e7a ensemble. Vous ne saurez aucun d\u00e9tail de ce stage.\u00a0\u00bb<\/p>\n<p class=\"mb-4 text-lg md:leading-8 break-words\">Relanc\u00e9 sur cet endroit inhabituel, le technicien, nomm\u00e9 sur le banc breton en janvier 2025, a encore r\u00e9sist\u00e9. \u00ab\u00a0Ce qui est habituel, c\u2019est qu\u2019on soit ensemble et c\u2019est une tr\u00e8s bonne chose pour le coach que je suis. On part vivre \u00e7a aujourd\u2019hui et on fera ces deux ou trois jours pour un aspect de coh\u00e9sion\u00a0\u00bb, a-t-il ajout\u00e9, toujours myst\u00e9rieux.<\/p>\n<p class=\"mb-4 text-lg md:leading-8 break-words\">Rennes doit encore disputer quatre matchs de pr\u00e9paration contre Brest (18 juillet \u00e0 Dinan), Nantes (26 juillet, huis clos), la Real Sociedad (2 ao\u00fbt \u00e0 San Sebastian) et le Genoa (9 ao\u00fbt, au Roazhon Park). L&rsquo;\u00e9quipe d\u00e9butera <a href=\"https:\/\/fr.news.yahoo.com\/sport\/ligue-1-programme-complet-1%C3%A8re-111853157.html\" data-ylk=\"slk:la saison en Ligue 1 par un choc \u00e0 domicile contre l\u2019OM;elm:context_link;itc:0;sec:content-canvas;outcm:mb_qualified_link;_E:mb_qualified_link;ct:story;\" class=\"link  yahoo-link\" rel=\"nofollow noopener\" target=\"_blank\">la saison en Ligue 1 par un choc \u00e0 domicile contre l\u2019OM<\/a>, le week-end du 16-17 ao\u00fbt.<\/p>\n<p class=\"mb-4 text-lg md:leading-8 break-words\"><a href=\"https:\/\/rmcsport.bfmtv.com\/football\/ligue-1\/exit-la-thalasso-les-joueurs-de-rennes-vont-dormir-au-camping-lors-de-leur-stage-de-pre-saison_AV-202507110384.html#xtor=AL-68\" rel=\"nofollow noopener\" target=\"_blank\" data-ylk=\"slk:Article original publi\u00e9 sur RMC Sport;elm:context_link;itc:0;sec:content-canvas\" class=\"link \">Article original publi\u00e9 sur RMC Sport<\/a><\/p>\n","protected":false},"excerpt":{"rendered":"Tous les moyens sont bons pour relancer une \u00e9quipe en perte de vitesse. Priv\u00e9 de qualification europ\u00e9enne pour&hellip;\n","protected":false},"author":2,"featured_media":242466,"comment_status":"","ping_status":"","sticky":false,"template":"","format":"standard","meta":{"footnotes":""},"categories":[2821],"tags":[1111,11,829,1777,674,1011,27,12,584,25,3087],"class_list":{"0":"post-242465","1":"post","2":"type-post","3":"status-publish","4":"format-standard","5":"has-post-thumbnail","7":"category-rennes","8":"tag-actu","9":"tag-actualites","10":"tag-bretagne","11":"tag-eu","12":"tag-europe","13":"tag-fr","14":"tag-france","15":"tag-news","16":"tag-rennes","17":"tag-republique-francaise","18":"tag-stade-rennais"},"share_on_mastodon":{"url":"https:\/\/pubeurope.com\/@fr\/114834667198512172","error":""},"_links":{"self":[{"href":"https:\/\/www.europesays.com\/fr\/wp-json\/wp\/v2\/posts\/242465","targetHints":{"allow":["GET"]}}],"collection":[{"href":"https:\/\/www.europesays.com\/fr\/wp-json\/wp\/v2\/posts"}],"about":[{"href":"https:\/\/www.europesays.com\/fr\/wp-json\/wp\/v2\/types\/post"}],"author":[{"embeddable":true,"href":"https:\/\/www.europesays.com\/fr\/wp-json\/wp\/v2\/users\/2"}],"replies":[{"embeddable":true,"href":"https:\/\/www.europesays.com\/fr\/wp-json\/wp\/v2\/comments?post=242465"}],"version-history":[{"count":0,"href":"https:\/\/www.europesays.com\/fr\/wp-json\/wp\/v2\/posts\/242465\/revisions"}],"wp:featuredmedia":[{"embeddable":true,"href":"https:\/\/www.europesays.com\/fr\/wp-json\/wp\/v2\/media\/242466"}],"wp:attachment":[{"href":"https:\/\/www.europesays.com\/fr\/wp-json\/wp\/v2\/media?parent=242465"}],"wp:term":[{"taxonomy":"category","embeddable":true,"href":"https:\/\/www.europesays.com\/fr\/wp-json\/wp\/v2\/categories?post=242465"},{"taxonomy":"post_tag","embeddable":true,"href":"https:\/\/www.europesays.com\/fr\/wp-json\/wp\/v2\/tags?post=242465"}],"curies":[{"name":"wp","href":"https:\/\/api.w.org\/{rel}","templated":true}]}}