{"id":242469,"date":"2025-07-11T12:46:16","date_gmt":"2025-07-11T12:46:16","guid":{"rendered":"https:\/\/www.europesays.com\/fr\/242469\/"},"modified":"2025-07-11T12:46:16","modified_gmt":"2025-07-11T12:46:16","slug":"le-polonais-maximillian-oyedele-vers-le-racing-alsasports","status":"publish","type":"post","link":"https:\/\/www.europesays.com\/fr\/242469\/","title":{"rendered":"Le Polonais Maximillian Oyedele vers le Racing \u2014 Alsa&rsquo;Sports"},"content":{"rendered":"<p><strong>Le milieu polonais Maximillian Oyedele (20 ans) serait sur le point d\u2019\u00eatre achet\u00e9 par le Racing selon les m\u00e9dias locaux. <\/strong><\/p>\n<p>Le m\u00e9dia polonais Meczyki.pl avance depuis quelques heures que le milieu Maximillian Oyedele (20 ans) serait en passe de rejoindre le Racing Club de Strasbourg sous la forme d\u2019un transfert sec. Sous contrat avec le Legia Varsovie, il avait \u00e9t\u00e9 transf\u00e9r\u00e9 par Manchester United en ao\u00fbt 2024. Le Polonais \u00e9voluait avec les \u00e9quipes de jeunes du club mancunien mais n\u2019a jamais jou\u00e9 en \u00e9quipe premi\u00e8re. <\/p>\n<p>Avec le Legia Varsovie cette saison, Maximillian Oyedele a disput\u00e9 24 matches toutes comp\u00e9titions confondues dont 5 de Ligue Conf\u00e9rence. Strasbourg s\u2019int\u00e9resserait au joueur et d\u00e9bourserait environ 6 millions d\u2019euros pour le recruter. Le joueur \u00e9tait absent du groupe du Legia hier soir lors d\u2019un match de qualification \u00e0 la Ligue Europa, et serait donc sur le d\u00e9part. Un transfert confirm\u00e9 par Fabrizio Romano hier. <\/p>\n<blockquote class=\"twitter-tweet\" data-width=\"500\" data-dnt=\"true\">\n<p lang=\"pl\" dir=\"ltr\">\ud83d\udea8\ud83d\udca3 Maxi Oyedele krok od Strasbourga! Francuzi maj\u0105 wp\u0142aci\u0107 klauzul\u0119 w wysoko\u015bci 6 milion\u00f3w euro. Blisko po\u0142owa tej kwoty trafi do Manchesteru United. <\/p>\n<p>Reprezentant Polski \u017cegna si\u0119 z Legi\u0105 Warszawa: <\/p>\n<p>\u25b6\ufe0f <a href=\"https:\/\/t.co\/cGukTC56bA\">https:\/\/t.co\/cGukTC56bA<\/a> <a href=\"https:\/\/t.co\/a88k4fJvNL\">pic.twitter.com\/a88k4fJvNL<\/a><\/p>\n<p>\u2014 Tomasz W\u0142odarczyk (@wlodar85) <a href=\"https:\/\/twitter.com\/wlodar85\/status\/1943358252500332956?ref_src=twsrc%5Etfw\" target=\"_blank\" rel=\"noopener\">July 10, 2025<\/a><\/p><\/blockquote>\n<p>                    <script async src=\"https:\/\/platform.twitter.com\/widgets.js\" charset=\"utf-8\"><\/script><\/p>\n","protected":false},"excerpt":{"rendered":"Le milieu polonais Maximillian Oyedele (20 ans) serait sur le point d\u2019\u00eatre achet\u00e9 par le Racing selon les&hellip;\n","protected":false},"author":2,"featured_media":242470,"comment_status":"","ping_status":"","sticky":false,"template":"","format":"standard","meta":{"footnotes":""},"categories":[2820],"tags":[1111,11,1777,674,63,1011,27,775,66,12,4448,25,640],"class_list":{"0":"post-242469","1":"post","2":"type-post","3":"status-publish","4":"format-standard","5":"has-post-thumbnail","7":"category-strasbourg","8":"tag-actu","9":"tag-actualites","10":"tag-eu","11":"tag-europe","12":"tag-football","13":"tag-fr","14":"tag-france","15":"tag-grand-est","16":"tag-ligue-1","17":"tag-news","18":"tag-rc-strasbourg","19":"tag-republique-francaise","20":"tag-strasbourg"},"share_on_mastodon":{"url":"https:\/\/pubeurope.com\/@fr\/114834675019062027","error":""},"_links":{"self":[{"href":"https:\/\/www.europesays.com\/fr\/wp-json\/wp\/v2\/posts\/242469","targetHints":{"allow":["GET"]}}],"collection":[{"href":"https:\/\/www.europesays.com\/fr\/wp-json\/wp\/v2\/posts"}],"about":[{"href":"https:\/\/www.europesays.com\/fr\/wp-json\/wp\/v2\/types\/post"}],"author":[{"embeddable":true,"href":"https:\/\/www.europesays.com\/fr\/wp-json\/wp\/v2\/users\/2"}],"replies":[{"embeddable":true,"href":"https:\/\/www.europesays.com\/fr\/wp-json\/wp\/v2\/comments?post=242469"}],"version-history":[{"count":0,"href":"https:\/\/www.europesays.com\/fr\/wp-json\/wp\/v2\/posts\/242469\/revisions"}],"wp:featuredmedia":[{"embeddable":true,"href":"https:\/\/www.europesays.com\/fr\/wp-json\/wp\/v2\/media\/242470"}],"wp:attachment":[{"href":"https:\/\/www.europesays.com\/fr\/wp-json\/wp\/v2\/media?parent=242469"}],"wp:term":[{"taxonomy":"category","embeddable":true,"href":"https:\/\/www.europesays.com\/fr\/wp-json\/wp\/v2\/categories?post=242469"},{"taxonomy":"post_tag","embeddable":true,"href":"https:\/\/www.europesays.com\/fr\/wp-json\/wp\/v2\/tags?post=242469"}],"curies":[{"name":"wp","href":"https:\/\/api.w.org\/{rel}","templated":true}]}}