{"id":242471,"date":"2025-07-11T12:47:10","date_gmt":"2025-07-11T12:47:10","guid":{"rendered":"https:\/\/www.europesays.com\/fr\/242471\/"},"modified":"2025-07-11T12:47:10","modified_gmt":"2025-07-11T12:47:10","slug":"nous-etions-emerveilles-mais-aussi-un-peu-effrayes-car-elle-faisait-la-meme-taille-que-le-bateau-deux-amis-observent-une-baleine-au-large-de-nice","status":"publish","type":"post","link":"https:\/\/www.europesays.com\/fr\/242471\/","title":{"rendered":"\u00ab\u00a0Nous \u00e9tions \u00e9merveill\u00e9s, mais aussi un peu effray\u00e9s car elle faisait la m\u00eame taille que le bateau\u00a0\u00bb: deux amis observent une baleine au large de Nice"},"content":{"rendered":"<p>D\u2019ordinaire timide, <strong>une baleine cuvier a quitt\u00e9 ses fonds marins pour offrir un moment privil\u00e9gi\u00e9 \u00e0 deux amis<\/strong>, amateurs de balades en bateau et d\u2019observation de mammif\u00e8res marins. Les deux hommes, partis du port de la Darse, \u00e0 Villefranche-sur-Mer, mercredi 9 juillet, profitaient de la mer calme lorsqu\u2019ils ont \u00e9t\u00e9 surpris par le spectacle.<\/p>\n<p>\u00ab\u00a0Nous avons pass\u00e9 une heure et demie entour\u00e9s de dizaines de dauphins, bien plus que je n\u2019en vois d\u2019habitude. Au moment de rentrer, \u00e0 environ 3,8 milles de Nice, j\u2019ai aper\u00e7u un objet flottant.<strong> Je pensais que c\u2019\u00e9tait un tronc ou une coque de bateau renvers\u00e9e.<\/strong> En fait, c\u2019\u00e9tait une sorte de gros dauphin un peu blanc \u00ab\u00a0, partage Rafael Mari, propri\u00e9taire de l\u2019embarcation. Une rapide recherche sur Internet leur apprend qu\u2019<strong>il s\u2019agit d\u2019une baleine \u00e0 bec de cuvier<\/strong>, reconnaissable \u00e0 son bec court, la bosse sur sa t\u00eate et son dos couvert de cicatrices.<\/p>\n<p>\u00ab\u00a0Nous \u00e9tions \u00e9merveill\u00e9s\u00a0\u00bb<\/p>\n<p>L\u2019animal n\u2019est pas rare, sa population \u00e9tant estim\u00e9e \u00e0 100.000 individus r\u00e9partis dans pratiquement toutes les mers du Monde. Ce qui est moins courant, c\u2019est qu\u2019il s\u2019approche d\u2019aussi pr\u00e8s de l\u2019Homme. <strong>D\u00e9tenteur des records d\u2019apn\u00e9e (3h42) et de plong\u00e9e (2.992m)<\/strong> chez les mammif\u00e8res marins, cette baleine pr\u00e9f\u00e8re habituellement les profondeurs o\u00f9 vivent les crustac\u00e9s dont elle se nourrit. \u00ab\u00a0Une fois que le moteur a \u00e9t\u00e9 coup\u00e9, elle a fait le tour du bateau trois fois, \u00e0 un m\u00e8tre de nous, comme si elle nous observait aussi. C\u2019\u00e9tait comme un arr\u00eat sur le temps. <strong>Nous \u00e9tions \u00e9merveill\u00e9s, mais aussi un peu effray\u00e9s car la baleine faisait la m\u00eame taille que le bateau<\/strong>\u00ab\u00a0, avoue le t\u00e9moin chanceux.<\/p>\n<p>Il faut dire que le c\u00e9tac\u00e9 pouvant peser jusqu\u2019\u00e0 3,5kg et mesurer sept m\u00e8tres de long est assez impressionnant.<\/p>\n","protected":false},"excerpt":{"rendered":"D\u2019ordinaire timide, une baleine cuvier a quitt\u00e9 ses fonds marins pour offrir un moment privil\u00e9gi\u00e9 \u00e0 deux amis,&hellip;\n","protected":false},"author":2,"featured_media":242472,"comment_status":"","ping_status":"","sticky":false,"template":"","format":"standard","meta":{"footnotes":""},"categories":[2819],"tags":[1111,11,1867,1777,674,1011,27,12,2401,882,25,3366],"class_list":{"0":"post-242471","1":"post","2":"type-post","3":"status-publish","4":"format-standard","5":"has-post-thumbnail","7":"category-nice","8":"tag-actu","9":"tag-actualites","10":"tag-animaux","11":"tag-eu","12":"tag-europe","13":"tag-fr","14":"tag-france","15":"tag-news","16":"tag-nice","17":"tag-provence-alpes-cote-dazur","18":"tag-republique-francaise","19":"tag-vie-locale"},"share_on_mastodon":{"url":"https:\/\/pubeurope.com\/@fr\/114834679034993500","error":""},"_links":{"self":[{"href":"https:\/\/www.europesays.com\/fr\/wp-json\/wp\/v2\/posts\/242471","targetHints":{"allow":["GET"]}}],"collection":[{"href":"https:\/\/www.europesays.com\/fr\/wp-json\/wp\/v2\/posts"}],"about":[{"href":"https:\/\/www.europesays.com\/fr\/wp-json\/wp\/v2\/types\/post"}],"author":[{"embeddable":true,"href":"https:\/\/www.europesays.com\/fr\/wp-json\/wp\/v2\/users\/2"}],"replies":[{"embeddable":true,"href":"https:\/\/www.europesays.com\/fr\/wp-json\/wp\/v2\/comments?post=242471"}],"version-history":[{"count":0,"href":"https:\/\/www.europesays.com\/fr\/wp-json\/wp\/v2\/posts\/242471\/revisions"}],"wp:featuredmedia":[{"embeddable":true,"href":"https:\/\/www.europesays.com\/fr\/wp-json\/wp\/v2\/media\/242472"}],"wp:attachment":[{"href":"https:\/\/www.europesays.com\/fr\/wp-json\/wp\/v2\/media?parent=242471"}],"wp:term":[{"taxonomy":"category","embeddable":true,"href":"https:\/\/www.europesays.com\/fr\/wp-json\/wp\/v2\/categories?post=242471"},{"taxonomy":"post_tag","embeddable":true,"href":"https:\/\/www.europesays.com\/fr\/wp-json\/wp\/v2\/tags?post=242471"}],"curies":[{"name":"wp","href":"https:\/\/api.w.org\/{rel}","templated":true}]}}