{"id":242475,"date":"2025-07-11T12:49:08","date_gmt":"2025-07-11T12:49:08","guid":{"rendered":"https:\/\/www.europesays.com\/fr\/242475\/"},"modified":"2025-07-11T12:49:08","modified_gmt":"2025-07-11T12:49:08","slug":"la-compagnie-royal-de-luxe-fait-une-halte-pres-de-nantes","status":"publish","type":"post","link":"https:\/\/www.europesays.com\/fr\/242475\/","title":{"rendered":"La compagnie Royal de luxe fait une halte pr\u00e8s de Nantes"},"content":{"rendered":"<p>            Par<br \/>\n        <strong><br \/>\n            <a href=\"https:\/\/actu.fr\/auteur\/laurent-fortin\" title=\"Consulter tous les articles de Laurent Fortin\" target=\"_blank\" rel=\"noopener\">Laurent Fortin<\/a><br \/>\n        <\/strong><\/p>\n<p>        Publi\u00e9 le<\/p>\n<p>            11 juil. 2025 \u00e0 14h03        <\/p>\n<p>Si la ville de <a href=\"https:\/\/actu.fr\/pays-de-la-loire\/vertou_44215\" target=\"_blank\" rel=\"noopener\"><b>Vertou<\/b><\/a> est <a href=\"https:\/\/actu.fr\/pays-de-la-loire\/vertou_44215\/suite-a-un-nouvel-arrete-du-prefet-ces-communes-de-loire-atlantique-annulent-leur-feu-dartifice_62898288.html\" target=\"_blank\" rel=\"noopener\"><b>priv\u00e9e de feu d\u2019artifice<\/b><\/a>, elle aura quand m\u00eame le <b>droit \u00e0 une \u00e9tincelle culturelle<\/b> avec la pr\u00e9sence de<a href=\"https:\/\/royal-de-luxe.com\/\" target=\"_blank\" rel=\"noopener\"> la compagnie de th\u00e9\u00e2tre de rue Royal de Luxe <\/a>revient dans l\u2019agglom\u00e9ration nantaise en ce d\u00e9but d\u2019\u00e9t\u00e9 avec un <b>nouveau spectacle<\/b>. Il a d\u00e9j\u00e0 fait l\u2019objet de <b>6 repr\u00e9sentations depuis le 28 juin.<\/b><\/p>\n<p class=\" wall-content\">Pour le <b>samedi 12 et dimanche 13 juillet, <\/b>il sera jou\u00e9 dans le <a href=\"https:\/\/www.google.com\/maps\/place\/Parc+de+la+S%C3%A8vre\/data=!4m2!3m1!1s0x0:0xc652623963f384ce?sa=X&amp;ved=1t:2428&amp;ictx=111\" target=\"_blank\" rel=\"noopener\">parc de la S\u00e8vre<\/a> \u00e0 Vertou, \u00e0 partir de 19h (et non 18h comme initialement pr\u00e9vu).<\/p>\n<blockquote class=\"ac-article-quote wall-content\">\n<p>Apr\u00e8s une ann\u00e9e 2024 d\u00e9j\u00e0 tr\u00e8s anim\u00e9e entre le passage de la flamme olympique, les 80 ans de la Lib\u00e9ration, puis une transition avec 2025 qui l\u2019\u00e9tait tout autant avec l\u2019exposition \u00e0 l\u2019air libre de Michel Bassompierre puis Charivari, nous avons l\u2019immense plaisir d\u2019accueillir cette c\u00e9l\u00e8bre compagnie et d\u2019offrir du spectacle vivant aux Vertaviens pour s\u2019\u00e9merveiller ensemble et partager des \u00e9motions.<\/p>\n<p>Rodolphe Amailland, le maire<\/p><\/blockquote>\n<blockquote class=\"ac-article-quote wall-content\">\n<p>Un instant hors du temps. Une ode au th\u00e9\u00e2tre de rue.<\/p>\n<p>La promesse est de Royal de Luxe elle-m\u00eame, qui fait son grand retour.<\/p><\/blockquote>\n<p>Vid\u00e9os : en ce moment sur Actu<\/p>\n<p class=\" wall-content\"><a href=\"https:\/\/royal-de-luxe.com\/apesanteur-a-nantes-vertou-et-orvault\/\" target=\"_blank\" rel=\"noopener\">Apesanteur <\/a>est une i<b>ntrigue lunaire tournant autour d\u2019une s\u00e9rie polici\u00e8re<\/b>, abandonn\u00e9e par la moiti\u00e9 de son \u00e9quipe de tournage.<\/p>\n<blockquote class=\"ac-article-quote wall-content\">\n<p>D\u00e9coup\u00e9 en plusieurs grands plans s\u00e9quences pour que chaque spectateur garde le fil, le spectacle donnera l\u2019impression d\u2019un fiasco : un producteur de derni\u00e8re minute, pas de cadreur ni de r\u00e9alisateur et une enqu\u00eate sur des assassinats pour le com\u00e9dien principal, dans le r\u00f4le d\u2019un commissaire venu du futur. Le tout dans un magasin de droguerie-quincaillerie.<\/p>\n<p>La troupe<\/p><\/blockquote>\n<p class=\" wall-content\">La commune est la seule en dehors de Nantes, avec <b>Orvault<\/b>, \u00e0 accueillir <b>le spectacle gratuit mais sur <a href=\"https:\/\/royal-de-luxe.com\/apesanteur-a-nantes-vertou-et-orvault\/\" target=\"_blank\" rel=\"noopener\">r\u00e9servation<\/a><\/b><a href=\"https:\/\/royal-de-luxe.com\/apesanteur-a-nantes-vertou-et-orvault\/\" target=\"_blank\" rel=\"noopener\">.<\/a><\/p>\n<p>Apesanteur, les 12 et 13 juillet \u00e0 19 h au Parc de la S\u00e8vre. Gratuit sur r\u00e9servation. Renseignements sur https:\/\/royal-de-luxe.com\/apesanteur-a-nantes-vertou-et-orvault\/<\/p>\n<p class=\" wall-content\">Suivez toute l\u2019actualit\u00e9 de vos villes et m\u00e9dias favoris en vous inscrivant \u00e0 <a href=\"https:\/\/moncompte.actu.fr\" title=\"D\u00e9couvez Mon Actu\" rel=\"nofollow noopener\" data-trk=\"{&quot;cta&quot;:{&quot;action&quot;:&quot;https:\\\/\\\/moncompte.actu.fr&quot;,&quot;category&quot;:&quot;mon compte&quot;,&quot;from&quot;:&quot;article footer&quot;,&quot;name&quot;:&quot;Mon actu&quot;,&quot;type&quot;:&quot;cta&quot;}}\" target=\"_blank\">Mon Actu<\/a>.<\/p>\n<ul class=\"ac-article-tag wall-content\">\n<li><a href=\"https:\/\/actu.fr\/tag\/spectacles\" data-trk=\"{&quot;cta&quot;:{&quot;action&quot;:&quot;Spectacles&quot;,&quot;category&quot;:&quot;tag&quot;,&quot;from&quot;:&quot;article footer&quot;,&quot;name&quot;:&quot;Spectacles&quot;,&quot;type&quot;:&quot;cta&quot;}}\" target=\"_blank\" rel=\"noopener\">#Spectacles<\/a><\/li>\n<li><a href=\"https:\/\/actu.fr\/tag\/vignoble-nantais\" data-trk=\"{&quot;cta&quot;:{&quot;action&quot;:&quot;Vignoble nantais&quot;,&quot;category&quot;:&quot;tag&quot;,&quot;from&quot;:&quot;article footer&quot;,&quot;name&quot;:&quot;Vignoble nantais&quot;,&quot;type&quot;:&quot;cta&quot;}}\" target=\"_blank\" rel=\"noopener\">#Vignoble nantais<\/a><\/li>\n<\/ul>\n","protected":false},"excerpt":{"rendered":"Par Laurent Fortin Publi\u00e9 le 11 juil. 2025 \u00e0 14h03 Si la ville de Vertou est priv\u00e9e de&hellip;\n","protected":false},"author":2,"featured_media":242476,"comment_status":"","ping_status":"","sticky":false,"template":"","format":"standard","meta":{"footnotes":""},"categories":[2818],"tags":[1111,11,1777,674,1011,27,1652,766,12,2636,25,853,2900],"class_list":{"0":"post-242475","1":"post","2":"type-post","3":"status-publish","4":"format-standard","5":"has-post-thumbnail","7":"category-nantes","8":"tag-actu","9":"tag-actualites","10":"tag-eu","11":"tag-europe","12":"tag-fr","13":"tag-france","14":"tag-loisirs-culture","15":"tag-nantes","16":"tag-news","17":"tag-pays-de-la-loire","18":"tag-republique-francaise","19":"tag-spectacles","20":"tag-vignoble-nantais"},"share_on_mastodon":{"url":"https:\/\/pubeurope.com\/@fr\/114834686804394457","error":""},"_links":{"self":[{"href":"https:\/\/www.europesays.com\/fr\/wp-json\/wp\/v2\/posts\/242475","targetHints":{"allow":["GET"]}}],"collection":[{"href":"https:\/\/www.europesays.com\/fr\/wp-json\/wp\/v2\/posts"}],"about":[{"href":"https:\/\/www.europesays.com\/fr\/wp-json\/wp\/v2\/types\/post"}],"author":[{"embeddable":true,"href":"https:\/\/www.europesays.com\/fr\/wp-json\/wp\/v2\/users\/2"}],"replies":[{"embeddable":true,"href":"https:\/\/www.europesays.com\/fr\/wp-json\/wp\/v2\/comments?post=242475"}],"version-history":[{"count":0,"href":"https:\/\/www.europesays.com\/fr\/wp-json\/wp\/v2\/posts\/242475\/revisions"}],"wp:featuredmedia":[{"embeddable":true,"href":"https:\/\/www.europesays.com\/fr\/wp-json\/wp\/v2\/media\/242476"}],"wp:attachment":[{"href":"https:\/\/www.europesays.com\/fr\/wp-json\/wp\/v2\/media?parent=242475"}],"wp:term":[{"taxonomy":"category","embeddable":true,"href":"https:\/\/www.europesays.com\/fr\/wp-json\/wp\/v2\/categories?post=242475"},{"taxonomy":"post_tag","embeddable":true,"href":"https:\/\/www.europesays.com\/fr\/wp-json\/wp\/v2\/tags?post=242475"}],"curies":[{"name":"wp","href":"https:\/\/api.w.org\/{rel}","templated":true}]}}