{"id":242477,"date":"2025-07-11T12:50:16","date_gmt":"2025-07-11T12:50:16","guid":{"rendered":"https:\/\/www.europesays.com\/fr\/242477\/"},"modified":"2025-07-11T12:50:16","modified_gmt":"2025-07-11T12:50:16","slug":"a-peine-sorti-de-prison-un-caid-local-du-narcotrafic-a-nouveau-arrete","status":"publish","type":"post","link":"https:\/\/www.europesays.com\/fr\/242477\/","title":{"rendered":"\u00e0 peine sorti de prison, un ca\u00efd local du narcotrafic \u00e0 nouveau arr\u00eat\u00e9"},"content":{"rendered":"<p>Interpell\u00e9 avec trois autres individus lors d\u2019une importante op\u00e9ration polici\u00e8re, un homme \u00e2g\u00e9 de 25 ans a \u00e9t\u00e9 plac\u00e9 lundi en garde \u00e0 vue. Il est suspect\u00e9 d\u2019\u00eatre \u00e0 la t\u00eate d\u2019un r\u00e9seau de trafic de drogue, qu\u2019il g\u00e9rait d\u00e9j\u00e0 du temps de son incarc\u00e9ration.<\/p>\n<p class=\"fig-paragraph\">Quatre ans de prison, quatre mois de libert\u00e9, puis le retour derri\u00e8re les barreaux. Un jeune homme de 25 ans a \u00e9t\u00e9 interpell\u00e9\u00a0<a href=\"https:\/\/www.lefigaro.fr\/nantes\" target=\"_blank\" data-fig-type=\"Section\" rel=\"noopener\" data-gtm-custom-categorie=\"navigation\" data-gtm-custom-action=\"crossclick\" data-gtm-custom-label=\"Contextuel\" data-gtm-event=\"customEventSPE\" data-fig-domain=\"LEFIGARO\">\u00e0 Nantes<\/a>\u00a0(Loire-Atlantique), lundi 7 juillet, lors d\u2019une op\u00e9ration de s\u00e9curisation de grande envergure organis\u00e9e\u00a0<a href=\"http:\/\/www.lefigaro.fr\/nantes\/nantes-une-experimentation-pour-limiter-l-embrigadement-des-jeunes-dans-le-narcotrafic-20250305\" target=\"_blank\" data-fig-type=\"NewsFlash\" rel=\"noopener\" data-gtm-custom-categorie=\"navigation\" data-gtm-custom-action=\"crossclick\" data-gtm-custom-label=\"Contextuel\" data-gtm-event=\"customEventSPE\" data-fig-domain=\"LEFIGARO\">dans le quartier sensible du Breil<\/a>, au nord-ouest de l\u2019agglom\u00e9ration, avec le support d\u2019une compagnie de CRS et d\u2019une unit\u00e9 du RAID. Chef d\u2019un r\u00e9seau de\u00a0<a href=\"http:\/\/www.lefigaro.fr\/nantes\/ils-ont-pris-le-controle-de-tout-a-nantes-le-cri-de-detresse-des-residents-d-un-quartier-gangrene-par-le-trafic-de-drogue-20250116\" target=\"_blank\" data-fig-type=\"NewsFlash\" rel=\"noopener\" data-gtm-custom-categorie=\"navigation\" data-gtm-custom-action=\"crossclick\" data-gtm-custom-label=\"Contextuel\" data-gtm-event=\"customEventSPE\" data-fig-domain=\"LEFIGARO\">narcotrafiquants nantais<\/a>, l\u2019individu venait de retrouver sa libert\u00e9, en mars, apr\u00e8s quatre ann\u00e9es de d\u00e9tention. Il a de nouveau \u00e9t\u00e9 plac\u00e9 en garde \u00e0 vue en raison de son implication renouvel\u00e9e dans le trafic de drogue.<\/p>\n<p class=\"fig-paragraph\">\u00abUn renseignement concernant le retour aux affaires de ce trafiquant bien connu du Breil nous avait \u00e9t\u00e9 communiqu\u00e9 de mani\u00e8re anonyme, en d\u00e9but d\u2019ann\u00e9e. Depuis, une surveillance \u00e9troite du secteur avait permis d\u2019\u00e9tablir son lien avec au moins un point de deal actif du quartier\u00bb, souffle une source polici\u00e8re. Outre la t\u00eate de ce r\u00e9seau, trois autres individus, \u00e2g\u00e9s de 23 \u00e0 28 ans ont \u00e9galement \u00e9t\u00e9 interpell\u00e9s. Deux d\u2019entre eux \u00e9taient des vendeurs. Le troisi\u00e8me se chargeait d\u2019approvisionner la bande en stup\u00e9fiants,\u00a0<a href=\"http:\/\/www.lefigaro.fr\/actualite-france\/convois-de-cocaine-depuis-l-espagne-caches-improbables-et-avalanche-de-colis-comment-la-drogue-deferle-sur-la-france-20250325\" target=\"_blank\" data-fig-type=\"Article\" rel=\"noopener\" data-gtm-custom-categorie=\"navigation\" data-gtm-custom-action=\"crossclick\" data-gtm-custom-label=\"Contextuel\" data-gtm-event=\"customEventSPE\" data-fig-domain=\"LEFIGARO\">en effectuant des allers-retours en Espagne<\/a>. Tous nient leur implication dans le trafic de drogue.<\/p>\n<p>                                    <a class=\"fig-a11y-skip a11y-hidden\" href=\"#fig-a11y-skip-main-inarticle\"><br \/>\n        Passer la publicit\u00e9<br \/>\n    <\/a><\/p>\n<p>\u00abConsommation personnelle\u00bb<\/p>\n<p class=\"fig-paragraph\">Des perquisitions effectu\u00e9es au domicile du principal suspect ont livr\u00e9 aux enqu\u00eateurs un important stock de stup\u00e9fiants &#8211; 174 grammes d\u2019herbe de cannabis, 731 grammes de r\u00e9sine, 250 grammes de coca\u00efne -, plus de 1100 euros en liquide ainsi que divers \u00e9quipements sensibles. Selon la police nantaise, le chef du r\u00e9seau avait fait prosp\u00e9rer ses affaires depuis sa cellule, au centre de d\u00e9tention d\u2019Argentan, au moyen de t\u00e9l\u00e9phones portables ainsi que par l\u2019interm\u00e9diaire de sa compagne.<\/p>\n<p class=\"fig-body-link\">\n            \u00c0 lire aussi<br \/>\n        <a class=\"fig-body-link__link\" href=\"http:\/\/www.lefigaro.fr\/nantes\/ca-devient-de-plus-en-plus-dangereux-a-nantes-des-habitants-exasperes-s-alarment-de-la-cohabitation-avec-des-familles-roms-20250709\" target=\"_blank\" data-fig-type=\"NewsFlash\" rel=\"noopener\" data-gtm-custom-categorie=\"navigation\" data-gtm-custom-action=\"crossclick\" data-gtm-custom-label=\"Contextuel\" data-gtm-event=\"customEventSPE\" data-fig-domain=\"LEFIGARO\">\u00ab\u00c7a devient de plus en plus dangereux\u00bb\u00a0: \u00e0 Nantes, des habitants exasp\u00e9r\u00e9s s\u2019alarment de la cohabitation avec des familles Roms<br \/>\n    <\/a>\n<\/p>\n<p class=\"fig-paragraph\">Interpell\u00e9e par le pass\u00e9 pour avoir essay\u00e9 de faire passer des substances illicites \u00e0 son compagnon, en prison, la jeune femme pr\u00e9sentait de manifestes signes ext\u00e9rieurs de richesse. Elle poss\u00e9dait notamment plusieurs v\u00e9hicules on\u00e9reux, dont une Mercedes, ainsi qu\u2019un compte en banque bien fourni sans pouvoir justifier l\u2019origine des sommes per\u00e7ues et d\u00e9pens\u00e9es.<\/p>\n<p class=\"fig-paragraph\">Lors de son audition, en garde \u00e0 vue, le principal suspect a ni\u00e9 \u00eatre le chef d\u2019orchestre d\u2019un r\u00e9seau de narcotrafiquants. Les stup\u00e9fiants saisis \u00e0 son domicile, pr\u00e9cise-t-il, auraient \u00e9t\u00e9 achet\u00e9s \u00e0 Nantes et \u00e9taient destin\u00e9s \u00e0 sa \u00abconsommation personnelle\u00bb. Ses explications n\u2019ont pas convaincu les enqu\u00eateurs de la brigade des stup\u00e9fiants. Le jeune homme a \u00e9t\u00e9 d\u00e9f\u00e9r\u00e9 vendredi devant le parquet du tribunal judiciaire de Nantes.<\/p>\n","protected":false},"excerpt":{"rendered":"Interpell\u00e9 avec trois autres individus lors d\u2019une importante op\u00e9ration polici\u00e8re, un homme \u00e2g\u00e9 de 25 ans a \u00e9t\u00e9&hellip;\n","protected":false},"author":2,"featured_media":242478,"comment_status":"","ping_status":"","sticky":false,"template":"","format":"standard","meta":{"footnotes":""},"categories":[2818],"tags":[1111,11,1777,674,1011,27,766,12,2636,25,887],"class_list":{"0":"post-242477","1":"post","2":"type-post","3":"status-publish","4":"format-standard","5":"has-post-thumbnail","7":"category-nantes","8":"tag-actu","9":"tag-actualites","10":"tag-eu","11":"tag-europe","12":"tag-fr","13":"tag-france","14":"tag-nantes","15":"tag-news","16":"tag-pays-de-la-loire","17":"tag-republique-francaise","18":"tag-trafic-de-drogue"},"share_on_mastodon":{"url":"https:\/\/pubeurope.com\/@fr\/114834690820468212","error":""},"_links":{"self":[{"href":"https:\/\/www.europesays.com\/fr\/wp-json\/wp\/v2\/posts\/242477","targetHints":{"allow":["GET"]}}],"collection":[{"href":"https:\/\/www.europesays.com\/fr\/wp-json\/wp\/v2\/posts"}],"about":[{"href":"https:\/\/www.europesays.com\/fr\/wp-json\/wp\/v2\/types\/post"}],"author":[{"embeddable":true,"href":"https:\/\/www.europesays.com\/fr\/wp-json\/wp\/v2\/users\/2"}],"replies":[{"embeddable":true,"href":"https:\/\/www.europesays.com\/fr\/wp-json\/wp\/v2\/comments?post=242477"}],"version-history":[{"count":0,"href":"https:\/\/www.europesays.com\/fr\/wp-json\/wp\/v2\/posts\/242477\/revisions"}],"wp:featuredmedia":[{"embeddable":true,"href":"https:\/\/www.europesays.com\/fr\/wp-json\/wp\/v2\/media\/242478"}],"wp:attachment":[{"href":"https:\/\/www.europesays.com\/fr\/wp-json\/wp\/v2\/media?parent=242477"}],"wp:term":[{"taxonomy":"category","embeddable":true,"href":"https:\/\/www.europesays.com\/fr\/wp-json\/wp\/v2\/categories?post=242477"},{"taxonomy":"post_tag","embeddable":true,"href":"https:\/\/www.europesays.com\/fr\/wp-json\/wp\/v2\/tags?post=242477"}],"curies":[{"name":"wp","href":"https:\/\/api.w.org\/{rel}","templated":true}]}}