{"id":242481,"date":"2025-07-11T12:52:11","date_gmt":"2025-07-11T12:52:11","guid":{"rendered":"https:\/\/www.europesays.com\/fr\/242481\/"},"modified":"2025-07-11T12:52:11","modified_gmt":"2025-07-11T12:52:11","slug":"midi-dix-faissal-mannai-renforce-lattaque-des-girondins-de-bordeaux","status":"publish","type":"post","link":"https:\/\/www.europesays.com\/fr\/242481\/","title":{"rendered":"Midi Dix : Fa\u00efssal Manna\u00ef renforce l&rsquo;attaque des Girondins de Bordeaux"},"content":{"rendered":"<p>\n    11\/07 &#8211; 13:45 | Il y a<br \/>\n    1 heure\n  <\/p>\n<p><strong>C&rsquo;est le retour de ce rendez-vous d&rsquo;actu \u00e0 mi-journ\u00e9e ce vendredi 11 juillet. Nous profitons de la pause pour faire un point complet sur l&rsquo;actualit\u00e9 des Girondins de Bordeaux avec une revue de presse et des infos. On parle bien entendu mercato.<\/strong><\/p>\n<p><img decoding=\"async\" src=\"https:\/\/www.europesays.com\/fr\/wp-content\/uploads\/2025\/07\/671_3124583c52a93507be0cb8f31ef4e956.jpg\" alt=\"Midi Dix : Fa\u00efssal Manna\u00ef renforce l'attaque des Girondins de Bordeaux\" class=\"img-responsive mt-3\"\/><\/p>\n<p class=\"text-center mb-3\" style=\"font-size: 14px\">\u00a9 Iconsport<\/p>\n<p>Suivez l&rsquo;\u00e9mission sur cette page ou sur la <a href=\"https:\/\/www.youtube.com\/watch?v=iwiJUoHyEXU\" target=\"_blank\" rel=\"noopener\">cha\u00eene YouTube de WebGirondins.\u00a0<\/a><\/p>\n<p>Ce navigateur ne supporte pas les iframes<\/p>\n<p>\u00a0<\/p>\n<p>\u00c0 lire &gt;&gt; <strong><a href=\"https:\/\/www.webgirondins.com\/actualite-girondins-girondins-faissal-mannai-s-engage-avec-bordeaux-129691\" target=\"_blank\" rel=\"noopener\">Fa\u00efssal Manna\u00ef s&rsquo;engage avec Bordeaux<\/a><\/strong><\/p>\n<p>Notre podcast court :<\/p>\n<p>N.P<\/p>\n<p>    <a href=\"https:\/\/www.webgirondins.com\/actualites-categorie-webgirondins-tv-12\" target=\"_blank\" rel=\"noopener\">#WebGirondins TV<\/a><\/p>\n<p>  COMMENTAIRES<br \/>\n  ()<\/p>\n","protected":false},"excerpt":{"rendered":"11\/07 &#8211; 13:45 | Il y a 1 heure C&rsquo;est le retour de ce rendez-vous d&rsquo;actu \u00e0 mi-journ\u00e9e&hellip;\n","protected":false},"author":2,"featured_media":239907,"comment_status":"","ping_status":"","sticky":false,"template":"","format":"standard","meta":{"footnotes":""},"categories":[2817],"tags":[1111,47,11,834,3396,1997,3949,1777,674,4560,38071,1011,27,1987,3465,2868,38072,11961,12,3946,2219,11965,3948,471,11964,11963,36546,25,8133,4053,6949,4568],"class_list":{"0":"post-242481","1":"post","2":"type-post","3":"status-publish","4":"format-standard","5":"has-post-thumbnail","7":"category-bordeaux","8":"tag-actu","9":"tag-actualite","10":"tag-actualites","11":"tag-attaque","12":"tag-avec","13":"tag-bordeaux","14":"tag-complet","15":"tag-eu","16":"tag-europe","17":"tag-faire","18":"tag-faissal","19":"tag-fr","20":"tag-france","21":"tag-girondins","22":"tag-journee","23":"tag-juillet","24":"tag-mannai","25":"tag-midi","26":"tag-news","27":"tag-nous","28":"tag-nouvelle-aquitaine","29":"tag-pause","30":"tag-point","31":"tag-pour","32":"tag-profitons","33":"tag-rendez","34":"tag-renforce","35":"tag-republique-francaise","36":"tag-retour","37":"tag-revue","38":"tag-vendredi","39":"tag-vous"},"share_on_mastodon":{"url":"https:\/\/pubeurope.com\/@fr\/114834698731788582","error":""},"_links":{"self":[{"href":"https:\/\/www.europesays.com\/fr\/wp-json\/wp\/v2\/posts\/242481","targetHints":{"allow":["GET"]}}],"collection":[{"href":"https:\/\/www.europesays.com\/fr\/wp-json\/wp\/v2\/posts"}],"about":[{"href":"https:\/\/www.europesays.com\/fr\/wp-json\/wp\/v2\/types\/post"}],"author":[{"embeddable":true,"href":"https:\/\/www.europesays.com\/fr\/wp-json\/wp\/v2\/users\/2"}],"replies":[{"embeddable":true,"href":"https:\/\/www.europesays.com\/fr\/wp-json\/wp\/v2\/comments?post=242481"}],"version-history":[{"count":0,"href":"https:\/\/www.europesays.com\/fr\/wp-json\/wp\/v2\/posts\/242481\/revisions"}],"wp:featuredmedia":[{"embeddable":true,"href":"https:\/\/www.europesays.com\/fr\/wp-json\/wp\/v2\/media\/239907"}],"wp:attachment":[{"href":"https:\/\/www.europesays.com\/fr\/wp-json\/wp\/v2\/media?parent=242481"}],"wp:term":[{"taxonomy":"category","embeddable":true,"href":"https:\/\/www.europesays.com\/fr\/wp-json\/wp\/v2\/categories?post=242481"},{"taxonomy":"post_tag","embeddable":true,"href":"https:\/\/www.europesays.com\/fr\/wp-json\/wp\/v2\/tags?post=242481"}],"curies":[{"name":"wp","href":"https:\/\/api.w.org\/{rel}","templated":true}]}}