{"id":242490,"date":"2025-07-11T12:57:11","date_gmt":"2025-07-11T12:57:11","guid":{"rendered":"https:\/\/www.europesays.com\/fr\/242490\/"},"modified":"2025-07-11T12:57:11","modified_gmt":"2025-07-11T12:57:11","slug":"on-a-vu-polnareff-a-marseille-voici-pourquoi-sa-tournee-varoise-est-immanquable","status":"publish","type":"post","link":"https:\/\/www.europesays.com\/fr\/242490\/","title":{"rendered":"On a vu Polnareff \u00e0 Marseille: voici pourquoi sa tourn\u00e9e varoise est immanquable"},"content":{"rendered":"<p>              <img ci-src=\"https:\/\/www.varmatin.com\/musique\/protec\/DATA_ART_15877608-F8EGcwyT.jpg?vh=cb49d7&amp;ci_seal=a21e08581e\" alt=\"\"\/><br \/>\n        L\u00e9gende Web uniquement. <strong>Photo Val\u00e9rie Le Parc.<\/strong> <\/p>\n<p>Si vous pensiez que la voix de Michel Polnareff \u00e9tait rest\u00e9e dans les ann\u00e9es 80, vous vous fourrez le doigt dans l\u2019\u0153il. \u00c0 bient\u00f4t 81 ans, l\u2019Amiral n\u2019a rien perdu de son panache. Depuis le mois de mai dernier, il est sur sc\u00e8ne dans le cadre de sa Derri\u00e8re Tourn\u00e9e, \u00e0 voir \u00e0 Toulon ce 12 juillet et \u00e0 Sainte-Maxime ce 17 juillet. Le 4 juin dernier, il \u00e9tait au D\u00f4me de Marseille pour un voyage dans le temps m\u00e9morable et une d\u00e9monstration de ses capacit\u00e9s vocales et musicales. Avant m\u00eame d\u2019entrer dans la salle de concert, on sait qu\u2019on se trouve au bon endroit: tee-shirts \u00e0 l\u2019effigie de l\u2019artiste, casquettes, perruques et lunettes, les Polnafans ont r\u00e9pondu pr\u00e9sents au rendez-vous.<\/p>\n<p>Apr\u00e8s une premi\u00e8re partie de qualit\u00e9 propos\u00e9e par L\u00e9man, les grilles dispos\u00e9es sur sc\u00e8ne se sont lev\u00e9es, et Michel Polnareff est apparu derri\u00e8re son piano, mythiques lunettes blanches sur le nez, \u00e9ternelles boucles blondes, chapeau Stetson bleu pastel viss\u00e9 sur le cr\u00e2ne et Perfecto en cuir motif python. Les \u00ab\u00a0Michel on t\u2019aime!\u00a0\u00bb fusent un peu partout dans la salle. L\u2019interpr\u00e8te de Lettre \u00e0 France, taquin, d\u00e9clame: \u00ab\u00a0Bonsoir Marseille, bonsoir l\u2019OM et bonsoir Jul\u00a0\u00bb. Il passera tout le concert assis derri\u00e8re son instrument et pourtant, l\u2019ambiance dans la salle ne tarde pas \u00e0 devenir \u00e9lectrique et survolt\u00e9e.<\/p>\n<p>Pour l\u2019ouverture de bal, l\u2019Amiral interpr\u00e8te Tam Tam l\u2019homme pr\u00e9histo, un titre sorti en 1981, avec comme d\u00e9cor des projections de planches de manga en noir et blanc qui d\u00e9filent derri\u00e8re lui. \u00c0 chaque \u00ab\u00a0Tam Tam Tam Tam Tam\u00a0\u00bb du refrain, celui qui avait fait scandale au d\u00e9but des ann\u00e9es 70 en montrant ses fesses, se tourne vers ses \u00ab\u00a0choristes \u00ab\u00a0, comme il aime les appeler, les pointe du doigt et les invite \u00e0 entonner en ch\u0153ur la ritournelle. D\u00e8s les premi\u00e8res notes du deuxi\u00e8me titre, La Poup\u00e9e qui fait non, les Polnafans ont commenc\u00e9 \u00e0 se ruer vers le devant de la sc\u00e8ne, causant la col\u00e8re du public des premiers rangs qui a implor\u00e9 pendant de tr\u00e8s longues minutes \u00ab\u00a0assis, assis\u00a0\u00bb, en vain. Michel Polnareff, imperturbable, sourit: \u00ab\u00a0J\u2019ai une suggestion, ceux qui sont debout, restez, et ceux qui sont assis, levez-vous!\u00a0\u00bb. L\u2019homme n\u2019a rien perdu de son impertinence l\u00e9gendaire, et les plus fervents spectateurs resteront debout jusqu\u2019\u00e0 la fin du concert. Pour accompagner l\u2019Amiral sur sc\u00e8ne, ils sont huit musiciens, dont un quatuor \u00e0 cordes qui ajoute une touche de douceur et de gr\u00e2ce aux m\u00e9lodies intemporelles de l\u2019artiste.<\/p>\n<p>Concert grandiose et final en apoth\u00e9ose<\/p>\n<p>Le spectacle file, entre projections hypnotiques et reprises de ses nombreux titres. Il interpr\u00e8te des morceaux de son dernier album, Un temps pour elles, sorti \u00e0 la fin du mois d\u2019avril dernier, comme Sexcetera et Tu n\u2019m\u2019entends pas, un titre que l\u2019artiste affectionne tout particuli\u00e8rement et qui \u00e9voque les difficult\u00e9s de communication. La magie continue d\u2019op\u00e9rer avec Love Me, Please Love Me, interpr\u00e9t\u00e9 sous une mer de lumi\u00e8res de portables, transformant la salle en une constellation improvis\u00e9e.<\/p>\n<p>Le bouquet final est \u00e0 la hauteur de la l\u00e9gende: Tout, tout pour ma ch\u00e9rie bien rythm\u00e9 et dansant, On ira tous au paradis transform\u00e9 en gigantesque karaok\u00e9 et bien s\u00fbr Lettre \u00e0 France, interpr\u00e9t\u00e9 a cappella avec une justesse qui donne des frissons. Quand retentissent les premi\u00e8res notes de Goodbye Marylou, c\u2019est le D\u00f4me tout entier qui se met \u00e0 chanter, des spectateurs \u00e2g\u00e9s aux parents venus avec leurs adolescents. Si la majorit\u00e9 du public est grisonnante, \u00e0 en juger par le nombre de t\u00e9l\u00e9phones qui filment au format paysage, les m\u00e9lodies de Michel Polnareff restent multig\u00e9n\u00e9rationnelles. Sous les applaudissements d\u2019un public qui en redemande, le rappel est in\u00e9vitable. Lettre \u00e0 France revient dans une version acoustique tr\u00e8s douce et \u00e9mouvante, suivie de Sexcetera et cette fois, plus un spectateur ne reste assis. L\u2019Amiral salue longuement, visiblement \u00e9mu, avant de dispara\u00eetre dans la nuit marseillaise.<\/p>\n<p>\u00c0 la sortie de la salle, le public est unanime et conquis. S\u00e9verine et Pascal, qui ont fait le trajet depuis Gap, sont enchant\u00e9s: \u00ab\u00a0C\u2019est la premi\u00e8re fois qu\u2019on le voyait et on a ador\u00e9, j\u2019ai m\u00eame vers\u00e9 quelques larmes. On a encore deux heures de route pour rentrer et du travail demain, mais on ne regrette pas!\u00a0\u00bb C\u2019\u00e9tait aussi une premi\u00e8re fois pour Annabelle, \u00e9tudiante en psychologie \u00e0 l\u2019Universit\u00e9 d\u2019Aix-Marseille, venue seule \u00e9couter \u00ab\u00a0les chansons que me chantait mon p\u00e8re \u00e9tant plus jeune\u00a0\u00bb. Ce soir-l\u00e0, \u00e0 Marseille, Michel Polnareff n\u2019a pas fait que donner un concert, il a offert une master class d\u2019artiste total, prouvant que le g\u00e9nie musical n\u2019a pas d\u2019\u00e2ge.<\/p>\n<p>Michel Polnareff au Son by Toulon samedi 12 juillet, \u00e0 20h30. De 79 \u00e0 120 euros.<\/p>\n<p>Aux Sc\u00e8nes d\u2019\u00c9t\u00e9 \u00e0 Sainte-Maxime jeudi 17 juillet, \u00e0 21h. De 62 \u00e0 72 euros.<\/p>\n<p>            L\u00e9man, l\u2019\u00e9clat d\u2019une voix avant celle de l\u2019Amiral<\/p>\n<p>Dans la biographie de son compte Instagram, on peut lire \u00ab\u00a0Je ne suis pas le lac\u00a0\u00bb. Il pourrait \u00eatre humoriste, et pourtant L\u00e9man est chanteur, et c\u2019est lui qui s\u2019est occup\u00e9 de la premi\u00e8re partie du concert de Michel Polnareff au D\u00f4me de Marseille, le 4 juin dernier. Il sera aussi \u00e0 Toulon ce 12 juillet, toujours pour la premi\u00e8re partie de l\u2019Amiral. On pourrait penser que monter sur sc\u00e8ne juste avant un grand nom de la chanson fran\u00e7aise serait terriblement angoissant pour un jeune artiste, et pourtant, L\u00e9man a d\u00e9j\u00e0 tout d\u2019un grand.<\/p>\n<p>Alors \u00e2g\u00e9 de 23 ans, il est candidat \u00e0 la 6e saison de l\u2019\u00e9mission The Voice, diffus\u00e9e en 2017 sur TF1. Il se fait remarquer avec sa reprise du titre Vivre ou survivre, de Daniel Balavoine. Son aventure dans l\u2019\u00e9mission s\u2019arr\u00eate au moment des battles, mais l\u2019artiste continue de partager sa voix et ses textes sur les r\u00e9seaux sociaux. Il enflamme la toile en 2023 avec une reprise dramatique de La Danse des canards, cumulant aujourd\u2019hui plusieurs millions de vues sur TikTok. Depuis, il sort plusieurs singles, comme Petit gar\u00e7on, On attend ou encore JVQTSM, \u00e9cout\u00e9 plus de 7 millions de fois sur Spotify. En juin 2024, il sort son premier EP, On est plein, compos\u00e9 de six titres.<\/p>\n<p>Sur sc\u00e8ne, il joue de la guitare et est accompagn\u00e9 au piano par Estelle Mouge. Sa voix est puissante, presque cristalline, montant sans difficult\u00e9s dans les aigus, et ses textes sont bien cisel\u00e9s et po\u00e9tiques. Dans le titre Adieu Musique, issu de son premier album pr\u00e9vu pour la fin de l\u2019ann\u00e9e, il aborde son souhait d\u2019arr\u00eater la musique, \u00e0 cause de ses trop nombreuses contraintes.<\/p>\n<p>\u00ab\u00a0On m\u2019a dit que pour r\u00e9ussir, je devais avoir un discours de haine, proche de celui de l\u2019extr\u00eame droite. J\u2019ai \u00e9crit cette chanson au moment o\u00f9 je voulais tout arr\u00eater, mais aujourd\u2019hui, je suis heureux de vous annoncer que j\u2019ai sign\u00e9 dans un super label, et il se trouve que c\u2019est le m\u00eame que Michel Polnareff.\u00a0\u00bb<\/p>\n<p>              <img ci-src=\"https:\/\/www.varmatin.com\/musique\/protec\/DATA_ART_15877594-Dxb9QYFI.jpg?vh=50ed2f&amp;ci_seal=2b60d72419\" alt=\"\"\/><br \/>\n        L\u00e9man a \u00e9merveill\u00e9 le public du D\u00f4me, \u00e0 Marseille, le 4 juin dernier, en premi\u00e8re partie de Michel Polnareff. Photo C. R. <\/p>\n","protected":false},"excerpt":{"rendered":"L\u00e9gende Web uniquement. Photo Val\u00e9rie Le Parc. Si vous pensiez que la voix de Michel Polnareff \u00e9tait rest\u00e9e&hellip;\n","protected":false},"author":2,"featured_media":242491,"comment_status":"","ping_status":"","sticky":false,"template":"","format":"standard","meta":{"footnotes":""},"categories":[2814],"tags":[1111,11,4156,251,1777,674,1011,27,884,873,12,882,25],"class_list":{"0":"post-242490","1":"post","2":"type-post","3":"status-publish","4":"format-standard","5":"has-post-thumbnail","7":"category-marseille","8":"tag-actu","9":"tag-actualites","10":"tag-concerts","11":"tag-culture","12":"tag-eu","13":"tag-europe","14":"tag-fr","15":"tag-france","16":"tag-marseille","17":"tag-musique","18":"tag-news","19":"tag-provence-alpes-cote-dazur","20":"tag-republique-francaise"},"share_on_mastodon":{"url":"https:\/\/pubeurope.com\/@fr\/114834718353306732","error":""},"_links":{"self":[{"href":"https:\/\/www.europesays.com\/fr\/wp-json\/wp\/v2\/posts\/242490","targetHints":{"allow":["GET"]}}],"collection":[{"href":"https:\/\/www.europesays.com\/fr\/wp-json\/wp\/v2\/posts"}],"about":[{"href":"https:\/\/www.europesays.com\/fr\/wp-json\/wp\/v2\/types\/post"}],"author":[{"embeddable":true,"href":"https:\/\/www.europesays.com\/fr\/wp-json\/wp\/v2\/users\/2"}],"replies":[{"embeddable":true,"href":"https:\/\/www.europesays.com\/fr\/wp-json\/wp\/v2\/comments?post=242490"}],"version-history":[{"count":0,"href":"https:\/\/www.europesays.com\/fr\/wp-json\/wp\/v2\/posts\/242490\/revisions"}],"wp:featuredmedia":[{"embeddable":true,"href":"https:\/\/www.europesays.com\/fr\/wp-json\/wp\/v2\/media\/242491"}],"wp:attachment":[{"href":"https:\/\/www.europesays.com\/fr\/wp-json\/wp\/v2\/media?parent=242490"}],"wp:term":[{"taxonomy":"category","embeddable":true,"href":"https:\/\/www.europesays.com\/fr\/wp-json\/wp\/v2\/categories?post=242490"},{"taxonomy":"post_tag","embeddable":true,"href":"https:\/\/www.europesays.com\/fr\/wp-json\/wp\/v2\/tags?post=242490"}],"curies":[{"name":"wp","href":"https:\/\/api.w.org\/{rel}","templated":true}]}}