{"id":242492,"date":"2025-07-11T12:58:09","date_gmt":"2025-07-11T12:58:09","guid":{"rendered":"https:\/\/www.europesays.com\/fr\/242492\/"},"modified":"2025-07-11T12:58:09","modified_gmt":"2025-07-11T12:58:09","slug":"un-couple-doctogenaires-retrouve-mort-pres-de-marseille-ce-que-lon-sait","status":"publish","type":"post","link":"https:\/\/www.europesays.com\/fr\/242492\/","title":{"rendered":"Un couple d&rsquo;octog\u00e9naires retrouv\u00e9 mort pr\u00e8s de Marseille, ce que l&rsquo;on sait"},"content":{"rendered":"<p>            Par<br \/>\n        <strong><br \/>\n            <a href=\"https:\/\/actu.fr\/auteur\/thomas-blanc\" title=\"Consulter tous les articles de Thomas Blanc\" rel=\"nofollow noopener\" target=\"_blank\">Thomas Blanc<\/a><br \/>\n        <\/strong><\/p>\n<p>        Publi\u00e9 le<\/p>\n<p>            11 juil. 2025 \u00e0 14h53        <\/p>\n<p>Des coups de feu en pleine soir\u00e9e. Ce jeudi 10 juillet 2025, surpris et inquiets suite \u00e0 ces d\u00e9tonations, les voisins d\u2019un couple de retrait\u00e9s de Ch\u00e2teaurenard dans le nord des Bouches-du-Rh\u00f4ne, pr\u00e8s de <a href=\"https:\/\/actu.fr\/?s=marseille\" rel=\"nofollow noopener\" target=\"_blank\">Marseille<\/a> et d\u2019<a href=\"https:\/\/actu.fr\/?s=avignon\" rel=\"nofollow noopener\" target=\"_blank\">Avigno<\/a>n, ont appel\u00e9s les <a href=\"https:\/\/actu.fr\/?s=gendarme\" rel=\"nofollow noopener\" target=\"_blank\">gendarmes<\/a>.<\/p>\n<p class=\" wall-content\">Les militaires ont d\u00e9couvert l\u2019homme et la femme, tous deux \u00e2g\u00e9s de plus de 85 ans, touch\u00e9s par balles.<\/p>\n<p>Un f\u00e9minicide et un suicide<\/p>\n<p class=\" wall-content\">\u00c0 l\u2019arriv\u00e9e des gendarmes, la femme, \u00e2g\u00e9e de 87 ans <strong>est d\u00e9j\u00e0 d\u00e9c\u00e9d\u00e9e<\/strong>. Elle pr\u00e9sentait \u00ab\u2009deux traces d\u2019impacts de tirs d\u2019armes \u00e0 feu\u2009\u00bb selon le parquet de Tarascon, contact\u00e9 par actu Marseille.<\/p>\n<p>    <a href=\"https:\/\/www.google.com\/maps\/embed?pb=!1m18!1m12!1m3!1d76060.62017435783!2d4.857632859753562!3d43.890998936716166!2m3!1f0!2f0!3f0!3m2!1i1024!2i768!4f13.1!3m3!1m2!1s0x12b5ee54d242581d%3A0x83416532f6907b6!2s13160%20Ch%C3%A2teaurenard!5e0!3m2!1sfr!2sfr!4v1752236328037!5m2!1sfr!2sfr\" title=\"Ouvrie le lien\" rel=\"nofollow noopener\" target=\"_blank\">Cliquez ici pour visualiser le contenu<\/a><\/p>\n<p class=\" wall-content\">Le mari, lui, n\u2019est pas encore mort, \u00ab\u2009\u00e0 proximit\u00e9 gisait \u00e9galement le corps d\u2019un homme \u00e2g\u00e9 de 85\u00a0ans et agonisant pr\u00e9sentant une trace d\u2019impact de tir d\u2019arme \u00e0 feu. <strong>Le bless\u00e9 d\u00e9c\u00e9dera sur site<\/strong> malgr\u00e9 le d\u00e9clenchement des secours\u2009\u00bb, d\u00e9taille aussi le Procureur de la R\u00e9publique.<\/p>\n<p>Vid\u00e9os : en ce moment sur ActuL\u2019\u00e9pouse atteinte d\u2019une maladie<\/p>\n<p class=\" wall-content\">L\u2019\u00e9tat de sant\u00e9 de l\u2019\u00e9pouse \u00e9tait fortement d\u00e9grad\u00e9. La brigade de recherche de la<br \/>compagnie de gendarmerie d\u2019Arles poursuit ses investigations pour confirmer le chef de meurtre par conjoint.<\/p>\n<p class=\" wall-content\">Il pourrait relever \u00ab\u2009d\u2019une incapacit\u00e9 psychique pour le mari \u00e0 supporter<strong> l\u2019\u00e9tat de d\u00e9g\u00e9n\u00e9rescence de son \u00e9pouse<\/strong>\u2009\u00bb, indique le parquet.<\/p>\n<p class=\" wall-content\">Les services judiciaires indiquent n\u2019avoir jamais \u00e9t\u00e9 alert\u00e9s sur la situation de ce couple.<\/p>\n<p class=\" wall-content\">Suivez toute l\u2019actualit\u00e9 de vos villes et m\u00e9dias favoris en vous inscrivant \u00e0 <a href=\"https:\/\/moncompte.actu.fr\" title=\"D\u00e9couvez Mon Actu\" rel=\"nofollow noopener\" data-trk=\"{&quot;cta&quot;:{&quot;action&quot;:&quot;https:\\\/\\\/moncompte.actu.fr&quot;,&quot;category&quot;:&quot;mon compte&quot;,&quot;from&quot;:&quot;article footer&quot;,&quot;name&quot;:&quot;Mon actu&quot;,&quot;type&quot;:&quot;cta&quot;}}\" target=\"_blank\">Mon Actu<\/a>.<\/p>\n","protected":false},"excerpt":{"rendered":"Par Thomas Blanc Publi\u00e9 le 11 juil. 2025 \u00e0 14h53 Des coups de feu en pleine soir\u00e9e. Ce&hellip;\n","protected":false},"author":2,"featured_media":242493,"comment_status":"","ping_status":"","sticky":false,"template":"","format":"standard","meta":{"footnotes":""},"categories":[2814],"tags":[1111,11,1777,674,118,1011,27,3381,884,777,12,1072,882,25],"class_list":{"0":"post-242492","1":"post","2":"type-post","3":"status-publish","4":"format-standard","5":"has-post-thumbnail","7":"category-marseille","8":"tag-actu","9":"tag-actualites","10":"tag-eu","11":"tag-europe","12":"tag-faits-divers","13":"tag-fr","14":"tag-france","15":"tag-gendarmerie","16":"tag-marseille","17":"tag-meurtre","18":"tag-news","19":"tag-police","20":"tag-provence-alpes-cote-dazur","21":"tag-republique-francaise"},"share_on_mastodon":{"url":"https:\/\/pubeurope.com\/@fr\/114834722230685756","error":""},"_links":{"self":[{"href":"https:\/\/www.europesays.com\/fr\/wp-json\/wp\/v2\/posts\/242492","targetHints":{"allow":["GET"]}}],"collection":[{"href":"https:\/\/www.europesays.com\/fr\/wp-json\/wp\/v2\/posts"}],"about":[{"href":"https:\/\/www.europesays.com\/fr\/wp-json\/wp\/v2\/types\/post"}],"author":[{"embeddable":true,"href":"https:\/\/www.europesays.com\/fr\/wp-json\/wp\/v2\/users\/2"}],"replies":[{"embeddable":true,"href":"https:\/\/www.europesays.com\/fr\/wp-json\/wp\/v2\/comments?post=242492"}],"version-history":[{"count":0,"href":"https:\/\/www.europesays.com\/fr\/wp-json\/wp\/v2\/posts\/242492\/revisions"}],"wp:featuredmedia":[{"embeddable":true,"href":"https:\/\/www.europesays.com\/fr\/wp-json\/wp\/v2\/media\/242493"}],"wp:attachment":[{"href":"https:\/\/www.europesays.com\/fr\/wp-json\/wp\/v2\/media?parent=242492"}],"wp:term":[{"taxonomy":"category","embeddable":true,"href":"https:\/\/www.europesays.com\/fr\/wp-json\/wp\/v2\/categories?post=242492"},{"taxonomy":"post_tag","embeddable":true,"href":"https:\/\/www.europesays.com\/fr\/wp-json\/wp\/v2\/tags?post=242492"}],"curies":[{"name":"wp","href":"https:\/\/api.w.org\/{rel}","templated":true}]}}