{"id":242498,"date":"2025-07-11T13:01:10","date_gmt":"2025-07-11T13:01:10","guid":{"rendered":"https:\/\/www.europesays.com\/fr\/242498\/"},"modified":"2025-07-11T13:01:10","modified_gmt":"2025-07-11T13:01:10","slug":"week-end-du-14-juillet-plus-de-240-kilometres-de-bouchons-cumules-ce-vendredi-a-la-mi-journee-en-ile-de-france","status":"publish","type":"post","link":"https:\/\/www.europesays.com\/fr\/242498\/","title":{"rendered":"Week-end du 14\u00a0juillet\u00a0: plus de 240 kilom\u00e8tres de bouchons cumul\u00e9s ce vendredi \u00e0 la mi-journ\u00e9e en \u00cele-de-France"},"content":{"rendered":"<p class=\"paragraph text_align_left lp-f-body-02\">Les routes sont charg\u00e9es en ce vendredi de d\u00e9part de vacances. <a href=\"https:\/\/www.leparisien.fr\/societe\/week-end-du-14-juillet-bison-fute-voit-rouge-et-noir-pour-les-departs-en-vacances-10-07-2025-WUSSFUA7YNDVDLLCCAVAGIAOLM.php\" target=\"_blank\" rel=\"noreferrer noopener\">La journ\u00e9e est class\u00e9e rouge par Bison fut\u00e9<\/a> sur toute la France, dans le sens des d\u00e9parts. Les routes de France cumulaient vendredi \u00e0 la mi-journ\u00e9e 247 kilom\u00e8tres de bouchons, selon le site de trafic en temps r\u00e9el, <a href=\"https:\/\/www.sytadin.fr\/sys\/barometre_bouchon.jsp.html\" target=\"_blank\" rel=\"noreferrer noopener\">Sytadin<\/a>.<\/p>\n<p class=\"paragraph text_align_left lp-f-body-02\">D\u00e8s la fin de matin\u00e9e, la circulation est devenue tr\u00e8s dense en \u00cele-de-France, en direction des barri\u00e8res de p\u00e9age des autoroutes A10 et A6. Des ralentissements ont \u00e9galement \u00e9t\u00e9 observ\u00e9s sur les autoroutes qui y convergent, comme l\u2019A86 et l\u2019A6b.<\/p>\n<p>Un trafic dense pour le week-end du 14\u00a0juillet<\/p>\n<p class=\"paragraph text_align_left lp-f-body-02\">Dans le sens des retours, les axes du quart Sud-Est devraient \u00eatre particuli\u00e8rement sollicit\u00e9s ce vendredi, \u00e0 l\u2019instar des autoroutes A9, A8, A57 et A43, ainsi que ceux de la moiti\u00e9 Nord (A81, A1), pr\u00e9voit <a href=\"https:\/\/www.bison-fute.gouv.fr\/du-11-07-au-14-07.html\" target=\"_blank\" rel=\"noreferrer noopener\">Bison fut\u00e9<\/a>.<\/p>\n<p class=\"paragraph text_align_left lp-f-body-02\">Un <a href=\"https:\/\/www.leparisien.fr\/societe\/week-end-du-14-juillet-bison-fute-voit-rouge-et-noir-pour-les-departs-en-vacances-10-07-2025-WUSSFUA7YNDVDLLCCAVAGIAOLM.php\" target=\"_blank\" rel=\"noreferrer noopener\">trafic dense est pr\u00e9vu pour tout le week-end du 14\u00a0juillet<\/a>. Les routes vers l\u2019Atlantique, l\u2019Auvergne-Rh\u00f4ne-Alpes et la M\u00e9diterran\u00e9e seront particuli\u00e8rement charg\u00e9es, avec un samedi class\u00e9 noir sur une partie de la France. L\u2019organisme de pr\u00e9vision du trafic vous recommande alors de quitter ou traverser l\u2019\u00cele-de-France avant 5\u00a0heures ou apr\u00e8s 19\u00a0heures.<\/p>\n<p class=\"paragraph text_align_left lp-f-body-02\">Samedi, le trafic sera moindre dans le sens des retours, mais restera charg\u00e9, ce qui conduit Bison fut\u00e9 \u00e0 placer la France en vigilance orange. Les axes du quart Sud-Est seront particuli\u00e8rement sollicit\u00e9s, <a href=\"https:\/\/www.leparisien.fr\/aude-11\/herault-gros-incendie-a-proximite-de-lautoroute-a9-a-fabregues-200-pompiers-mobilises-05-07-2025-42ZMITNBRVGGFPWA7IFU7N6WNU.php\" rel=\"noopener\" target=\"_blank\">\u00e0 l\u2019instar des autoroutes A9<\/a>, A8, A57 et A43, ainsi que ceux de la moiti\u00e9 nord.<\/p>\n","protected":false},"excerpt":{"rendered":"Les routes sont charg\u00e9es en ce vendredi de d\u00e9part de vacances. La journ\u00e9e est class\u00e9e rouge par Bison&hellip;\n","protected":false},"author":2,"featured_media":242499,"comment_status":"","ping_status":"","sticky":false,"template":"","format":"standard","meta":{"footnotes":""},"categories":[1592],"tags":[1111,11,1777,674,1011,27,662,1944,12,626,25,2382],"class_list":{"0":"post-242498","1":"post","2":"type-post","3":"status-publish","4":"format-standard","5":"has-post-thumbnail","7":"category-ile-de-france","8":"tag-actu","9":"tag-actualites","10":"tag-eu","11":"tag-europe","12":"tag-fr","13":"tag-france","14":"tag-ile-de-france","15":"tag-ma-ville","16":"tag-news","17":"tag-paris","18":"tag-republique-francaise","19":"tag-transport-idf-oise"},"share_on_mastodon":{"url":"https:\/\/pubeurope.com\/@fr\/114834734047030518","error":""},"_links":{"self":[{"href":"https:\/\/www.europesays.com\/fr\/wp-json\/wp\/v2\/posts\/242498","targetHints":{"allow":["GET"]}}],"collection":[{"href":"https:\/\/www.europesays.com\/fr\/wp-json\/wp\/v2\/posts"}],"about":[{"href":"https:\/\/www.europesays.com\/fr\/wp-json\/wp\/v2\/types\/post"}],"author":[{"embeddable":true,"href":"https:\/\/www.europesays.com\/fr\/wp-json\/wp\/v2\/users\/2"}],"replies":[{"embeddable":true,"href":"https:\/\/www.europesays.com\/fr\/wp-json\/wp\/v2\/comments?post=242498"}],"version-history":[{"count":0,"href":"https:\/\/www.europesays.com\/fr\/wp-json\/wp\/v2\/posts\/242498\/revisions"}],"wp:featuredmedia":[{"embeddable":true,"href":"https:\/\/www.europesays.com\/fr\/wp-json\/wp\/v2\/media\/242499"}],"wp:attachment":[{"href":"https:\/\/www.europesays.com\/fr\/wp-json\/wp\/v2\/media?parent=242498"}],"wp:term":[{"taxonomy":"category","embeddable":true,"href":"https:\/\/www.europesays.com\/fr\/wp-json\/wp\/v2\/categories?post=242498"},{"taxonomy":"post_tag","embeddable":true,"href":"https:\/\/www.europesays.com\/fr\/wp-json\/wp\/v2\/tags?post=242498"}],"curies":[{"name":"wp","href":"https:\/\/api.w.org\/{rel}","templated":true}]}}