{"id":242502,"date":"2025-07-11T13:03:10","date_gmt":"2025-07-11T13:03:10","guid":{"rendered":"https:\/\/www.europesays.com\/fr\/242502\/"},"modified":"2025-07-11T13:03:10","modified_gmt":"2025-07-11T13:03:10","slug":"ou-et-quand-venir-faire-la-fete-dans-les-casernes-a-paris-et-en-petite-couronne","status":"publish","type":"post","link":"https:\/\/www.europesays.com\/fr\/242502\/","title":{"rendered":"o\u00f9 et quand venir faire la f\u00eate dans les casernes \u00e0 Paris et en petite couronne\u00a0?"},"content":{"rendered":"<p>            Par<br \/>\n        <strong><br \/>\n            <a href=\"https:\/\/actu.fr\/auteur\/sarah-coulet\" title=\"Consulter tous les articles de Sarah Coulet\" target=\"_blank\" rel=\"noopener\">Sarah Coulet<\/a><br \/>\n        <\/strong><\/p>\n<p>        Publi\u00e9 le<\/p>\n<p>            11 juil. 2025 \u00e0 14h12        <\/p>\n<p>Cette ann\u00e9e encore, les <a href=\"https:\/\/actu.fr\/tag\/brigade-de-sapeurs-pompiers-de-paris\" target=\"_blank\" rel=\"noopener\">pompiers de Paris<\/a> s\u2019appr\u00eatent \u00e0 accueillir Parisiens et touristes pour ce qui est devenu, au m\u00eame titre que les feux d\u2019artifice, une tradition des <a href=\"https:\/\/actu.fr\/ile-de-france\/paris_75056\/le-defile-du-14-juillet-renoue-avec-les-traditions-en-2025-a-paris-a-quoi-s-attendre_62750040.html\" target=\"_blank\" rel=\"noopener\">festivit\u00e9s du 14-Juillet<\/a>\u2009: <strong>le bal des pompiers<\/strong>.\u00a0Tour d\u2019horizon des casernes de Paris et de petite couronne qui seront reconverties, le temps d\u2019une soir\u00e9e, en salle des f\u00eates.<\/p>\n<p class=\" wall-content\">Heureux hasard du calendrier\u2009: le 14-Juillet tombe cette ann\u00e9e un lundi. Les bals auront donc lieu <strong>samedi\u00a012<\/strong> ou <strong>dimanche 13\u00a0juillet 2025<\/strong>.<\/p>\n<p>Samedi 12\u00a0juillet 2025<\/p>\n<p class=\" wall-content\"><strong>Paris<\/strong><\/p>\n<p class=\" wall-content\">\u2013 Centre de secours de Rousseau dans le 1er arrondissement<\/p>\n<p>21 rue du Jour \u2013 75001 Paris<br \/>De 21h00 \u00e0 04h00<\/p>\n<p class=\" wall-content\">\u2013 Centre de secours de Malar dans le 6e arrondissement<\/p>\n<p>Vid\u00e9os : en ce moment sur Actu<\/p>\n<p>7 rue Malar 75006 Paris<br \/>De 18h00 \u00e0 01h00<\/p>\n<p class=\" wall-content\">\u2013 Centre de secours de Montmartre dans le 18e<\/p>\n<p>2 rue Carpeaux \u2013 75018 Paris<br \/>De 19h00 \u00e0 4h00<\/p>\n<p class=\" wall-content\"><strong>Seine-Saint-Denis<\/strong><\/p>\n<p class=\" wall-content\">\u2013 Centre de secours de Clichy-sous-Bois<\/p>\n<p>2, all\u00e9e du Ch\u00eane Pointu \u2013 93390 Clichy-sous-Bois<br \/>De 19h00 \u00e0 02h00<\/p>\n<p class=\" wall-content\">\u2013 Centre de secours de Aubervilliers<\/p>\n<p>47 \u2013 49 rue de la commune de Paris \u2013 93300 Aubervilliers<br \/>De 21h00 \u00e0 04h00<\/p>\n<p class=\" wall-content\"><strong>Val-de-Marne<\/strong><\/p>\n<p class=\" wall-content\">\u2013 Centre de secours de Rungis<\/p>\n<p>382 avenue de Stalingrad \u2013 94550 Chevilly-Larue<br \/>De 20h00 \u00e0 02h00<\/p>\n<p>Dimanche 13\u00a0juillet 2025<\/p>\n<p class=\" wall-content\"><strong>Hauts-de-Seine<\/strong><\/p>\n<p class=\" wall-content\">\u2013 Centre de secours de Levallois<\/p>\n<p>1 avenue Georges Pompidou \u2013 92300 Levallois-Perret<br \/>De 21h00 \u00e0 04h00<\/p>\n<p class=\" wall-content\">\u2013 Centre de secours de Asni\u00e8res<\/p>\n<p>Quai du docteur Dervaux \u2013 92600 Asni\u00e8res-sur-seine<br \/>De 19h00 \u00e0 00h00<\/p>\n<p class=\" wall-content\">\u2013 Centre de secours de Clichy-la-Garenne<\/p>\n<p>137 boulevard Jean Jaur\u00e8s \u2013 92110 Clichy-la-Garenne<br \/>De 21h00 \u00e0 04h00<\/p>\n<p class=\" wall-content\">\u2013 Centre de secours de Puteaux<\/p>\n<p>106 rue de Verdun \u2013 92800 Puteaux<br \/>De 21h00 \u00e0 04h00<\/p>\n<p class=\" wall-content\">\u2013 Centre de secours de Clamart<\/p>\n<p>234 avenue Victor Hugo \u2013 92140 Clamart<br \/>De 21h00 \u00e0 04h00<\/p>\n<p class=\" wall-content\">\u2013 Centre de secours de Antony<\/p>\n<p>2 avenue Armand Guillebaud \u2013 92160 Antony<br \/>De 21h00 \u00e0 04h00<\/p>\n<p class=\" wall-content\">\u2013 Centre de secours de Issy-les-Moulineaux<\/p>\n<p>75 boulevard Galli\u00e9ni 92130 \u2013 Issy-les-Moulineaux<br \/>De 21h00 \u00e0 03h00<\/p>\n<p class=\" wall-content\">\u2013 Centre de secours de Courbevoie<\/p>\n<p>Place de la Libert\u00e9 92250 \u2013 La Garenne-Colombes<br \/>De 21h00 \u00e0 01h00<\/p>\n<p class=\" wall-content\">\u2013 Centre de secours de Boulogne<\/p>\n<p>57 rue Galli\u00e9ni \u2013 92100 Boulogne-Billancourt<br \/>De 21h00 \u00e0 04h00<\/p>\n<p class=\" wall-content\">\u2013 Centre de secours de Colombes<\/p>\n<p>Place de la renaissance \u2013 92270 Bois-Colombes<br \/>De 21h00 \u00e0 01h00<\/p>\n<p class=\" wall-content\"><strong>Paris<\/strong><\/p>\n<p class=\" wall-content\">\u2013 Centre de secours de S\u00e9vign\u00e9 dans le 4e arrondissement<\/p>\n<p>7 rue de S\u00e9vign\u00e9 \u2013 75004 Paris<br \/>De 21h00 \u00e0 04h00<\/p>\n<p class=\" wall-content\">\u2013 Centre de secours de Colombier dans le 6e arrondissement<\/p>\n<p>11 rue du vieux colombier 75006 Paris<br \/>De 21h00 \u00e0 04h00<\/p>\n<p class=\" wall-content\">\u2013 Centre de secours de Blanche dans le 9e arrondissement<\/p>\n<p>28 rue Blanche \u2013 75009 Paris<br \/>De 19h00 \u00e0 04h00<\/p>\n<p class=\" wall-content\">\u2013 Centre de secours de Chaligny dans le 12e arrondissement<\/p>\n<p>26 rue de Chaligny \u2013 75012 Paris<br \/>De 21h00 \u00e0 04h00<\/p>\n<p class=\" wall-content\">\u2013 Centre de secours de Mass\u00e9na dans le 13e arrondissement<\/p>\n<p>3 rue Darmesteter \u2013 75013 Paris<br \/>De 21h00 \u00e0 04h00<\/p>\n<p class=\" wall-content\">\u2013 Centre de secours de Port-Royal dans le 13e arrondissement<\/p>\n<p>55 boulevard de Port-Royal dans le 13e arrondissement de Paris<br \/>De 21h00 \u00e0 04h00<\/p>\n<p class=\" wall-content\">\u2013 Centre de secours de Grenelle dans le 15e arrondissement<\/p>\n<p>6 place Violet 75015 Paris<br \/>De 21h00 \u00e0 04h00<\/p>\n<p class=\" wall-content\">\u2013 Centre de secours de Dauphine dans le 16e arrondissement<\/p>\n<p>8 rue Mesnil 75016 Paris<br \/>De 21h00 \u00e0 04h00<\/p>\n<p class=\" wall-content\">\u2013 Centre de secours de Boursault dans le 17e arrondissement<\/p>\n<p>27 Rue Boursault \u2013 75017 Paris<br \/>De 19h00 \u00e0 04h00<\/p>\n<p class=\" wall-content\">\u2013 Centre de secours de Bitche dans le 19e arrondissement<\/p>\n<p>2 place de Bitche 75019<br \/>De 19h00 \u00e0 03h00<\/p>\n<p class=\" wall-content\">\u2013 Centre de secours de M\u00e9nilmontant dans le 20e arrondissement<\/p>\n<p>47 rue Saint-Fargeau \u2013 75020 Paris<br \/>De 21h00 \u00e0 03h00<\/p>\n<p class=\" wall-content\"><strong>Seine-Saint-Denis<\/strong><\/p>\n<p class=\" wall-content\">\u2013 Centre de secours de Montreuil<\/p>\n<p>11 avenue Pasteur \u2013 93100 Montreuil<br \/>De 19h00 \u00e0 04h00<\/p>\n<p class=\" wall-content\">\u2013 Centre de secours de Noisy-le-Grand<\/p>\n<p>Place de la lib\u00e9ration angle avenue Aristide Briand \u2013 93160 Noisy-le-Grand<br \/>De 20h00 \u00e0 04h00<\/p>\n<p class=\" wall-content\">\u2013 Centre de secours de Drancy<\/p>\n<p>19-21 Rue Roger Salengro \u2013 93700 Drancy<br \/>De 21h00 \u00e0 04h00<\/p>\n<p class=\" wall-content\">\u2013 Centre de secours de Pierrefitte<\/p>\n<p>2 Avenue Emile Zola \u2013 93380 Pierrefitte<br \/>De 21h00 \u00e0 04h00<\/p>\n<p class=\" wall-content\">\u2013 Centre de secours de Tremblay<\/p>\n<p>Avenue du G\u00e9n\u00e9ral Poudroux \u2013 93290 Temblay-en-France<br \/>De 20h00 \u00e0 02h00<\/p>\n<p class=\" wall-content\">\u2013 Centre de secours de Livry-Gargan<\/p>\n<p>32-34 avenue Lucie Aubrac \u2013 93190 Livry-Gargan<br \/>De 21h00 \u00e0 04h00<\/p>\n<p class=\" wall-content\"><strong>Val-de-Marne<\/strong><\/p>\n<p class=\" wall-content\">\u2013 Centre de secours de Villejuif<\/p>\n<p>Parc d\u00e9partemental des hautes Bruy\u00e8res \u2013 Rue Edouard Vaillant \u2013 94800 Villejuif<br \/>De 21h00 \u00e0 04h00<\/p>\n<p class=\" wall-content\">\u2013 Centre de secours de Choisy-le-Roi<\/p>\n<p>Place Am\u00e9d\u00e9e Soupault \u2013 94290 Villeneuve-le-Roi<br \/>De 21h00 \u00e0 04h00<\/p>\n<p class=\" wall-content\">\u2013 Centre de secours de Saint-Maur<\/p>\n<p>17 avenue Louis Blanc \u2013 94100 Saint-Maur<br \/>De 20h00 \u00e0 04h00<\/p>\n<p class=\" wall-content\">\u2013 Centre de secours de Villecresnes<\/p>\n<p>S\/N Voie aux Vaches \u2013 94440 Santeny<br \/>De 20h00 \u00e0 04h00<\/p>\n<p class=\" wall-content\">\u2013 Centre de secours de\u00a0Sucy<\/p>\n<p>48 route de la Queue en Brie \u2013 94370 Sucy-en-Brie<br \/>De 20h00 \u00e0 04h00<\/p>\n<p class=\" wall-content\">\u2013 Centre de secours de Nogent-sur-Marne<\/p>\n<p>Voie publique, place Maurice Chevalier \u2013 94130 Nogent-sur-Marne<br \/>De 20h00 \u00e0 02h00<\/p>\n<p class=\" wall-content\">\u2013 Centre de secours de Vincennes<\/p>\n<p>Voie publique, place de l\u2019\u00e9glise \u2013 94300 Vincennes<br \/>De 21h00 \u00e0 04h00<\/p>\n<p class=\" wall-content\">\u2013 Centre de secours de Maisons-Alfort<\/p>\n<p>Voie publique, 118 Av. du G\u00e9n\u00e9ral de Gaulle \u2013 94700 Maisons-Alfort<br \/>De 21h00 \u00e0 04h00<\/p>\n<p class=\" wall-content\">\u2013 Centre de secours de Champigny-sur-Marne<\/p>\n<p>Voie publique, parc d\u00e9partemental du plateau \u2013 SN, rue de Bernau 94500 Champigny<br \/>De 21h00 \u00e0 04h00<\/p>\n<p class=\" wall-content\">\u2013 Centre de secours de Champigny-sur-Marne<\/p>\n<p>Voie publique, place du souvenir \u2013 94430 Chenneviers-sur-Marne<br \/>De 21h00 \u00e0 04h00<\/p>\n<p class=\" wall-content\">\u2013 Centre de secours de Cr\u00e9teil<\/p>\n<p>Sans num\u00e9ro, rue Maurice D\u00e9m\u00e9nitroux \u2013 94000 Cr\u00e9teil<br \/>De 21h00 \u00e0 04h00<\/p>\n<p class=\" wall-content\">L\u2019acc\u00e8s est contr\u00f4l\u00e9 mais gratuit.<\/p>\n<p class=\" wall-content\">Suivez toute l\u2019actualit\u00e9 de vos villes et m\u00e9dias favoris en vous inscrivant \u00e0 <a href=\"https:\/\/moncompte.actu.fr\" title=\"D\u00e9couvez Mon Actu\" rel=\"nofollow noopener\" data-trk=\"{&quot;cta&quot;:{&quot;action&quot;:&quot;https:\\\/\\\/moncompte.actu.fr&quot;,&quot;category&quot;:&quot;mon compte&quot;,&quot;from&quot;:&quot;article footer&quot;,&quot;name&quot;:&quot;Mon actu&quot;,&quot;type&quot;:&quot;cta&quot;}}\" target=\"_blank\">Mon Actu<\/a>.<\/p>\n<ul class=\"ac-article-tag wall-content\">\n<li><a href=\"https:\/\/actu.fr\/tag\/brigade-de-sapeurs-pompiers-de-paris\" data-trk=\"{&quot;cta&quot;:{&quot;action&quot;:&quot;Brigade de sapeurs-pompiers de Paris&quot;,&quot;category&quot;:&quot;tag&quot;,&quot;from&quot;:&quot;article footer&quot;,&quot;name&quot;:&quot;Brigade de sapeurs-pompiers de Paris&quot;,&quot;type&quot;:&quot;cta&quot;}}\" target=\"_blank\" rel=\"noopener\">#Brigade de sapeurs-pompiers de Paris<\/a><\/li>\n<li><a href=\"https:\/\/actu.fr\/tag\/pompiers\" data-trk=\"{&quot;cta&quot;:{&quot;action&quot;:&quot;Pompiers&quot;,&quot;category&quot;:&quot;tag&quot;,&quot;from&quot;:&quot;article footer&quot;,&quot;name&quot;:&quot;Pompiers&quot;,&quot;type&quot;:&quot;cta&quot;}}\" target=\"_blank\" rel=\"noopener\">#Pompiers<\/a><\/li>\n<\/ul>\n","protected":false},"excerpt":{"rendered":"Par Sarah Coulet Publi\u00e9 le 11 juil. 2025 \u00e0 14h12 Cette ann\u00e9e encore, les pompiers de Paris s\u2019appr\u00eatent&hellip;\n","protected":false},"author":2,"featured_media":242503,"comment_status":"","ping_status":"","sticky":false,"template":"","format":"standard","meta":{"footnotes":""},"categories":[1888],"tags":[1111,1928,11,1927,3056,1777,674,1011,27,12,1926,626,1925,1311,25,104],"class_list":{"0":"post-242502","1":"post","2":"type-post","3":"status-publish","4":"format-standard","5":"has-post-thumbnail","7":"category-paris","8":"tag-actu","9":"tag-actu-paris","10":"tag-actualites","11":"tag-actualites-paris","12":"tag-brigade-de-sapeurs-pompiers-de-paris","13":"tag-eu","14":"tag-europe","15":"tag-fr","16":"tag-france","17":"tag-news","18":"tag-news-paris","19":"tag-paris","20":"tag-paris-news","21":"tag-pompiers","22":"tag-republique-francaise","23":"tag-societe"},"share_on_mastodon":{"url":"https:\/\/pubeurope.com\/@fr\/114834741908518331","error":""},"_links":{"self":[{"href":"https:\/\/www.europesays.com\/fr\/wp-json\/wp\/v2\/posts\/242502","targetHints":{"allow":["GET"]}}],"collection":[{"href":"https:\/\/www.europesays.com\/fr\/wp-json\/wp\/v2\/posts"}],"about":[{"href":"https:\/\/www.europesays.com\/fr\/wp-json\/wp\/v2\/types\/post"}],"author":[{"embeddable":true,"href":"https:\/\/www.europesays.com\/fr\/wp-json\/wp\/v2\/users\/2"}],"replies":[{"embeddable":true,"href":"https:\/\/www.europesays.com\/fr\/wp-json\/wp\/v2\/comments?post=242502"}],"version-history":[{"count":0,"href":"https:\/\/www.europesays.com\/fr\/wp-json\/wp\/v2\/posts\/242502\/revisions"}],"wp:featuredmedia":[{"embeddable":true,"href":"https:\/\/www.europesays.com\/fr\/wp-json\/wp\/v2\/media\/242503"}],"wp:attachment":[{"href":"https:\/\/www.europesays.com\/fr\/wp-json\/wp\/v2\/media?parent=242502"}],"wp:term":[{"taxonomy":"category","embeddable":true,"href":"https:\/\/www.europesays.com\/fr\/wp-json\/wp\/v2\/categories?post=242502"},{"taxonomy":"post_tag","embeddable":true,"href":"https:\/\/www.europesays.com\/fr\/wp-json\/wp\/v2\/tags?post=242502"}],"curies":[{"name":"wp","href":"https:\/\/api.w.org\/{rel}","templated":true}]}}