{"id":242508,"date":"2025-07-11T13:06:12","date_gmt":"2025-07-11T13:06:12","guid":{"rendered":"https:\/\/www.europesays.com\/fr\/242508\/"},"modified":"2025-07-11T13:06:12","modified_gmt":"2025-07-11T13:06:12","slug":"ou-et-quand-trouver-des-billets-2","status":"publish","type":"post","link":"https:\/\/www.europesays.com\/fr\/242508\/","title":{"rendered":"o\u00f9 et quand trouver des billets ?"},"content":{"rendered":"<p>Huit ans apr\u00e8s son dernier concert parisien, Bob Dylan fait son retour sur sc\u00e8ne dans la capitale. Deux soir\u00e9es uniques \u00e0 l\u2019automne pour l\u2019une des derni\u00e8res l\u00e9gendes vivantes de la musique.<\/p>\n<p>Le Palais des Congr\u00e8s de Paris accueillera <a href=\"https:\/\/www.fnac.com\/Bob-Dylan\/ia299871\" target=\"_blank\" rel=\"noreferrer noopener\">Bob Dylan<\/a> pour deux soir\u00e9es exceptionnelles les 30 et 31 octobre. Ces concerts s\u2019inscrivent dans la suite de la tourn\u00e9e mondiale amorc\u00e9e autour de <a href=\"https:\/\/www.fnac.com\/o11240545\/Rough-and-Rowdy-Ways\/w-4\" target=\"_blank\" rel=\"noreferrer noopener nofollow\">Rough and Rowdy Ways<\/a>, son 39e album studio salu\u00e9 par la critique. Les <a href=\"https:\/\/www.fnacspectacles.com\/artist\/bob-dylan\/?srsltid=AfmBOoqvgZjUBonRHseyTbmNZyea5SOEfEqbDf2yiDVlE2hD6O0nPdu8\" target=\"_blank\" rel=\"noreferrer noopener\">billets<\/a> seront disponibles en pr\u00e9vente le 15 juillet \u00e0 10 heures, avant l\u2019ouverture grand public pr\u00e9vue le 18 juillet.<\/p>\n<blockquote class=\"instagram-media\" data-instgrm-captioned=\"\" data-instgrm-permalink=\"https:\/\/www.instagram.com\/reel\/DL7nVzcozoc\/?utm_source=ig_embed&amp;utm_campaign=loading\" data-instgrm-version=\"14\" style=\" background:#FFF; border:0; border-radius:3px; box-shadow:0 0 1px 0 rgba(0,0,0,0.5),0 1px 10px 0 rgba(0,0,0,0.15); margin: 1px; max-width:540px; min-width:326px; padding:0; width:99.375%; width:-webkit-calc(100% - 2px); width:calc(100% - 2px);\"\/>\n<p>Une tourn\u00e9e mondiale en prolongation<\/p>\n<p>Initialement annonc\u00e9e comme achev\u00e9e \u00e0 l\u2019automne 2024 apr\u00e8s plus de 250 dates, la tourn\u00e9e se poursuit finalement en 2025 avec une s\u00e9rie estivale aux \u00c9tats-Unis \u2013 notamment dans le cadre du Outlaw Music Festival \u2013, avant un retour en Europe cet automne. En plus de Paris, Dylan se produira au Royaume-Uni et en Irlande en novembre, avec des escales pr\u00e9vues \u00e0 Brighton, Glasgow, Belfast et Dublin.<\/p>\n<p>I Contain Multitudes, de Bob Dylan. <\/p>\n<p>Depuis le d\u00e9but de cette tourn\u00e9e, lanc\u00e9e en 2021 \u00e0 Milwaukee, Dylan a opt\u00e9 pour une mise en sc\u00e8ne \u00e9pur\u00e9e, sans rappel, recentrant ses prestations sur sa voix grave et des arrangements d\u00e9pouill\u00e9s. Le r\u00e9pertoire alterne entre ses nouvelles compositions aux accents m\u00e9ditatifs \u2013 comme I Contain Multitudes ou Murder Most Foul \u2013 et ses classiques revisit\u00e9s dans un style souvent m\u00e9connaissable.<\/p>\n<p><strong class=\"small\">En stock<\/strong><\/p>\n<p>        Acheter sur Fnac.com<\/p>\n<p>L\u2019artiste n\u2019a jamais r\u00e9ellement quitt\u00e9 la route depuis les ann\u00e9es 1980. Sa fameuse Never Ending Tour compte plusieurs milliers de concerts \u00e0 travers le monde. Apr\u00e8s trois soir\u00e9es au Royal Albert Hall en 2024 et deux dates intimistes dans l\u2019Iowa ce printemps, Dylan continue d\u2019encha\u00eener les sc\u00e8nes avec une r\u00e9gularit\u00e9 d\u00e9fiant presque le temps.<\/p>\n<p>L\u2019\u00e9pop\u00e9e d\u2019un \u00e9ternel voyageur<\/p>\n<p>Depuis ses d\u00e9buts dans le Greenwich Village new-yorkais au d\u00e9but des ann\u00e9es 1960, Bob Dylan a r\u00e9invent\u00e9 les formes de la chanson populaire. Blowin\u2019 in the Wind, The Times They Are a-Changin\u2019, Like a Rolling Stone ou Desolation Row figurent parmi les titres les plus marquants de la seconde moiti\u00e9 du XXe si\u00e8cle. En 2016, son \u0153uvre est couronn\u00e9e par le prix Nobel de litt\u00e9rature, saluant \u00ab\u00a0la cr\u00e9ation de nouvelles expressions po\u00e9tiques dans la grande tradition am\u00e9ricaine de la chanson\u00a0\u00bb.<\/p>\n<p>Cette ann\u00e9e, Dylan a aussi inspir\u00e9 le cin\u00e9ma. Le biopic <a href=\"https:\/\/leclaireur.fnac.com\/article\/568350-un-parfait-inconnu-que-vaut-le-biopic-sur-bob-dylan\/\" target=\"_blank\" rel=\"noreferrer noopener\">Un parfait inconnu<\/a>, r\u00e9alis\u00e9 par James Mangold et avec <a href=\"https:\/\/leclaireur.fnac.com\/article\/569432-un-parfait-inconnu-timothee-chalamet-chante-t-il-dans-le-film-sur-bob-dylan\/\" target=\"_blank\" rel=\"noreferrer noopener\">Timoth\u00e9e Chalamet<\/a>, retrace les d\u00e9buts de sa carri\u00e8re \u00e0 New York. Parall\u00e8lement, l\u2019artiste poursuit ses explorations litt\u00e9raires avec un nouveau livre de dessins attendu en novembre et la sortie prochaine de l\u2019\u00e9dition audio de ses m\u00e9moires, lue par Sean Penn.<\/p>\n<p>Retrouvez la billetterie <a href=\"https:\/\/www.fnacspectacles.com\/artist\/bob-dylan\/?srsltid=AfmBOoqvgZjUBonRHseyTbmNZyea5SOEfEqbDf2yiDVlE2hD6O0nPdu8\" target=\"_blank\" rel=\"noreferrer noopener\">ici<\/a>.<\/p>\n<p>        <script async src=\"\/\/www.instagram.com\/embed.js\"><\/script><\/p>\n","protected":false},"excerpt":{"rendered":"Huit ans apr\u00e8s son dernier concert parisien, Bob Dylan fait son retour sur sc\u00e8ne dans la capitale. Deux&hellip;\n","protected":false},"author":2,"featured_media":242509,"comment_status":"","ping_status":"","sticky":false,"template":"","format":"standard","meta":{"footnotes":""},"categories":[1888],"tags":[11,19366,1777,674,3881,1011,27,12,626,25,4441],"class_list":{"0":"post-242508","1":"post","2":"type-post","3":"status-publish","4":"format-standard","5":"has-post-thumbnail","7":"category-paris","8":"tag-actualites","9":"tag-bob-dylan","10":"tag-eu","11":"tag-europe","12":"tag-folk","13":"tag-fr","14":"tag-france","15":"tag-news","16":"tag-paris","17":"tag-republique-francaise","18":"tag-tournee"},"share_on_mastodon":{"url":"https:\/\/pubeurope.com\/@fr\/114834753719682067","error":""},"_links":{"self":[{"href":"https:\/\/www.europesays.com\/fr\/wp-json\/wp\/v2\/posts\/242508","targetHints":{"allow":["GET"]}}],"collection":[{"href":"https:\/\/www.europesays.com\/fr\/wp-json\/wp\/v2\/posts"}],"about":[{"href":"https:\/\/www.europesays.com\/fr\/wp-json\/wp\/v2\/types\/post"}],"author":[{"embeddable":true,"href":"https:\/\/www.europesays.com\/fr\/wp-json\/wp\/v2\/users\/2"}],"replies":[{"embeddable":true,"href":"https:\/\/www.europesays.com\/fr\/wp-json\/wp\/v2\/comments?post=242508"}],"version-history":[{"count":0,"href":"https:\/\/www.europesays.com\/fr\/wp-json\/wp\/v2\/posts\/242508\/revisions"}],"wp:featuredmedia":[{"embeddable":true,"href":"https:\/\/www.europesays.com\/fr\/wp-json\/wp\/v2\/media\/242509"}],"wp:attachment":[{"href":"https:\/\/www.europesays.com\/fr\/wp-json\/wp\/v2\/media?parent=242508"}],"wp:term":[{"taxonomy":"category","embeddable":true,"href":"https:\/\/www.europesays.com\/fr\/wp-json\/wp\/v2\/categories?post=242508"},{"taxonomy":"post_tag","embeddable":true,"href":"https:\/\/www.europesays.com\/fr\/wp-json\/wp\/v2\/tags?post=242508"}],"curies":[{"name":"wp","href":"https:\/\/api.w.org\/{rel}","templated":true}]}}