{"id":24252,"date":"2025-04-14T12:42:09","date_gmt":"2025-04-14T12:42:09","guid":{"rendered":"https:\/\/www.europesays.com\/fr\/24252\/"},"modified":"2025-04-14T12:42:09","modified_gmt":"2025-04-14T12:42:09","slug":"apres-la-plainte-de-deux-medecins-les-hospices-civils-de-lyon-reagissent","status":"publish","type":"post","link":"https:\/\/www.europesays.com\/fr\/24252\/","title":{"rendered":"Apr\u00e8s la plainte de deux m\u00e9decins, les Hospices Civils de Lyon r\u00e9agissent"},"content":{"rendered":"<p>Deux m\u00e9decins ayant travaill\u00e9 au service de transplantation r\u00e9nale ont d\u00e9pos\u00e9 plainte contre la hi\u00e9rarchie du service de l&rsquo;h\u00f4pital Edouard Herriot (HEH), \u00e0 Lyon.<\/p>\n<p>D&rsquo;apr\u00e8s les deux m\u00e9decins qui ont d\u00e9pos\u00e9 plainte, des cadres du service dans lequel ils travaillaient ont administr\u00e9des traitements \u00ab\u00a0inhabituels et \u00e0 risque\u00a0\u00bb \u00e0 des patients greff\u00e9s du rein. Des faits rapport\u00e9s par <a class=\"url\" href=\"https:\/\/www.francetvinfo.fr\/sante\/info-franceinfo-des-cadres-d-un-hopital-de-lyon-soupconnes-de-recherche-sauvage-au-prejudice-de-patients-greffes-du-rein_7180389.html\" target=\"_blank\" rel=\"noopener\">France Info<\/a>, survenus en 2023.<\/p>\n<p>Et cela, en dehors des protocoles. Cinq patients auraient ainsi \u00e9t\u00e9 concern\u00e9s, \u00ab\u00a0mis en danger\u00a0\u00bb, d&rsquo;apr\u00e8s les plaignants.<\/p>\n<p>Le cadre l\u00e9gal respect\u00e9, assure la direction d&rsquo;HEH<\/p>\n<p>S&rsquo;agit-il d&rsquo;essais cliniques sauvages ? <\/p>\n<p>Dans un communiqu\u00e9 adress\u00e9 aux m\u00e9dias vendredi, <b>la direction d&rsquo;HEH assure le contraire : <\/b><\/p>\n<p>\u00ab\u00a0Parler de recherche ou d&rsquo;essai clinique ici est faux. Les traitements \u00e9voqu\u00e9s ne rel\u00e8vent en aucun cas de la recherche, mais correspondent \u00e0 <b>des traitements de routine par immunosuppresseurs<\/b> \u00e9prouv\u00e9s depuis plus de 15 ans, largement document\u00e9s dans la litt\u00e9rature scientifique et mis en place au b\u00e9n\u00e9fice des patients greff\u00e9s \u00e0 haut risque immunologique, dans le seul but de leur permettre un acc\u00e8s \u00e0 la transplantation r\u00e9nale.\u00a0\u00bb<\/p>\n<p>La direction de l&rsquo;h\u00f4pital assure que le cadre l\u00e9gal a bien \u00e9t\u00e9 respect\u00e9, lorsqu&rsquo;il a fallu d\u00e9cider d&rsquo;administrer le traitement. <\/p>\n<p>\u00ab\u00a0La d\u00e9cision a \u00e9t\u00e9 prise apr\u00e8s une discussion coll\u00e9giale impliquant plusieurs membres de l&rsquo;\u00e9quipe, experts en immunologie de la transplantation\u00a0\u00bb, peut-on lire dans le communiqu\u00e9.<\/p>\n<p><\/p>\n","protected":false},"excerpt":{"rendered":"Deux m\u00e9decins ayant travaill\u00e9 au service de transplantation r\u00e9nale ont d\u00e9pos\u00e9 plainte contre la hi\u00e9rarchie du service de&hellip;\n","protected":false},"author":2,"featured_media":24253,"comment_status":"","ping_status":"","sticky":false,"template":"","format":"standard","meta":{"footnotes":""},"categories":[1889],"tags":[1111,11,2430,8734,1067,1777,674,1011,27,8733,2428,12,2634,25],"class_list":{"0":"post-24252","1":"post","2":"type-post","3":"status-publish","4":"format-standard","5":"has-post-thumbnail","7":"category-lyon","8":"tag-actu","9":"tag-actualites","10":"tag-auvergne-rhone-alpes","11":"tag-edouard-herriot","12":"tag-enquete","13":"tag-eu","14":"tag-europe","15":"tag-fr","16":"tag-france","17":"tag-hcl","18":"tag-lyon","19":"tag-news","20":"tag-plainte","21":"tag-republique-francaise"},"share_on_mastodon":{"url":"https:\/\/pubeurope.com\/@fr\/114336376199073415","error":""},"_links":{"self":[{"href":"https:\/\/www.europesays.com\/fr\/wp-json\/wp\/v2\/posts\/24252","targetHints":{"allow":["GET"]}}],"collection":[{"href":"https:\/\/www.europesays.com\/fr\/wp-json\/wp\/v2\/posts"}],"about":[{"href":"https:\/\/www.europesays.com\/fr\/wp-json\/wp\/v2\/types\/post"}],"author":[{"embeddable":true,"href":"https:\/\/www.europesays.com\/fr\/wp-json\/wp\/v2\/users\/2"}],"replies":[{"embeddable":true,"href":"https:\/\/www.europesays.com\/fr\/wp-json\/wp\/v2\/comments?post=24252"}],"version-history":[{"count":0,"href":"https:\/\/www.europesays.com\/fr\/wp-json\/wp\/v2\/posts\/24252\/revisions"}],"wp:featuredmedia":[{"embeddable":true,"href":"https:\/\/www.europesays.com\/fr\/wp-json\/wp\/v2\/media\/24253"}],"wp:attachment":[{"href":"https:\/\/www.europesays.com\/fr\/wp-json\/wp\/v2\/media?parent=24252"}],"wp:term":[{"taxonomy":"category","embeddable":true,"href":"https:\/\/www.europesays.com\/fr\/wp-json\/wp\/v2\/categories?post=24252"},{"taxonomy":"post_tag","embeddable":true,"href":"https:\/\/www.europesays.com\/fr\/wp-json\/wp\/v2\/tags?post=24252"}],"curies":[{"name":"wp","href":"https:\/\/api.w.org\/{rel}","templated":true}]}}