{"id":24254,"date":"2025-04-14T12:43:10","date_gmt":"2025-04-14T12:43:10","guid":{"rendered":"https:\/\/www.europesays.com\/fr\/24254\/"},"modified":"2025-04-14T12:43:10","modified_gmt":"2025-04-14T12:43:10","slug":"journee-de-lingenierie-a-lyon-faconner-et-repenser-les-metiers-de-demain","status":"publish","type":"post","link":"https:\/\/www.europesays.com\/fr\/24254\/","title":{"rendered":"Journ\u00e9e de l\u2019Ing\u00e9nierie \u00e0 Lyon : fa\u00e7onner et repenser les m\u00e9tiers de demain"},"content":{"rendered":"<p><img loading=\"lazy\" decoding=\"async\" alt=\"\u00a9 Ecole Centrale de Lyon - Pascal Ray : &quot;Nous sommes convaincus que les ing\u00e9nieurs doivent \u00e9clairer les politiques publiques, transformer les entreprises et porter haut la parole scientifique.&quot;\" data-zoom-src=\"https:\/\/www.europesays.com\/fr\/wp-content\/uploads\/2025\/04\/initial-auvergne-rhone-alpes-journee-de-l-ingenieur-pascal-ray-centrale-credit-ecole-centrale-de-lyo.jpeg\" data-zoomable=\"\" height=\"702\" src=\"https:\/\/www.europesays.com\/fr\/wp-content\/uploads\/2025\/04\/initial-auvergne-rhone-alpes-journee-de-l-ingenieur-pascal-ray-centrale-credit-ecole-centrale-de-lyo.jpeg\" width=\"1248\"\/>  <\/p>\n<p class=\"article-desc\">\u00a9 Ecole Centrale de Lyon &#8211; Pascal Ray : \u00ab\u00a0Nous sommes convaincus que les ing\u00e9nieurs doivent \u00e9clairer les politiques publiques, transformer les entreprises et porter haut la parole scientifique.\u00a0\u00bb <\/p>\n<p xml:lang=\"FR-FR\" lang=\"FR-FR\">Port\u00e9e par le<strong>\u00a0Coll\u00e8ge d\u2019ing\u00e9nierie Lyon Saint-\u00c9tienne<\/strong>\u00a0et soutenue par la<strong>\u00a0R\u00e9gion Auvergne-Rh\u00f4ne-Alpes<\/strong>\u00a0(Aura), la <strong>toute premi\u00e8re \u00e9dition du salon de l\u2019ing\u00e9nierie<\/strong> se tient \u00e0 l&rsquo;H\u00f4tel de R\u00e9gion <strong>\u00e0 Lyon<\/strong>.\u00a0\u00a0 <\/p>\n<p xml:lang=\"FR-FR\" lang=\"FR-FR\">Les deux mots d\u2019ordre :<strong>\u00a0transition<\/strong>\u00a0et\u00a0<strong>innovation\u00a0<\/strong>dans le domaine de l\u2019ing\u00e9nierie, tout en promouvant les m\u00e9tiers scientifiques et technologiques actuels ainsi que ceux de l&rsquo;avenir.\u00a0 <\/p>\n<p>Une initiative in\u00e9dite de quatre grandes \u00e9coles publiques et sp\u00e9cialis\u00e9es d&rsquo;Auvergne-Rh\u00f4ne-Alpes <strong>Mardi 15 avril,<\/strong> les acteurs de l\u2019ing\u00e9nierie du site Lyon Saint-\u00c9tienne ainsi que les acteurs socio-\u00e9conomiques, lyc\u00e9ens, \u00e9tudiants, grand public et m\u00e9dias auront l\u2019opportunit\u00e9 d\u2019\u00e9changer entre eux.\u00a0 <\/p>\n<p xml:lang=\"FR-FR\" lang=\"FR-FR\">\u00ab\u00a0Au sein du Coll\u00e8ge, nous portons une vision de l\u2019ing\u00e9nierie qui place les\u00a0enjeux environnementaux et sociaux au m\u00eame niveau que les questions de performance et de rentabilit\u00e9\u00a0\u00bb, indique\u00a0<strong>Pascal Ray<\/strong>, <strong>directeur de l\u2019\u00c9cole Centrale de Lyon <\/strong>et membre du conseil d\u2019administration d\u2019OnlyLYON &amp;Co, au titre du Coll\u00e8ge d\u2019ing\u00e9nierie. <\/p>\n<p xml:lang=\"FR-FR\" lang=\"FR-FR\">Le Coll\u00e8ge d\u2019ing\u00e9nierie de Lyon Saint-\u00c9tienne, union de <strong>quatre grandes \u00e9coles publiques<\/strong> du territoire (Centrale Lyon,\u00a0ENTPE,\u00a0INSA Lyon\u00a0et\u00a0Mines Saint-\u00c9tienne), s\u2019affiche depuis plus de deux ans comme l\u2019\u00e9claireur des nouveaux enjeux de l\u2019ing\u00e9nierie en mati\u00e8re de\u00a0<strong>d\u00e9carbonation de l\u2019industrie<\/strong>\u00a0et\u00a0<strong>de la soci\u00e9t\u00e9<\/strong>, d\u2019<strong>\u00e9conomie circulaire<\/strong>\u00a0et de<strong>\u00a0num\u00e9rique responsable<\/strong>.\u00a0 <\/p>\n<p>La Journ\u00e9e de l&rsquo;ing\u00e9nierie \u00e0 Lyon veut valoriser l&#8217;emploi dans les m\u00e9tiers scientifiques Dans cette optique, les <strong style=\"font-size:16px\">cinq tables rondes<\/strong>\u00a0et ateliers de <strong style=\"font-size:16px\">m\u00e9diation scientifique <\/strong>s\u2019articuleront autour de la question du <strong style=\"font-size:16px\">r\u00f4le de l\u2019ing\u00e9nierie en soci\u00e9t\u00e9<\/strong> tout comme les <strong style=\"font-size:16px\">perspectives d\u2019emplois<\/strong> qu\u2019elle suscite dans un monde en pleine m\u00e9tamorphose.\u00a0 <\/p>\n<p xml:lang=\"FR-FR\" lang=\"FR-FR\">Anim\u00e9 par des experts reconnus dans leur secteur, le salon est ouvert \u00e0 tous. Les inscriptions sont d\u2019ores et d\u00e9j\u00e0 ouvertes en suivant\u00a0<a href=\"https:\/\/www.journee-ingenierie.fr\/\" rel=\"noopener\" target=\"_blank\">ce lien<\/a>.\u00a0 <\/p>\n<p xml:lang=\"FR-FR\" lang=\"FR-FR\">Cet \u00e9v\u00e8nement s\u2019inscrit dans l\u2019engagement de la R\u00e9gion Auvergne-Rh\u00f4ne-Alpes\u00a0qui se tourne vers l\u2019enseignement sup\u00e9rieur et le d\u00e9veloppement de <strong>solutions technologiques<\/strong> durables.\u00a0\u00a0 <\/p>\n<p xml:lang=\"FR-FR\" lang=\"FR-FR\">Elle compte par ailleurs faire de cette journ\u00e9e une r\u00e9union annuelle incontournable. <\/p>\n","protected":false},"excerpt":{"rendered":"\u00a9 Ecole Centrale de Lyon &#8211; Pascal Ray : \u00ab\u00a0Nous sommes convaincus que les ing\u00e9nieurs doivent \u00e9clairer les&hellip;\n","protected":false},"author":2,"featured_media":24255,"comment_status":"","ping_status":"","sticky":false,"template":"","format":"standard","meta":{"footnotes":""},"categories":[1889],"tags":[1111,11,2430,8735,1777,674,1119,1011,27,8737,2428,12,25,8736],"class_list":{"0":"post-24254","1":"post","2":"type-post","3":"status-publish","4":"format-standard","5":"has-post-thumbnail","7":"category-lyon","8":"tag-actu","9":"tag-actualites","10":"tag-auvergne-rhone-alpes","11":"tag-enseignement-supu00e9rieur","12":"tag-eu","13":"tag-europe","14":"tag-formation","15":"tag-fr","16":"tag-france","17":"tag-ingu00e9nieurs","18":"tag-lyon","19":"tag-news","20":"tag-republique-francaise","21":"tag-ru00e9gion-auvergne-rhu00f4ne-alpes"},"share_on_mastodon":{"url":"https:\/\/pubeurope.com\/@fr\/114336379912679819","error":""},"_links":{"self":[{"href":"https:\/\/www.europesays.com\/fr\/wp-json\/wp\/v2\/posts\/24254","targetHints":{"allow":["GET"]}}],"collection":[{"href":"https:\/\/www.europesays.com\/fr\/wp-json\/wp\/v2\/posts"}],"about":[{"href":"https:\/\/www.europesays.com\/fr\/wp-json\/wp\/v2\/types\/post"}],"author":[{"embeddable":true,"href":"https:\/\/www.europesays.com\/fr\/wp-json\/wp\/v2\/users\/2"}],"replies":[{"embeddable":true,"href":"https:\/\/www.europesays.com\/fr\/wp-json\/wp\/v2\/comments?post=24254"}],"version-history":[{"count":0,"href":"https:\/\/www.europesays.com\/fr\/wp-json\/wp\/v2\/posts\/24254\/revisions"}],"wp:featuredmedia":[{"embeddable":true,"href":"https:\/\/www.europesays.com\/fr\/wp-json\/wp\/v2\/media\/24255"}],"wp:attachment":[{"href":"https:\/\/www.europesays.com\/fr\/wp-json\/wp\/v2\/media?parent=24254"}],"wp:term":[{"taxonomy":"category","embeddable":true,"href":"https:\/\/www.europesays.com\/fr\/wp-json\/wp\/v2\/categories?post=24254"},{"taxonomy":"post_tag","embeddable":true,"href":"https:\/\/www.europesays.com\/fr\/wp-json\/wp\/v2\/tags?post=24254"}],"curies":[{"name":"wp","href":"https:\/\/api.w.org\/{rel}","templated":true}]}}