{"id":24260,"date":"2025-04-14T12:48:08","date_gmt":"2025-04-14T12:48:08","guid":{"rendered":"https:\/\/www.europesays.com\/fr\/24260\/"},"modified":"2025-04-14T12:48:08","modified_gmt":"2025-04-14T12:48:08","slug":"une-femme-agressee-dans-une-cour-dimmeuble-une-enquete-pour-mutilation-ouverte","status":"publish","type":"post","link":"https:\/\/www.europesays.com\/fr\/24260\/","title":{"rendered":"une femme agress\u00e9e dans une cour d&rsquo;immeuble, une enqu\u00eate pour mutilation ouverte"},"content":{"rendered":"<p>            Par<br \/>\n        <strong><br \/>\n            <a href=\"https:\/\/actu.fr\/auteur\/redaction-paris\" title=\"Consulter tous les articles de R\u00e9daction Paris\" rel=\"nofollow noopener\" target=\"_blank\">R\u00e9daction Paris<\/a><br \/>\n        <\/strong><\/p>\n<p>        Publi\u00e9 le<\/p>\n<p>            14 avr. 2025 \u00e0 10h53        <\/p>\n<p>Que s\u2019est-il pass\u00e9 dans la nuit de samedi\u00a012 \u00e0 dimanche 13\u00a0avril 2025, dans un immeuble du 19e arrondissement de Paris\u2009? Aux alentours de 4\u00a0heures du matin, les forces de l\u2019ordre ont \u00e9t\u00e9 appel\u00e9es pour venir en aide \u00e0 une <strong>femme victime d\u2019une agression<\/strong>, a appris\u00a0<a href=\"https:\/\/actu.fr\/paris\/dernieres-actus\" rel=\"nofollow noopener\" target=\"_blank\">actu Paris<\/a> de source polici\u00e8re.<\/p>\n<p>\u00ab\u2009Mutilation ou infirmit\u00e9\u2009\u00bb<\/p>\n<p class=\" wall-content\">Une information judiciaire a \u00e9t\u00e9 ouverte ce lundi 14\u00a0avril 2025 pour \u00ab\u2009violences ayant entra\u00een\u00e9 une <strong>mutilation ou infirmit\u00e9<\/strong> permanente sous l\u2019emprise de produits stup\u00e9fiants et agression sexuelle sous l\u2019emprise de stup\u00e9fiants\u2009\u00bb, informe le parquet de Paris.<\/p>\n<p class=\" wall-content\">Un homme a \u00e9t\u00e9 interpell\u00e9. En arrivant sur place, les policiers auraient d\u00e9couvert dans une cour <strong>deux personnes bless\u00e9es<\/strong> qui ont \u00e9t\u00e9 prises en charge par les secours et transport\u00e9 \u00e0 l\u2019h\u00f4pital Lariboisi\u00e8re.<\/p>\n<p class=\" wall-content\">Suivez toute l\u2019actualit\u00e9 de vos villes et m\u00e9dias favoris en vous inscrivant \u00e0 <a href=\"https:\/\/moncompte.actu.fr\" title=\"D\u00e9couvez Mon Actu\" rel=\"nofollow noopener\" data-trk=\"{&quot;cta&quot;:{&quot;action&quot;:&quot;https:\\\/\\\/moncompte.actu.fr&quot;,&quot;category&quot;:&quot;mon compte&quot;,&quot;from&quot;:&quot;article footer&quot;,&quot;name&quot;:&quot;Mon actu&quot;,&quot;type&quot;:&quot;cta&quot;}}\" target=\"_blank\">Mon Actu<\/a>.<\/p>\n<ul class=\"ac-article-tag wall-content\">\n<li><a href=\"https:\/\/actu.fr\/tag\/police\" data-trk=\"{&quot;cta&quot;:{&quot;action&quot;:&quot;Police&quot;,&quot;category&quot;:&quot;tag&quot;,&quot;from&quot;:&quot;article footer&quot;,&quot;name&quot;:&quot;Police&quot;,&quot;type&quot;:&quot;cta&quot;}}\" rel=\"nofollow noopener\" target=\"_blank\">#Police<\/a><\/li>\n<li><a href=\"https:\/\/actu.fr\/tag\/violences-sexuelles\" data-trk=\"{&quot;cta&quot;:{&quot;action&quot;:&quot;Violences sexuelles&quot;,&quot;category&quot;:&quot;tag&quot;,&quot;from&quot;:&quot;article footer&quot;,&quot;name&quot;:&quot;Violences sexuelles&quot;,&quot;type&quot;:&quot;cta&quot;}}\" rel=\"nofollow noopener\" target=\"_blank\">#Violences sexuelles<\/a><\/li>\n<\/ul>\n","protected":false},"excerpt":{"rendered":"Par R\u00e9daction Paris Publi\u00e9 le 14 avr. 2025 \u00e0 10h53 Que s\u2019est-il pass\u00e9 dans la nuit de samedi\u00a012&hellip;\n","protected":false},"author":2,"featured_media":24261,"comment_status":"","ping_status":"","sticky":false,"template":"","format":"standard","meta":{"footnotes":""},"categories":[1888],"tags":[1111,1928,11,1927,1777,674,118,1011,27,12,1926,626,1925,1072,25,799],"class_list":{"0":"post-24260","1":"post","2":"type-post","3":"status-publish","4":"format-standard","5":"has-post-thumbnail","7":"category-paris","8":"tag-actu","9":"tag-actu-paris","10":"tag-actualites","11":"tag-actualites-paris","12":"tag-eu","13":"tag-europe","14":"tag-faits-divers","15":"tag-fr","16":"tag-france","17":"tag-news","18":"tag-news-paris","19":"tag-paris","20":"tag-paris-news","21":"tag-police","22":"tag-republique-francaise","23":"tag-violences-sexuelles"},"share_on_mastodon":{"url":"https:\/\/pubeurope.com\/@fr\/114336399790795111","error":""},"_links":{"self":[{"href":"https:\/\/www.europesays.com\/fr\/wp-json\/wp\/v2\/posts\/24260","targetHints":{"allow":["GET"]}}],"collection":[{"href":"https:\/\/www.europesays.com\/fr\/wp-json\/wp\/v2\/posts"}],"about":[{"href":"https:\/\/www.europesays.com\/fr\/wp-json\/wp\/v2\/types\/post"}],"author":[{"embeddable":true,"href":"https:\/\/www.europesays.com\/fr\/wp-json\/wp\/v2\/users\/2"}],"replies":[{"embeddable":true,"href":"https:\/\/www.europesays.com\/fr\/wp-json\/wp\/v2\/comments?post=24260"}],"version-history":[{"count":0,"href":"https:\/\/www.europesays.com\/fr\/wp-json\/wp\/v2\/posts\/24260\/revisions"}],"wp:featuredmedia":[{"embeddable":true,"href":"https:\/\/www.europesays.com\/fr\/wp-json\/wp\/v2\/media\/24261"}],"wp:attachment":[{"href":"https:\/\/www.europesays.com\/fr\/wp-json\/wp\/v2\/media?parent=24260"}],"wp:term":[{"taxonomy":"category","embeddable":true,"href":"https:\/\/www.europesays.com\/fr\/wp-json\/wp\/v2\/categories?post=24260"},{"taxonomy":"post_tag","embeddable":true,"href":"https:\/\/www.europesays.com\/fr\/wp-json\/wp\/v2\/tags?post=24260"}],"curies":[{"name":"wp","href":"https:\/\/api.w.org\/{rel}","templated":true}]}}