{"id":242612,"date":"2025-07-11T14:05:25","date_gmt":"2025-07-11T14:05:25","guid":{"rendered":"https:\/\/www.europesays.com\/fr\/242612\/"},"modified":"2025-07-11T14:05:25","modified_gmt":"2025-07-11T14:05:25","slug":"pile-les-travaux-avancent-cet-ete","status":"publish","type":"post","link":"https:\/\/www.europesays.com\/fr\/242612\/","title":{"rendered":"[Pile] Les travaux avancent cet \u00e9t\u00e9"},"content":{"rendered":"<p class=\"introduction\">Dans le cadre du programme de requalification du quartier du Pile et des travaux du parc de la Teinturerie, le mail Copernic sera ferm\u00e9 pour cr\u00e9er des places de stationnement p\u00e9rennes. Les trottoirs et la voierie de la rue Jules Guesde seront requalifi\u00e9s et v\u00e9g\u00e9talis\u00e9s. Cela va occasionner quelques modifications de circulation. Explications.<\/p>\n<p>Travaux de requalification du parc de la Teinturerie<\/p>\n<p>Des places de stationnement vont \u00eatre cr\u00e9\u00e9es de mani\u00e8re d\u00e9finitive. A partir du 4 ao\u00fbt et jusqu\u2019\u00e0 d\u00e9but d\u00e9cembre, la circulation et le stationnement seront interdits sur le mail Copernic. Pour rappel, les travaux d\u2019am\u00e9nagement du Parc de la Teinturerie et de la rue Jules Guesde continuent en parall\u00e8le.<\/p>\n<p>Travaux de requalification de la rue Jules Guesde<\/p>\n<p>Les travaux sont \u00e9galement lanc\u00e9s sur la rue Jules Guesde entre la rue de Cond\u00e9 et le mail Copernic afin d\u2019am\u00e9nager la route et les trottoirs. Des places de stationnement seront \u00e9galement cr\u00e9\u00e9es et des arbres seront plant\u00e9s sur le futur parvis nord du parc de la Teinturerie. La p\u00e9riode de travaux s\u2019\u00e9tale du 19 ao\u00fbt \u00e0 d\u00e9but d\u00e9cembre 2025. La circulation et le stationnement seront interdits sur la rue Jules Guesde entre la rue de Cond\u00e9 et le mail Copernic. Le sens de circulation de la rue Marie Buisine sera invers\u00e9 durant les travaux entre la rue Pierre de Roubaix et la rue de Cond\u00e9.<\/p>\n","protected":false},"excerpt":{"rendered":"Dans le cadre du programme de requalification du quartier du Pile et des travaux du parc de la&hellip;\n","protected":false},"author":2,"featured_media":242613,"comment_status":"","ping_status":"","sticky":false,"template":"","format":"standard","meta":{"footnotes":""},"categories":[2815],"tags":[1111,11,1777,674,1011,27,811,1307,12,14466,38206,5765,25],"class_list":{"0":"post-242612","1":"post","2":"type-post","3":"status-publish","4":"format-standard","5":"has-post-thumbnail","7":"category-lille","8":"tag-actu","9":"tag-actualites","10":"tag-eu","11":"tag-europe","12":"tag-fr","13":"tag-france","14":"tag-hauts-de-france","15":"tag-lille","16":"tag-news","17":"tag-npnru","18":"tag-parc-de-la-teinturerie","19":"tag-renovation-urbaine","20":"tag-republique-francaise"},"share_on_mastodon":{"url":"https:\/\/pubeurope.com\/@fr\/114834985703788752","error":""},"_links":{"self":[{"href":"https:\/\/www.europesays.com\/fr\/wp-json\/wp\/v2\/posts\/242612","targetHints":{"allow":["GET"]}}],"collection":[{"href":"https:\/\/www.europesays.com\/fr\/wp-json\/wp\/v2\/posts"}],"about":[{"href":"https:\/\/www.europesays.com\/fr\/wp-json\/wp\/v2\/types\/post"}],"author":[{"embeddable":true,"href":"https:\/\/www.europesays.com\/fr\/wp-json\/wp\/v2\/users\/2"}],"replies":[{"embeddable":true,"href":"https:\/\/www.europesays.com\/fr\/wp-json\/wp\/v2\/comments?post=242612"}],"version-history":[{"count":0,"href":"https:\/\/www.europesays.com\/fr\/wp-json\/wp\/v2\/posts\/242612\/revisions"}],"wp:featuredmedia":[{"embeddable":true,"href":"https:\/\/www.europesays.com\/fr\/wp-json\/wp\/v2\/media\/242613"}],"wp:attachment":[{"href":"https:\/\/www.europesays.com\/fr\/wp-json\/wp\/v2\/media?parent=242612"}],"wp:term":[{"taxonomy":"category","embeddable":true,"href":"https:\/\/www.europesays.com\/fr\/wp-json\/wp\/v2\/categories?post=242612"},{"taxonomy":"post_tag","embeddable":true,"href":"https:\/\/www.europesays.com\/fr\/wp-json\/wp\/v2\/tags?post=242612"}],"curies":[{"name":"wp","href":"https:\/\/api.w.org\/{rel}","templated":true}]}}