{"id":242617,"date":"2025-07-11T14:08:14","date_gmt":"2025-07-11T14:08:14","guid":{"rendered":"https:\/\/www.europesays.com\/fr\/242617\/"},"modified":"2025-07-11T14:08:14","modified_gmt":"2025-07-11T14:08:14","slug":"revoyez-en-differe-la-seance-du-conseil-de-marseille-du-vendredi-11-juillet","status":"publish","type":"post","link":"https:\/\/www.europesays.com\/fr\/242617\/","title":{"rendered":"Revoyez en diff\u00e9r\u00e9 la s\u00e9ance du conseil de Marseille du vendredi 11 juillet"},"content":{"rendered":"<p><strong>Le conseil de Marseille s&rsquo;est r\u00e9uni pour sa derni\u00e8re s\u00e9ance de l&rsquo;\u00e9t\u00e9, ce vendredi 11 juillet.<\/strong><\/p>\n<p>Plus de 100 rapports \u00e9taient soumis \u00e0 l&rsquo;examen et au vote des conseillers municipaux.<br \/>\u00a0<\/p>\n<p class=\"text-align-center\"><a class=\"btn btn-primary\" href=\"https:\/\/event.novialys.com\/Datas\/vdm\/2128787_68678c120b5b5\/\" target=\"_blank\" rel=\"noopener\">Acc\u00e9dez au diff\u00e9r\u00e9<\/a><\/p>\n<p>La s\u00e9ance est traduite en Langue des signes fran\u00e7aise.\u00a0<br \/>\u00a0<\/p>\n<\/p>\n<p>\u00a0<\/p>\n<ul class=\"list-disclosure-closed\">\n<li>Une aide pour les personnes sinistr\u00e9es de l\u2019incendie du mardi 8 juillet<\/li>\n<\/ul>\n<p>Face \u00e0 l\u2019ampleur des pertes subies par certaines familles, le maire de Marseille \u00e0 d\u00e9cid\u00e9 de pr\u00e9senter un rapport au Conseil Municipal en vue de la cr\u00e9ation d\u2019un fonds d\u2019aide financi\u00e8re pour les personnes ayant tout perdu dans l\u2019incendie qui a touch\u00e9 la Ville en d\u00e9but de semaine. Ce fonds permettra d\u2019apporter un soutien concret et rapide aux plus touch\u00e9s.<\/p>\n<p>\u00a0<\/p>\n<ul class=\"list-disclosure-closed\">\n<li>Une convention de gestion avec le Conservatoire du Littoral et l\u2019ONF sur le massif de la \u00ab\u00a0C\u00f4te Bleue &#8211; La Nerthe\u00a0\u00bb<\/li>\n<\/ul>\n<p>Le massif \u201cC\u00f4te Bleue &#8211; La Nerthe\u201d est un espace naturel pr\u00e9serv\u00e9. Tr\u00e8s fortement expos\u00e9 aux risques d\u2019incendie, ce site doit faire l\u2019objet d\u2019une gestion sylvicole attentive visant \u00e0 am\u00e9liorer la biodiversit\u00e9, tout en organisant la protection du massif. Il s\u2019agit de privil\u00e9gier les \u00e9cosyst\u00e8mes adapt\u00e9s au feu et de favoriser la r\u00e9g\u00e9n\u00e9ration naturelle et les zones \u00e0 forte potentialit\u00e9. La Ville de Marseille a \u00e9labor\u00e9 une convention de gestion avec le Conservatoire du Littoral et l\u2019Office National des For\u00eats afin de pr\u00e9server et valoriser le site<\/p>\n<p>\u00a0<\/p>\n<ul class=\"list-disclosure-closed\">\n<li>L\u2019organisation de la F\u00eate de la mer<\/li>\n<\/ul>\n<p>La culture maritime \u00e0 Marseille est profond\u00e9ment ancr\u00e9e dans l\u2019identit\u00e9 de la ville et de ses habitants. Aussi la Ville de Marseille porte aujourd\u2019hui l\u2019ambition de cr\u00e9er une F\u00eate de la mer, un \u00e9v\u00e9nement populaire, festif et maritime, afin de rassembler tous les Marseillais, valoriser les pratiques nautiques, encourager les initiatives culturelles et sportives, d\u00e9fendre et d\u00e9velopper les m\u00e9tiers de la mer, et affirmer ainsi l\u2019identit\u00e9 maritime de Marseille.<\/p>\n<p>\u00a0<\/p>\n<ul class=\"list-disclosure-closed\">\n<li>Acquisition d&rsquo;immeubles et mise \u00e0 disposition des sites par bail emphyt\u00e9otique au profit d&rsquo;YCI Sant\u00e9 en partenariat avec l&rsquo;AP-HM pour des centres de sant\u00e9<\/li>\n<\/ul>\n<p>La Ville de Marseille propose d\u2019acqu\u00e9rir deux immeubles, l\u2019un au 15\u1d49 arrondissement (450 rue de Lyon) appartenant \u00e0 la CPAM, et l\u2019autre dans le 1er arrondissement (51 rue de Rome) appartenant \u00e0 la Mutuelle Marseille M\u00e9tropole, afin d\u2019y d\u00e9velopper des centres de sant\u00e9 de proximit\u00e9 en partenariat avec YCI Sant\u00e9 et l\u2019AP-HM. Ces projets visent \u00e0 am\u00e9liorer l\u2019acc\u00e8s aux soins dans les quartiers prioritaires, notamment via des baux emphyt\u00e9otiques de 30 ans permettant la r\u00e9alisation des travaux et garantissant l\u2019usage public des sites.\u00a0<\/p>\n<p>\u00a0<\/p>\n<ul class=\"list-disclosure-closed\">\n<li>L\u2019acquisition d&rsquo;\u0153uvres d&rsquo;art pour les Mus\u00e9es de Marseille, ainsi que l&rsquo;acquisition de min\u00e9raux remarquables par le Mus\u00e9um d&rsquo;histoire naturelle et de leur inscription \u00e0 l&rsquo;inventaire des collections<\/li>\n<\/ul>\n<p>Forte de ses 2 600 ans d\u2019histoire, la Ville de Marseille conserve un patrimoine culturel et artistique exceptionnel, constitu\u00e9 de pr\u00e8s de 120 000 \u0153uvres et objets r\u00e9partis dans les 14 mus\u00e9es municipaux. L\u2019enrichissement de ces collections reste une mission prioritaire pour les mus\u00e9es de la Ville, conform\u00e9ment aux dispositions du Code du patrimoine.<\/p>\n<p>\u00a0<\/p>\n<ul class=\"list-disclosure-closed\">\n<li>L\u2019attribution de subventions \u00e0 des associations dans le cadre de l\u2019appel \u00e0 projets \u00ab\u00a0sensibilisation aux discriminations dans les \u00e9coles\u00a0\u00bb<\/li>\n<\/ul>\n<p>La lutte contre les discriminations commence \u00e0 l\u2019\u00e9cole. La Ville de Marseille renforce son soutien aux associations engag\u00e9es pour favoriser le vivre ensemble, l\u2019\u00e9mancipation et l\u2019acc\u00e8s aux droits de toutes les Marseillaises et tous les Marseillais. Avec ce rapport la Ville finance \u00e0 hauteur de 67930\u20ac des actions de sensibilisation dans les \u00e9coles.<\/p>\n<p>\u00a0<\/p>\n<ul class=\"list-disclosure-closed\">\n<li>L\u2019approbation de l&rsquo;augmentation du financement pour la r\u00e9habilitation de la Maison des Associations et de l\u2019antenne Berthelot<\/li>\n<\/ul>\n<p>Afin d\u2019accueillir dans des conditions de s\u00e9curit\u00e9 et de qualit\u00e9 les associations marseillaises, la r\u00e9habilitation de la Maison des Associations et de l\u2019antenne Berthelot sont en cours. La v\u00e9tust\u00e9 de l\u2019\u00e9quipement engendre des co\u00fbts suppl\u00e9mentaires.\u00a0<\/p>\n<p>\u00a0<\/p>\n<ul class=\"list-disclosure-closed\">\n<li>La d\u00e9signation du quartier Saint Pierre pour l&rsquo;exp\u00e9rimentation de quartiers \u00e0 \u00e9nergie positive \u00e0 Marseille et participation \u00e0 la politique municipale de coop\u00e9ration m\u00e9diterran\u00e9enne, dans le cadre du projet europ\u00e9en Pos\u00e9idon<\/li>\n<\/ul>\n<p>\u00c0 travers sa participation active au projet europ\u00e9en Pos\u00e9idon, la Ville de Marseille affirme sa volont\u00e9 d\u2019exp\u00e9rimenter de nouvelles approches urbaines durables, co-construites avec les habitants et adapt\u00e9es aux sp\u00e9cificit\u00e9s m\u00e9diterran\u00e9ennes. Le projet POS\u00c9IDON s&rsquo;inscrit dans une d\u00e9marche europ\u00e9enne ambitieuse visant \u00e0 accompagner la transformation des quartiers existants en quartiers \u00e0 \u00e9nergie positive (QEP), tout en int\u00e9grant les dimensions \u00e9nerg\u00e9tiques, environnementales et sociales de la durabilit\u00e9.<\/p>\n<p>\u00a0<\/p>\n<ul class=\"list-disclosure-closed\">\n<li>Approbation de la prise en charge du personnel accompagnant les enfants en situation de handicap sur le temps m\u00e9ridien pour faire face \u00e0 la carence de l&rsquo;\u00c9tat \u00e0 la rentr\u00e9e scolaire 2025-2026<\/li>\n<\/ul>\n<p>Face \u00e0 la carence de l\u2019\u00c9tat \u00e0 assurer l&rsquo;accompagnement des enfants en situation de handicap pendant la pause m\u00e9ridienne, la Ville de Marseille prolonge une nouvelle fois, \u00e0 titre exceptionnel, les contrats de ses 400 agents jusqu\u2019\u00e0 fin 2025. Elle demande \u00e0 l\u2019\u00c9tat d\u2019assumer pleinement cette comp\u00e9tence, comme le pr\u00e9voit la loi de mai 2024.<\/p>\n<p>\u00a0<\/p>\n<ul class=\"list-disclosure-closed\">\n<li>La Ville de Marseille poursuit sa strat\u00e9gie fonci\u00e8re pour cr\u00e9er des services publics de proximit\u00e9<\/li>\n<\/ul>\n<p>Trois d\u00e9lib\u00e9rations portent sur des acquisitions fonci\u00e8res n\u00e9cessaires \u00e0 la cr\u00e9ation de services publics : la construction de la piscine Bougainville dans le 3\u00e8me arrondissement, la r\u00e9novation de l\u2019\u00e9cole Pommier dans le 3\u00e8me arrondissement et la relocalisation du bureau municipal de proximit\u00e9 de la Cabucelle et du CCAS.\u00a0<\/p>\n","protected":false},"excerpt":{"rendered":"Le conseil de Marseille s&rsquo;est r\u00e9uni pour sa derni\u00e8re s\u00e9ance de l&rsquo;\u00e9t\u00e9, ce vendredi 11 juillet. Plus de&hellip;\n","protected":false},"author":2,"featured_media":51535,"comment_status":"","ping_status":"","sticky":false,"template":"","format":"standard","meta":{"footnotes":""},"categories":[2814],"tags":[1111,11,1777,674,1011,27,884,12,882,25,6150],"class_list":{"0":"post-242617","1":"post","2":"type-post","3":"status-publish","4":"format-standard","5":"has-post-thumbnail","7":"category-marseille","8":"tag-actu","9":"tag-actualites","10":"tag-eu","11":"tag-europe","12":"tag-fr","13":"tag-france","14":"tag-marseille","15":"tag-news","16":"tag-provence-alpes-cote-dazur","17":"tag-republique-francaise","18":"tag-rss"},"share_on_mastodon":{"url":"https:\/\/pubeurope.com\/@fr\/114834997553470815","error":""},"_links":{"self":[{"href":"https:\/\/www.europesays.com\/fr\/wp-json\/wp\/v2\/posts\/242617","targetHints":{"allow":["GET"]}}],"collection":[{"href":"https:\/\/www.europesays.com\/fr\/wp-json\/wp\/v2\/posts"}],"about":[{"href":"https:\/\/www.europesays.com\/fr\/wp-json\/wp\/v2\/types\/post"}],"author":[{"embeddable":true,"href":"https:\/\/www.europesays.com\/fr\/wp-json\/wp\/v2\/users\/2"}],"replies":[{"embeddable":true,"href":"https:\/\/www.europesays.com\/fr\/wp-json\/wp\/v2\/comments?post=242617"}],"version-history":[{"count":0,"href":"https:\/\/www.europesays.com\/fr\/wp-json\/wp\/v2\/posts\/242617\/revisions"}],"wp:featuredmedia":[{"embeddable":true,"href":"https:\/\/www.europesays.com\/fr\/wp-json\/wp\/v2\/media\/51535"}],"wp:attachment":[{"href":"https:\/\/www.europesays.com\/fr\/wp-json\/wp\/v2\/media?parent=242617"}],"wp:term":[{"taxonomy":"category","embeddable":true,"href":"https:\/\/www.europesays.com\/fr\/wp-json\/wp\/v2\/categories?post=242617"},{"taxonomy":"post_tag","embeddable":true,"href":"https:\/\/www.europesays.com\/fr\/wp-json\/wp\/v2\/tags?post=242617"}],"curies":[{"name":"wp","href":"https:\/\/api.w.org\/{rel}","templated":true}]}}