{"id":242622,"date":"2025-07-11T14:11:20","date_gmt":"2025-07-11T14:11:20","guid":{"rendered":"https:\/\/www.europesays.com\/fr\/242622\/"},"modified":"2025-07-11T14:11:20","modified_gmt":"2025-07-11T14:11:20","slug":"la-region-prend-de-nouvelles-mesures-pour-soutenir-les-entreprises-en-difficulte","status":"publish","type":"post","link":"https:\/\/www.europesays.com\/fr\/242622\/","title":{"rendered":"La R\u00e9gion prend de nouvelles mesures pour soutenir les entreprises en difficult\u00e9"},"content":{"rendered":"<p>\u00abFace \u00e0 un contexte \u00e9conomique tr\u00e8s incertain \u00bb, la R\u00e9gion entend soutenir les petites et moyennes entreprises franciliennes en difficult\u00e9. En t\u00e9moigne la d\u00e9lib\u00e9ration vot\u00e9e mercredi, en commission permanente, pour leur faire b\u00e9n\u00e9ficier de trois nouvelles solutions \u00ab sur-mesure \u00bb.<\/p>\n<p>L\u2019une de ces solutions est le doublement et l\u2019\u00e9largissement du ch\u00e8que pr\u00e9vention \u00ab qui vise \u00e0 favoriser l\u2019acc\u00e8s de toutes les TPE\/PME franciliennes \u2013 jusqu\u2019\u00e0 250 salari\u00e9s et 50 millions d\u2019euros e chiffre d\u2019affaires \u2013 aux proc\u00e9dures amiables de pr\u00e9vention (mandat ad hoc et conciliation) \u00bb, rappelle la R\u00e9gion qui pourra d\u00e9sormais prendre en charge jusqu\u2019\u00e0 10 000 euros des frais engendr\u00e9s par ces proc\u00e9dures (frais de greffe, honoraires de l\u2019expert-comptable et du commissaire aux comptes\u2026).<\/p>\n<p>Autre mesure, la mise en place d\u2019un pr\u00eat \u00ab Ile-de-France Pr\u00e9vention \u00bb pour les PME de plus de 20 salari\u00e9s confront\u00e9es \u00e0 des difficult\u00e9s de tr\u00e9sorerie. Ce pr\u00eat d\u2019un montant pouvant aller jusqu\u2019\u00e0 300 000 euros viendra \u00ab assurer le continuum du financement des entreprises en difficult\u00e9 positionn\u00e9s sur des secteurs industriels ou strat\u00e9giques et qui se trouvent en proc\u00e9dure de pr\u00e9vention, en leur permettant de rebondir apr\u00e8s ren\u00e9gociation de leurs dettes avec leurs cr\u00e9anciers \u00bb, explique la collectivit\u00e9.<\/p>\n<p>Enfin, la R\u00e9gion va activer une cellule de sauvegarde des entreprises en difficult\u00e9 au sein de ses services d\u00e9di\u00e9s au d\u00e9veloppement \u00e9conomique. \u00ab Compos\u00e9e de trois personnes \u00e0 temps plein, cette cellule sera pleinement d\u00e9di\u00e9e \u00e0 l\u2019accompagnement des entrepreneurs concern\u00e9s et travaillera en r\u00e9seau avec les services de l\u2019Etat et les partenaires institutionnels pour rep\u00e9rer et pr\u00e9venir les difficult\u00e9 \u00bb. Cette cellule dispose d\u00e9j\u00e0 d\u2019une adresse mail : sauvegarde-entreprises@iledefrance.fr.<\/p>\n<p>\u00ab En concentrant ses efforts sur les proc\u00e9dures de pr\u00e9ventions, la R\u00e9gion Ile-de-France agit en amont avec un objectif clair : \u00e9viter les faillites, en augmentation de 20 % depuis la dissolution, et les destructions d\u2019emplois associ\u00e9es \u00bb, indique le Conseil r\u00e9gional qui dispose d\u2019autres outils pour accompagner le d\u00e9veloppement et la pr\u00e9servation du tissu \u00e9conomique et industriel francilien : la SEM Investissements et Territoires \u00ab qui propose une solution de portage immobilier pour les PME et ETI industrielles en difficult\u00e9 \u00bb, les fonds Ile-de-France R\u00e9industrialisation et D\u00e9carbonation \u00e0 destination des start-up et PME\/ETI innovantes, le fonds Inv\u2019ESS pour les entreprises de l\u2019\u00c9conomie sociale et solidaire, ou encore sa gamme d\u2019aides UP (TP\u2019Up, PM\u2019Up, Innov\u2019UP) qui a d\u00e9j\u00e0 soutenu plus de 4 500 entreprises franciliennes \u00e0 raison de 660 millions d\u2019euros.<\/p>\n","protected":false},"excerpt":{"rendered":"\u00abFace \u00e0 un contexte \u00e9conomique tr\u00e8s incertain \u00bb, la R\u00e9gion entend soutenir les petites et moyennes entreprises franciliennes&hellip;\n","protected":false},"author":2,"featured_media":242623,"comment_status":"","ping_status":"","sticky":false,"template":"","format":"standard","meta":{"footnotes":""},"categories":[1592],"tags":[1111,11,4526,38207,38208,20741,313,25947,1777,674,38209,1011,27,662,18236,12,626,8331,38211,38210,38212,25,8330,2542],"class_list":{"0":"post-242622","1":"post","2":"type-post","3":"status-publish","4":"format-standard","5":"has-post-thumbnail","7":"category-ile-de-france","8":"tag-actu","9":"tag-actualites","10":"tag-aide","11":"tag-cellule-de-sauvegarde-des-entreprises-en-difficultu00e9","12":"tag-chu00e8que-pru00e9vention","13":"tag-conseil-ru00e9gional","14":"tag-entreprises","15":"tag-entreprises-en-difficultu00e9","16":"tag-eu","17":"tag-europe","18":"tag-faillites","19":"tag-fr","20":"tag-france","21":"tag-ile-de-france","22":"tag-mesures","23":"tag-news","24":"tag-paris","25":"tag-pme","26":"tag-procu00e9dures","27":"tag-pru00eat-u00ab-ile-de-france-pru00e9vention-u00bb","28":"tag-redressements-judiciaires","29":"tag-republique-francaise","30":"tag-tpe","31":"tag-u00e9conomie"},"share_on_mastodon":{"url":"https:\/\/pubeurope.com\/@fr\/114835009413255299","error":""},"_links":{"self":[{"href":"https:\/\/www.europesays.com\/fr\/wp-json\/wp\/v2\/posts\/242622","targetHints":{"allow":["GET"]}}],"collection":[{"href":"https:\/\/www.europesays.com\/fr\/wp-json\/wp\/v2\/posts"}],"about":[{"href":"https:\/\/www.europesays.com\/fr\/wp-json\/wp\/v2\/types\/post"}],"author":[{"embeddable":true,"href":"https:\/\/www.europesays.com\/fr\/wp-json\/wp\/v2\/users\/2"}],"replies":[{"embeddable":true,"href":"https:\/\/www.europesays.com\/fr\/wp-json\/wp\/v2\/comments?post=242622"}],"version-history":[{"count":0,"href":"https:\/\/www.europesays.com\/fr\/wp-json\/wp\/v2\/posts\/242622\/revisions"}],"wp:featuredmedia":[{"embeddable":true,"href":"https:\/\/www.europesays.com\/fr\/wp-json\/wp\/v2\/media\/242623"}],"wp:attachment":[{"href":"https:\/\/www.europesays.com\/fr\/wp-json\/wp\/v2\/media?parent=242622"}],"wp:term":[{"taxonomy":"category","embeddable":true,"href":"https:\/\/www.europesays.com\/fr\/wp-json\/wp\/v2\/categories?post=242622"},{"taxonomy":"post_tag","embeddable":true,"href":"https:\/\/www.europesays.com\/fr\/wp-json\/wp\/v2\/tags?post=242622"}],"curies":[{"name":"wp","href":"https:\/\/api.w.org\/{rel}","templated":true}]}}