{"id":242636,"date":"2025-07-11T14:18:17","date_gmt":"2025-07-11T14:18:17","guid":{"rendered":"https:\/\/www.europesays.com\/fr\/242636\/"},"modified":"2025-07-11T14:18:17","modified_gmt":"2025-07-11T14:18:17","slug":"lassassinat-dun-officier-des-services-secrets-ebranle-lukraine-une-trahison-interne","status":"publish","type":"post","link":"https:\/\/www.europesays.com\/fr\/242636\/","title":{"rendered":"L\u2019assassinat d\u2019un officier des services secrets \u00e9branle l\u2019Ukraine : \u201cune trahison interne ?\u201d"},"content":{"rendered":"\n<p>Jeudi 10\u00a0juillet, le service de s\u00e9curit\u00e9 d\u2019Ukraine (SBU) a annonc\u00e9 dans un communiqu\u00e9 le meurtre d\u2019un de ses agents, survenu dans le district de Golosi\u00efvsky \u00e0 Kiev, sans pr\u00e9ciser l\u2019identit\u00e9 de la victime. Les m\u00e9dias ukrainiens l\u2019ont ensuite identifi\u00e9e comme \u00e9tant Ivan Voronytch, colonel au sein du SBU.<\/p>\n<p>La nouvelle a stup\u00e9fi\u00e9 les observateurs mais aussi ses anciens coll\u00e8gues. <a class=\"ithalc\" data-ithal=\"lien_externe\" data-ithalc=\"[nav_article]\" target=\"_blank\" href=\"https:\/\/zn.ua\/ukr\/UKRAINE\/u-kijevi-diversant-vbiv-polkovnika-sbu-chervinskij-.html\" rel=\"noopener\">Cit\u00e9 par l\u2019hebdomadaire <strong>Dzerkalo\u00a0Tyjnia<\/strong><\/a><strong>,<\/strong> l\u2019ex-membre du renseignement militaire (HUR) et du SBU Roman\u00a0Tchervinsky a \u00e9crit sur <a class=\"ithalc\" data-ithal=\"lien_externe\" data-ithalc=\"[nav_article]\" target=\"_blank\" href=\"https:\/\/www.facebook.com\/cervinskijroman\/posts\/pfbid02xpUKGamcNL6JSxYafvA2bqoAMPZwqSCpxLmci8nMR24ZsKp7eg4GSKyFP2maq8ayl\" rel=\"noopener\">sa page Facebook<\/a>\u00a0: \u201cC\u2019est une perte personnelle pour moi, et pour beaucoup de membres patriotiques du SBU. Un agent ennemi a tu\u00e9 un officier de valeur, le colonel Voronytch.\u201d<\/p>\n<p>\u201c[Voronytch] a \u00e9t\u00e9 ex\u00e9cut\u00e9 de cinq balles le 10\u00a0juillet \u00e0 8\u00a0heures du matin alors qu\u2019il sortait de son domicile, sur le parking, explique l\u2019hebdomadaire. La police de Kiev a pris des mesures pour arr\u00eater l\u2019assassin\u201d. Dans le m\u00eame temps, \u201cune enqu\u00eate criminelle a \u00e9t\u00e9 ouverte, \u00e0 laquelle participent les services sp\u00e9ciaux\u201d.<\/p>\n<p>Sur son site, le magazine <a class=\"ithalc\" data-ithal=\"lien_externe\" data-ithalc=\"[nav_article]\" target=\"_blank\" href=\"https:\/\/focus.ua\/uk\/ukraine\/713830-u-kiyevi-zastrelili-polkovnika-sbu-moment-vbivstva-znyala-kamera-sposterezhennya-video\" rel=\"noopener\"><strong>Focus.ua<\/strong> a mis en ligne<\/a> la vid\u00e9o des faits, film\u00e9e par une cam\u00e9ra de surveillance de l\u2019immeuble o\u00f9 r\u00e9sidait la victime, et souligne que \u201cl\u2019enregistrement montre que le tueur a probablement utilis\u00e9 un pistolet \u00e9quip\u00e9 d\u2019un silencieux\u201d. Depuis le d\u00e9but du mois de juillet, l<\/p>\n","protected":false},"excerpt":{"rendered":"Jeudi 10\u00a0juillet, le service de s\u00e9curit\u00e9 d\u2019Ukraine (SBU) a annonc\u00e9 dans un communiqu\u00e9 le meurtre d\u2019un de ses&hellip;\n","protected":false},"author":2,"featured_media":242637,"comment_status":"","ping_status":"","sticky":false,"template":"","format":"standard","meta":{"footnotes":""},"categories":[1590],"tags":[11,4777,1777,674,1892,131,12,132,220],"class_list":{"0":"post-242636","1":"post","2":"type-post","3":"status-publish","4":"format-standard","5":"has-post-thumbnail","7":"category-ukraine","8":"tag-actualites","9":"tag-espionnage","10":"tag-eu","11":"tag-europe","12":"tag-gu00e9opolitique","13":"tag-guerre-en-ukraine","14":"tag-news","15":"tag-russie","16":"tag-ukraine"},"share_on_mastodon":{"url":"https:\/\/pubeurope.com\/@fr\/114835036880545314","error":""},"_links":{"self":[{"href":"https:\/\/www.europesays.com\/fr\/wp-json\/wp\/v2\/posts\/242636","targetHints":{"allow":["GET"]}}],"collection":[{"href":"https:\/\/www.europesays.com\/fr\/wp-json\/wp\/v2\/posts"}],"about":[{"href":"https:\/\/www.europesays.com\/fr\/wp-json\/wp\/v2\/types\/post"}],"author":[{"embeddable":true,"href":"https:\/\/www.europesays.com\/fr\/wp-json\/wp\/v2\/users\/2"}],"replies":[{"embeddable":true,"href":"https:\/\/www.europesays.com\/fr\/wp-json\/wp\/v2\/comments?post=242636"}],"version-history":[{"count":0,"href":"https:\/\/www.europesays.com\/fr\/wp-json\/wp\/v2\/posts\/242636\/revisions"}],"wp:featuredmedia":[{"embeddable":true,"href":"https:\/\/www.europesays.com\/fr\/wp-json\/wp\/v2\/media\/242637"}],"wp:attachment":[{"href":"https:\/\/www.europesays.com\/fr\/wp-json\/wp\/v2\/media?parent=242636"}],"wp:term":[{"taxonomy":"category","embeddable":true,"href":"https:\/\/www.europesays.com\/fr\/wp-json\/wp\/v2\/categories?post=242636"},{"taxonomy":"post_tag","embeddable":true,"href":"https:\/\/www.europesays.com\/fr\/wp-json\/wp\/v2\/tags?post=242636"}],"curies":[{"name":"wp","href":"https:\/\/api.w.org\/{rel}","templated":true}]}}