{"id":242642,"date":"2025-07-11T14:21:11","date_gmt":"2025-07-11T14:21:11","guid":{"rendered":"https:\/\/www.europesays.com\/fr\/242642\/"},"modified":"2025-07-11T14:21:11","modified_gmt":"2025-07-11T14:21:11","slug":"une-bombe-de-la-seconde-guerre-mondiale-desamorcee-avec-succes-a-stuttgart","status":"publish","type":"post","link":"https:\/\/www.europesays.com\/fr\/242642\/","title":{"rendered":"une bombe de la Seconde Guerre mondiale d\u00e9samorc\u00e9e avec succ\u00e8s \u00e0 Stuttgart"},"content":{"rendered":"<p>Au cours d\u2019une op\u00e9ration r\u00e9alis\u00e9e entre jeudi et vendredi, la d\u00e9couverte d\u2019une bombe de pr\u00e8s de 500 kilogrammes a n\u00e9cessit\u00e9 l\u2019\u00e9vacuation de 6000 habitants.<\/p>\n<p class=\"fig-paragraph\">Une d\u00e9couverte \u00e9tonnante a \u00e9t\u00e9 faite \u00e0 Stuttgart, dans le sud de l\u2019Allemagne, ce jeudi apr\u00e8s-midi. Des ouvriers ont en effet d\u00e9couvert une\u00a0<a href=\"http:\/\/www.lefigaro.fr\/international\/royaume-uni-plus-de-150-bombes-de-la-seconde-guerre-mondiale-decouvertes-sous-une-aire-de-jeux-pour-enfants-20250211\" target=\"_blank\" data-fig-type=\"NewsFlash\" rel=\"noopener\" data-gtm-custom-categorie=\"navigation\" data-gtm-custom-action=\"crossclick\" data-gtm-custom-label=\"Contextuel\" data-gtm-event=\"customEventSPE\" data-fig-domain=\"LEFIGARO\">bombe a\u00e9rienne datant de la Seconde Guerre mondiale<\/a>\u00a0en plein dans la ville, n\u00e9cessitant une op\u00e9ration de d\u00e9samor\u00e7age. L\u2019op\u00e9ration, qui a \u00e9t\u00e9 un succ\u00e8s, s\u2019est d\u00e9roul\u00e9e entre jeudi et vendredi, et a n\u00e9cessit\u00e9 l\u2019\u00e9vacuation de pr\u00e8s de 6000 habitants, selon les informations des m\u00e9dias allemands\u00a0<a href=\"https:\/\/stuttgart-journal.de\/tp3\/2025\/07\/11\/weltkriegsbombe-in-stuttgart-erfolgreich-entschaerft-evakuierung-von-6-000-menschen\/\" target=\"_blank\" rel=\"sponsored noopener\" data-gtm-custom-categorie=\"navigation\" data-gtm-custom-action=\"crossclick\" data-gtm-custom-label=\"Contextuel\" data-gtm-event=\"customEventSPE\">Stuttgart Journal<\/a> \u00a0et\u00a0<a href=\"https:\/\/www.tagesschau.de\/inland\/regional\/badenwuerttemberg\/swr-bombe-in-stuttgart-hallschlag-gefunden-evakuierung-geplant-100.html\" target=\"_blank\" rel=\"sponsored noopener\" data-gtm-custom-categorie=\"navigation\" data-gtm-custom-action=\"crossclick\" data-gtm-custom-label=\"Contextuel\" data-gtm-event=\"customEventSPE\">Tagesschau<\/a> .<\/p>\n<p class=\"fig-paragraph\">L\u2019engin retrouv\u00e9 \u00e9tait une bombe non explos\u00e9e d\u2019environ 500 kilogrammes, vieille de plus de 70 ans. Elle se trouvait \u00e0 proximit\u00e9 de la Porte du Lion, pr\u00e8s du parc de Rosenstein, qui se situe dans un quartier r\u00e9sidentiel de Stuttgart. La bombe a \u00e9t\u00e9 d\u00e9couverte ce jeudi apr\u00e8s-midi lors de travaux d\u2019excavation.<\/p>\n<p>                                    <a class=\"fig-a11y-skip a11y-hidden\" href=\"#fig-a11y-skip-main-inarticle\"><br \/>\n        Passer la publicit\u00e9<br \/>\n    <\/a><\/p>\n<p>Les riverains \u00e9vacu\u00e9s par pr\u00e9caution<\/p>\n<p class=\"fig-paragraph\">Imm\u00e9diatement pr\u00e9venues, les autorit\u00e9s allemandes ont ordonn\u00e9 l\u2019\u00e9vacuation de tous les riverains, dans un p\u00e9rim\u00e8tre de 500 m\u00e8tres autour du site. C\u2019est entre 16h30 et 21 heures jeudi soir que les 6000 personnes ont \u00e9t\u00e9 contraintes de quitter leur domicile.<\/p>\n<p class=\"fig-paragraph\">La police a pris le temps de s\u2019assurer que personne ne se trouvait dans le p\u00e9rim\u00e8tre avant de donner le feu vert pour entamer la proc\u00e9dure de d\u00e9samor\u00e7age. Des patrouilles ont circul\u00e9 tout l\u2019apr\u00e8s-midi avec des haut-parleurs et des drones ont \u00e9t\u00e9 utilis\u00e9s dans la soir\u00e9e pour s\u2019assurer que la zone \u00e9tait vide.<\/p>\n<p class=\"fig-paragraph\">Une salle de sport de la ville de Stuttgart a \u00e9t\u00e9 mise \u00e0 disposition pour loger les personnes \u00e9vacu\u00e9es, sous la prise en charge de la Croix-Rouge allemande.<\/p>\n<p>Deux \u00e9tapes<\/p>\n<p class=\"fig-paragraph\">Il a fallu attendre 21 heures pour que tous les riverains soient \u00e9vacu\u00e9s \u00e0 l\u2019ext\u00e9rieur du p\u00e9rim\u00e8tre de s\u00e9curit\u00e9. Le service de neutralisation des explosifs et munitions de l\u2019\u00c9tat s\u2019est ensuite charg\u00e9 de d\u00e9samorcer la bombe.<\/p>\n<p class=\"fig-paragraph\">\u00c0 la fin des op\u00e9rations, une d\u00e9tonation a \u00e9t\u00e9 entendue. Selon la ville de Stuttgart, ce ph\u00e9nom\u00e8ne est normal. Une partie de la proc\u00e9dure de d\u00e9samor\u00e7age consiste \u00e0 faire exploser le d\u00e9tonateur de mani\u00e8re contr\u00f4l\u00e9e. La bombe a ainsi pu \u00eatre enfin retir\u00e9e avec pr\u00e9caution, au cours de la nuit de jeudi \u00e0 vendredi.<\/p>\n<p>                                    <a class=\"fig-a11y-skip a11y-hidden\" href=\"#fig-a11y-skip-main-inarticle_mtf\"><br \/>\n        Passer la publicit\u00e9<br \/>\n    <\/a><\/p>\n<p class=\"fig-paragraph\">Apr\u00e8s la fin du d\u00e9samor\u00e7age, les barrages routiers ont \u00e9t\u00e9 lev\u00e9s. Les transports en commun ont pu reprendre leur service normalement, et les riverains ont progressivement pu acc\u00e9der \u00e0 leur domicile. \u00c0 l\u2019issue de l\u2019op\u00e9ration, la Ville de Stuttgart a remerci\u00e9 les citoyens concern\u00e9s pour leur patience et leur coop\u00e9ration.<\/p>\n","protected":false},"excerpt":{"rendered":"Au cours d\u2019une op\u00e9ration r\u00e9alis\u00e9e entre jeudi et vendredi, la d\u00e9couverte d\u2019une bombe de pr\u00e8s de 500 kilogrammes&hellip;\n","protected":false},"author":2,"featured_media":242643,"comment_status":"","ping_status":"","sticky":false,"template":"","format":"standard","meta":{"footnotes":""},"categories":[1587],"tags":[11,672,10489,1804,1805,1803,1777,674,1801,12,1802,935,12500],"class_list":{"0":"post-242642","1":"post","2":"type-post","3":"status-publish","4":"format-standard","5":"has-post-thumbnail","7":"category-allemagne","8":"tag-actualites","9":"tag-allemagne","10":"tag-bombe","11":"tag-bundesrepublik-deutschland","12":"tag-de","13":"tag-deutschland","14":"tag-eu","15":"tag-europe","16":"tag-germany","17":"tag-news","18":"tag-republique-federale-dallemagne","19":"tag-seconde-guerre-mondiale","20":"tag-stuttgart"},"share_on_mastodon":{"url":"https:\/\/pubeurope.com\/@fr\/114835048576544283","error":""},"_links":{"self":[{"href":"https:\/\/www.europesays.com\/fr\/wp-json\/wp\/v2\/posts\/242642","targetHints":{"allow":["GET"]}}],"collection":[{"href":"https:\/\/www.europesays.com\/fr\/wp-json\/wp\/v2\/posts"}],"about":[{"href":"https:\/\/www.europesays.com\/fr\/wp-json\/wp\/v2\/types\/post"}],"author":[{"embeddable":true,"href":"https:\/\/www.europesays.com\/fr\/wp-json\/wp\/v2\/users\/2"}],"replies":[{"embeddable":true,"href":"https:\/\/www.europesays.com\/fr\/wp-json\/wp\/v2\/comments?post=242642"}],"version-history":[{"count":0,"href":"https:\/\/www.europesays.com\/fr\/wp-json\/wp\/v2\/posts\/242642\/revisions"}],"wp:featuredmedia":[{"embeddable":true,"href":"https:\/\/www.europesays.com\/fr\/wp-json\/wp\/v2\/media\/242643"}],"wp:attachment":[{"href":"https:\/\/www.europesays.com\/fr\/wp-json\/wp\/v2\/media?parent=242642"}],"wp:term":[{"taxonomy":"category","embeddable":true,"href":"https:\/\/www.europesays.com\/fr\/wp-json\/wp\/v2\/categories?post=242642"},{"taxonomy":"post_tag","embeddable":true,"href":"https:\/\/www.europesays.com\/fr\/wp-json\/wp\/v2\/tags?post=242642"}],"curies":[{"name":"wp","href":"https:\/\/api.w.org\/{rel}","templated":true}]}}