{"id":242644,"date":"2025-07-11T14:22:15","date_gmt":"2025-07-11T14:22:15","guid":{"rendered":"https:\/\/www.europesays.com\/fr\/242644\/"},"modified":"2025-07-11T14:22:15","modified_gmt":"2025-07-11T14:22:15","slug":"la-russie-a-designe-la-france-comme-son-principal-adversaire-en-europe-estime-le-chef-detat-major-francais","status":"publish","type":"post","link":"https:\/\/www.europesays.com\/fr\/242644\/","title":{"rendered":"La Russie a d\u00e9sign\u00e9 la France comme \u00ab\u00a0son principal adversaire en Europe\u00a0\u00bb, estime le chef d\u2019\u00e9tat-major fran\u00e7ais"},"content":{"rendered":"<p>\u00ab C\u2019est (Vladimir) Poutine qui a dit \u00bb cela, a soulign\u00e9 le g\u00e9n\u00e9ral Burkhard lors d\u2019une rare conf\u00e9rence de presse, ce vendredi en signalant que Moscou a identifi\u00e9 la France comme \u00e9tant \u00ab son principal adversaire en Europe \u00bb. \u00ab Cela ne pas dire qu\u2019il ne s\u2019occupe pas des autres pays et cela ne veut pas dire qu\u2019il ne s\u2019occupe que de nous \u00bb, par des actions hybrides, a-t-il ajout\u00e9.<\/p>\n","protected":false},"excerpt":{"rendered":"\u00ab C\u2019est (Vladimir) Poutine qui a dit \u00bb cela, a soulign\u00e9 le g\u00e9n\u00e9ral Burkhard lors d\u2019une rare conf\u00e9rence&hellip;\n","protected":false},"author":2,"featured_media":242645,"comment_status":"","ping_status":"","sticky":false,"template":"","format":"standard","meta":{"footnotes":""},"categories":[1586],"tags":[11,765,1777,674,1011,27,2069,74,12,25,132],"class_list":{"0":"post-242644","1":"post","2":"type-post","3":"status-publish","4":"format-standard","5":"has-post-thumbnail","7":"category-europe","8":"tag-actualites","9":"tag-en-continu","10":"tag-eu","11":"tag-europe","12":"tag-fr","13":"tag-france","14":"tag-guerre-ukraine-russie","15":"tag-monde","16":"tag-news","17":"tag-republique-francaise","18":"tag-russie"},"share_on_mastodon":{"url":"https:\/\/pubeurope.com\/@fr\/114835052575955695","error":""},"_links":{"self":[{"href":"https:\/\/www.europesays.com\/fr\/wp-json\/wp\/v2\/posts\/242644","targetHints":{"allow":["GET"]}}],"collection":[{"href":"https:\/\/www.europesays.com\/fr\/wp-json\/wp\/v2\/posts"}],"about":[{"href":"https:\/\/www.europesays.com\/fr\/wp-json\/wp\/v2\/types\/post"}],"author":[{"embeddable":true,"href":"https:\/\/www.europesays.com\/fr\/wp-json\/wp\/v2\/users\/2"}],"replies":[{"embeddable":true,"href":"https:\/\/www.europesays.com\/fr\/wp-json\/wp\/v2\/comments?post=242644"}],"version-history":[{"count":0,"href":"https:\/\/www.europesays.com\/fr\/wp-json\/wp\/v2\/posts\/242644\/revisions"}],"wp:featuredmedia":[{"embeddable":true,"href":"https:\/\/www.europesays.com\/fr\/wp-json\/wp\/v2\/media\/242645"}],"wp:attachment":[{"href":"https:\/\/www.europesays.com\/fr\/wp-json\/wp\/v2\/media?parent=242644"}],"wp:term":[{"taxonomy":"category","embeddable":true,"href":"https:\/\/www.europesays.com\/fr\/wp-json\/wp\/v2\/categories?post=242644"},{"taxonomy":"post_tag","embeddable":true,"href":"https:\/\/www.europesays.com\/fr\/wp-json\/wp\/v2\/tags?post=242644"}],"curies":[{"name":"wp","href":"https:\/\/api.w.org\/{rel}","templated":true}]}}