{"id":242654,"date":"2025-07-11T14:27:12","date_gmt":"2025-07-11T14:27:12","guid":{"rendered":"https:\/\/www.europesays.com\/fr\/242654\/"},"modified":"2025-07-11T14:27:12","modified_gmt":"2025-07-11T14:27:12","slug":"celine-boutier-et-nastasia-nadaud-passent-le-cut-de-levian-championship-pas-pauline-roussin-bouchard-lequipe","status":"publish","type":"post","link":"https:\/\/www.europesays.com\/fr\/242654\/","title":{"rendered":"C\u00e9line Boutier et Nastasia Nadaud passent le cut de l&#039;Evian Championship, pas Pauline Roussin-Bouchard &#8211; L&#039;\u00c9quipe"},"content":{"rendered":"<ol>\n<li><a href=\"https:\/\/news.google.com\/rss\/articles\/CBMi4gFBVV95cUxNSzBLTkNodGFxek9XOXNUZGhCY3BuYmplVzhucE90QjNfa2dhQ3FPbHYtVmIxTTZkeTVsb3lRUzNBNGlyUnVSNG90eDZFVDNEdHBSMkJINmJweklSMEJLVlFPdlJhZ2V3akc4RHpaYUNNbnhXclhqeDNkd1l0dG0zbWU3ZjNXMUVUaFJfRkl0TXZZZzhxTG1rUXpqM3BnalBfcHhreVFkYjl2LXNaOEVKVnhHUUFQSFlZRXYwbWt2WU1JMjNOVFlfR2hBTHIxQ19PUnZNS2RzYTNWcXdqYWNJRDR3?oc=5\" target=\"_blank\" rel=\"nofollow noopener\">C\u00e9line Boutier et Nastasia Nadaud passent le cut de l&rsquo;Evian Championship, pas Pauline Roussin-Bouchard<\/a>&nbsp;&nbsp;L&rsquo;\u00c9quipe<\/li>\n<li><a href=\"https:\/\/news.google.com\/rss\/articles\/CBMijwFBVV95cUxNRGVVUjBmamV1SFluOE90MUpxN2NBOXNJaG1pWFVTaUJ3aFBwMkZsSlNBdFJmTG5wTTY2WlZ4b3o2Xy1YM19UNGI4NURvSl9McEZmLUJyNlFxaGZfQVJIVzVBQ3V0bVAyaEhaYjRvSVdReFNlTFY5MzdnOW1yXzMyNERZdlNoc2h2YkRIUVFVOA?oc=5\" target=\"_blank\" rel=\"nofollow noopener\">Les Fran\u00e7aises r\u00e9ussissent leur entame \u00e0 Evian<\/a>&nbsp;&nbsp;Golf Plan\u00e8te<\/li>\n<li><a href=\"https:\/\/news.google.com\/rss\/articles\/CBMieEFVX3lxTE9VT0JjNklBMVZmeW52UzVwRGdnUTRZblYwV2FPUV9fUlp1SzhkWVhWNTJDLXVtOC1CTHBxa2RuQWUxeFMwbWNWcFVFVXJsWHRZVExQYTNWbXQxVHFabXlKRVR1MmZhTGk3SVJBYXFGOTdEcEp0UWhIUA?oc=5\" target=\"_blank\" rel=\"nofollow noopener\">2e tour. 1re partie<\/a>&nbsp;&nbsp;CANAL+<\/li>\n<li><a href=\"https:\/\/news.google.com\/rss\/articles\/CBMirgFBVV95cUxQSFdjSmsxX0tjT2JYLUNVTGd5MC15REI4WUc5QTNEWXlRY3RXUHdPNzJITEhac0pUTVhHeGowOHJ5T1FEbHNtQ1VMQVVma2J2LU5HVzMzYWZ2dU9LRDFzWDRYU2VtaHhiMkNoZWRYYVlPdEhNM3NLVW8tV2hRa1RVYUJiWE84NlV4RU8xbzVDTUJEN01lWnYyaWRFR3dLeGg2cTF3bHl3RG80dkFNbFE?oc=5\" target=\"_blank\" rel=\"nofollow noopener\">The Amundi Evian Championship : Les Bleues font le spectacle<\/a>&nbsp;&nbsp;F\u00e9d\u00e9ration Fran\u00e7aise de Golf<\/li>\n<li><a href=\"https:\/\/news.google.com\/rss\/articles\/CBMihAJBVV95cUxQT0tISThFRjNydVcxaE4wM3MtRTdoRUN3ZVM0VHBEcG0xU084MzhfalhGc1UtbXVzUkkyVmlKSXJrVzVLQWZNRFBBRGxXbUtLOXNSRTNld19Gcy1Wa1VQX3d0bTFSa2dBQUpZdllpLWZCWkFfTWczdmY0LWEwcGVmbE1GekZ1QzRIZnZ0b0JPUmRyRTJuYXBYV3BNdzJUajhDcGRDVElfandDN0gwaGFUSVVhVnhPakJ3cEdyU0lubF9FbFpTQU95TlB6SVkxQlFTYW1DYTJlNmc3a0NSMHFHOVVzcG1EZVBfSkVaRFBtYUZxbXF3NWdZNmpiOWpVSk9PVVFPcA?oc=5\" target=\"_blank\" rel=\"nofollow noopener\">\u00ab J\u2019avais envie de crier dans l\u2019avion \u00bb, qui est Nastasia Nadaud, la Savoyarde de 20 ans invit\u00e9e surprise de l&rsquo;Amundi Evian Championship ?<\/a>&nbsp;&nbsp;Le Dauphin\u00e9 Lib\u00e9r\u00e9<\/li>\n<\/ol>\n","protected":false},"excerpt":{"rendered":"C\u00e9line Boutier et Nastasia Nadaud passent le cut de l&rsquo;Evian Championship, pas Pauline Roussin-Bouchard&nbsp;&nbsp;L&rsquo;\u00c9quipe Les Fran\u00e7aises r\u00e9ussissent leur&hellip;\n","protected":false},"author":2,"featured_media":242655,"comment_status":"","ping_status":"","sticky":false,"template":"","format":"standard","meta":{"footnotes":""},"categories":[1418],"tags":[1011,27,1472,60],"class_list":{"0":"post-242654","1":"post","2":"type-post","3":"status-publish","4":"format-standard","5":"has-post-thumbnail","7":"category-golf","8":"tag-fr","9":"tag-france","10":"tag-golf","11":"tag-sports"},"share_on_mastodon":{"url":"https:\/\/pubeurope.com\/@fr\/114835072139841800","error":""},"_links":{"self":[{"href":"https:\/\/www.europesays.com\/fr\/wp-json\/wp\/v2\/posts\/242654","targetHints":{"allow":["GET"]}}],"collection":[{"href":"https:\/\/www.europesays.com\/fr\/wp-json\/wp\/v2\/posts"}],"about":[{"href":"https:\/\/www.europesays.com\/fr\/wp-json\/wp\/v2\/types\/post"}],"author":[{"embeddable":true,"href":"https:\/\/www.europesays.com\/fr\/wp-json\/wp\/v2\/users\/2"}],"replies":[{"embeddable":true,"href":"https:\/\/www.europesays.com\/fr\/wp-json\/wp\/v2\/comments?post=242654"}],"version-history":[{"count":0,"href":"https:\/\/www.europesays.com\/fr\/wp-json\/wp\/v2\/posts\/242654\/revisions"}],"wp:featuredmedia":[{"embeddable":true,"href":"https:\/\/www.europesays.com\/fr\/wp-json\/wp\/v2\/media\/242655"}],"wp:attachment":[{"href":"https:\/\/www.europesays.com\/fr\/wp-json\/wp\/v2\/media?parent=242654"}],"wp:term":[{"taxonomy":"category","embeddable":true,"href":"https:\/\/www.europesays.com\/fr\/wp-json\/wp\/v2\/categories?post=242654"},{"taxonomy":"post_tag","embeddable":true,"href":"https:\/\/www.europesays.com\/fr\/wp-json\/wp\/v2\/tags?post=242654"}],"curies":[{"name":"wp","href":"https:\/\/api.w.org\/{rel}","templated":true}]}}