{"id":242656,"date":"2025-07-11T14:29:10","date_gmt":"2025-07-11T14:29:10","guid":{"rendered":"https:\/\/www.europesays.com\/fr\/242656\/"},"modified":"2025-07-11T14:29:10","modified_gmt":"2025-07-11T14:29:10","slug":"xv-de-france-un-sentiment-dinegalite-les-all-blacks-sont-ils-defavorises-par-larbitrage-comme-le-laisse-entendre-la-presse-neo-zelandaise","status":"publish","type":"post","link":"https:\/\/www.europesays.com\/fr\/242656\/","title":{"rendered":"XV de France \u2013 \u00ab\u00a0Un sentiment d\u2019in\u00e9galit\u00e9\u00a0\u00bb\u00a0: les All Blacks sont-ils d\u00e9favoris\u00e9s par l\u2019arbitrage, comme le laisse entendre la presse n\u00e9o-z\u00e9landaise\u00a0?"},"content":{"rendered":"<p>\n                D\u2019apr\u00e8s la presse sp\u00e9cialis\u00e9e du pays au long nuage blanc, les Blacks seraient dans le viseur, notamment apr\u00e8s le premier test-match face au XV de France o\u00f9 trois essais ont \u00e9t\u00e9 refus\u00e9s. On fait le point.\n            <\/p>\n<p>En Nouvelle-Z\u00e9lande, la laborieuse victoire dans le test inaugural a fait couler beaucoup d\u2019encre quant aux critiques envers le XV de France, au replacement de Rieko Ioane \u00e0 l\u2019aile, \u00e0 l\u2019attitude globale de la s\u00e9lection mais aussi \u00e0 la mani\u00e8re dont sont arbitr\u00e9s les All Blacks. Une petite musique a commenc\u00e9 \u00e0 \u00eatre entonn\u00e9e depuis les buvettes de Wellington jusqu\u2019aux r\u00e9dactions sp\u00e9cialis\u00e9es\u00a0: la Nouvelle-Z\u00e9lande serait arbitr\u00e9e d\u00e9favorablement.<\/p>\n<p>Gregor Paul, un des \u00e9ditorialistes les plus connus sur l\u2019\u00eele au long nuage blanc, croit assez en cette id\u00e9e pour le dire tout haut et l\u2019\u00e9crire\u00a0: \u00ab\u00a0Il est difficile \u2013 \u00e9tant donn\u00e9 le nombre important d\u2019occasions o\u00f9 les All Blacks ont \u00e9t\u00e9 victimes de d\u00e9cisions controvers\u00e9es de la part des arbitres \u2013 de ne pas se demander s\u2019ils sont sur une sorte de liste de surveillance de World Rugby\u00a0\u00bb, a-t-il avanc\u00e9 dans une chronique du New Zealand Herald. Au-del\u00e0 des trois essais refus\u00e9s aux Blacks, samedi dernier, dont seul le dernier para\u00eet v\u00e9ritablement discutable, le journaliste \u00e9taye son argumentaire en faisant r\u00e9f\u00e9rence \u00e0 la disproportion entre le carton rouge de Sam Cane par rapport au jaune de Siya Kolisi lors de la finale de la Coupe du monde 2023 et \u00e0 l\u2019essai controvers\u00e9 de Bongi Mbonambi \u00e0 l\u2019Ellis Park (victoire 31-27 des Boks), en ao\u00fbt dernier, lors du Rugby Championship.<\/p>\n<blockquote><p>\n<strong>Sentiment d\u2019in\u00e9galit\u00e9<\/strong>\n<\/p><\/blockquote>\n<p>Et l\u2019\u00e9ditorialiste de se d\u00e9fendre de tout complotisme\u00a0: \u00ab\u00a0Si tout cela n\u2019est qu\u2019une th\u00e9orie de conspiration g\u00e9ante sans fondement, comment se fait-il que Mbonambi ait pu s\u2019en tirer en faisant rebondir le ballon au-dessus de la ligne d\u2019essai et qu\u2019aucun des arbitres n\u2019ait estim\u00e9 n\u00e9cessaire de v\u00e9rifier\u00a0?\u00a0\u00bb Le verdict des arbitrages vid\u00e9os du premier test face aux Bleus a confort\u00e9 Gregor Paul et nombre d\u2019observateurs n\u00e9o-z\u00e9landais dans leur pressentiment\u00a0: \u00ab\u00a0Ce sch\u00e9ma selon lequel les All Blacks sont trait\u00e9s d\u2019une mani\u00e8re diff\u00e9rente dure depuis trop longtemps pour \u00eatre ignor\u00e9 et le match de Dunedin n\u2019a fait qu\u2019ajouter \u00e0 ce sentiment d\u2019in\u00e9galit\u00e9.\u00a0\u00bb<\/p>\n<p>Il y aurait, \u00e0 l\u2019en croire, une forme de compensation de la part du corps arbitral apr\u00e8s tant d\u2019ann\u00e9es au cours desquelles Richie McCaw et ses compatriotes, de par leur aura, ont sembl\u00e9 pr\u00e9serv\u00e9s \u00e0 l\u2019exc\u00e8s\u00a0: \u00ab\u00a0Cette surveillance intense [\u2026] suppose que les Blacks sont coupables d\u2019une quelconque infraction, en se fondant sur la croyance historique selon laquelle ils auraient b\u00e9n\u00e9fici\u00e9 ind\u00fbment de trop nombreuses d\u00e9cisions favorables \u00e0 l\u2019\u00e8re pr\u00e9-technologique.\u00a0\u00bb<\/p>\n<p>Pour s\u00fbr, l\u2019arbitrage de l\u2019Anglais Christophe Ridley, juge de touche \u00e0 Dunedin et au sifflet ce samedi, sera d\u00e9cortiqu\u00e9 \u00e0 l\u2019aune de cette petite musique qui trotte dans les t\u00eates.<\/p>\n","protected":false},"excerpt":{"rendered":"D\u2019apr\u00e8s la presse sp\u00e9cialis\u00e9e du pays au long nuage blanc, les Blacks seraient dans le viseur, notamment apr\u00e8s&hellip;\n","protected":false},"author":2,"featured_media":242657,"comment_status":"","ping_status":"","sticky":false,"template":"","format":"standard","meta":{"footnotes":""},"categories":[1416],"tags":[1011,27,479,1468,60],"class_list":{"0":"post-242656","1":"post","2":"type-post","3":"status-publish","4":"format-standard","5":"has-post-thumbnail","7":"category-rugby","8":"tag-fr","9":"tag-france","10":"tag-rugby","11":"tag-rugby-football","12":"tag-sports"},"share_on_mastodon":{"url":"https:\/\/pubeurope.com\/@fr\/114835079983170911","error":""},"_links":{"self":[{"href":"https:\/\/www.europesays.com\/fr\/wp-json\/wp\/v2\/posts\/242656","targetHints":{"allow":["GET"]}}],"collection":[{"href":"https:\/\/www.europesays.com\/fr\/wp-json\/wp\/v2\/posts"}],"about":[{"href":"https:\/\/www.europesays.com\/fr\/wp-json\/wp\/v2\/types\/post"}],"author":[{"embeddable":true,"href":"https:\/\/www.europesays.com\/fr\/wp-json\/wp\/v2\/users\/2"}],"replies":[{"embeddable":true,"href":"https:\/\/www.europesays.com\/fr\/wp-json\/wp\/v2\/comments?post=242656"}],"version-history":[{"count":0,"href":"https:\/\/www.europesays.com\/fr\/wp-json\/wp\/v2\/posts\/242656\/revisions"}],"wp:featuredmedia":[{"embeddable":true,"href":"https:\/\/www.europesays.com\/fr\/wp-json\/wp\/v2\/media\/242657"}],"wp:attachment":[{"href":"https:\/\/www.europesays.com\/fr\/wp-json\/wp\/v2\/media?parent=242656"}],"wp:term":[{"taxonomy":"category","embeddable":true,"href":"https:\/\/www.europesays.com\/fr\/wp-json\/wp\/v2\/categories?post=242656"},{"taxonomy":"post_tag","embeddable":true,"href":"https:\/\/www.europesays.com\/fr\/wp-json\/wp\/v2\/tags?post=242656"}],"curies":[{"name":"wp","href":"https:\/\/api.w.org\/{rel}","templated":true}]}}