{"id":242658,"date":"2025-07-11T14:30:10","date_gmt":"2025-07-11T14:30:10","guid":{"rendered":"https:\/\/www.europesays.com\/fr\/242658\/"},"modified":"2025-07-11T14:30:10","modified_gmt":"2025-07-11T14:30:10","slug":"wimbledon-grigor-dimitrov-sort-du-silence-apres-son-abandon-contre-sinner-devoir-me-retirer-de-ce-match-a-ete-lun-des-moments-les-plus-douloureux-de-ma-carriere","status":"publish","type":"post","link":"https:\/\/www.europesays.com\/fr\/242658\/","title":{"rendered":"Wimbledon > Grigor Dimitrov sort du silence apr\u00e8s son abandon contre Sinner : \u00ab\u00a0Devoir me retirer de ce match a \u00e9t\u00e9 l&rsquo;un des moments les plus douloureux de ma carri\u00e8re\u00a0\u00bb"},"content":{"rendered":"<p>Quatre jours apr\u00e8s apr\u00e8s avoir d\u00fb quitter le Centre Court en larmes, alors qu\u2019il menait deux sets \u00e0 z\u00e9ro contre Jannik Sinner en huiti\u00e8mes de finale de Wimbledon, Grigor Dimitrov a post\u00e9 un message sur Instagram.<\/p>\n<blockquote class=\"instagram-media\" data-instgrm-captioned=\"\" data-instgrm-permalink=\"https:\/\/www.instagram.com\/p\/DL9rFh7sj-M\/?utm_source=ig_embed&amp;utm_campaign=loading\" data-instgrm-version=\"14\" style=\" background:#FFF; border:0; border-radius:3px; box-shadow:0 0 1px 0 rgba(0,0,0,0.5),0 1px 10px 0 rgba(0,0,0,0.15); margin: 1px; max-width:540px; min-width:326px; padding:0; width:99.375%; width:-webkit-calc(100% - 2px); width:calc(100% - 2px);\"\/>\n<p><strong>\u00ab\u202fParfois, le c\u0153ur veut conti\u00adnuer\u2026 mais l\u2019uni\u00advers en a d\u00e9cid\u00e9 autre\u00adment. Avoir d\u00fb aban\u00addonner ce match \u00e0 Wimbledon a \u00e9t\u00e9 l\u2019un des moments les plus doulou\u00adreux de ma carri\u00e8re. Merci pour l\u2019amour incroyable que vous m\u2019avez t\u00e9moign\u00e9, que ce soit ma famille, mes amis, mes fans, mes coll\u00e8gues ou toute la commu\u00adnaut\u00e9 du tennis\u2026 Vos messages m\u2019ont vrai\u00adment aid\u00e9 \u00e0 traverser cette p\u00e9riode diffi\u00adcile. Merci \u00e0 tous. Du fond du c\u0153ur. La gu\u00e9rison commence main\u00adte\u00adnant. \u00c0 bient\u00f4t\u202f\u00bb<\/strong>, a \u00e9crit le 21e mondial, victime d\u2019une d\u00e9chi\u00adrure partielle du muscle grand pectoral.<\/p>\n<p class=\"post-published-date\" style=\"color: silver; font-size: 75%; text-align: left;\">Publi\u00e9 le vendredi 11 juillet 2025 \u00e0 13:41<\/p>\n<p><script async src=\"\/\/www.instagram.com\/embed.js\"><\/script><\/p>\n","protected":false},"excerpt":{"rendered":"Quatre jours apr\u00e8s apr\u00e8s avoir d\u00fb quitter le Centre Court en larmes, alors qu\u2019il menait deux sets \u00e0&hellip;\n","protected":false},"author":2,"featured_media":237635,"comment_status":"","ping_status":"","sticky":false,"template":"","format":"standard","meta":{"footnotes":""},"categories":[1415],"tags":[6580,1011,27,2127,60,1467],"class_list":{"0":"post-242658","1":"post","2":"type-post","3":"status-publish","4":"format-standard","5":"has-post-thumbnail","7":"category-tennis","8":"tag-dimitrov","9":"tag-fr","10":"tag-france","11":"tag-sinner","12":"tag-sports","13":"tag-tennis"},"share_on_mastodon":{"url":"https:\/\/pubeurope.com\/@fr\/114835083943716089","error":""},"_links":{"self":[{"href":"https:\/\/www.europesays.com\/fr\/wp-json\/wp\/v2\/posts\/242658","targetHints":{"allow":["GET"]}}],"collection":[{"href":"https:\/\/www.europesays.com\/fr\/wp-json\/wp\/v2\/posts"}],"about":[{"href":"https:\/\/www.europesays.com\/fr\/wp-json\/wp\/v2\/types\/post"}],"author":[{"embeddable":true,"href":"https:\/\/www.europesays.com\/fr\/wp-json\/wp\/v2\/users\/2"}],"replies":[{"embeddable":true,"href":"https:\/\/www.europesays.com\/fr\/wp-json\/wp\/v2\/comments?post=242658"}],"version-history":[{"count":0,"href":"https:\/\/www.europesays.com\/fr\/wp-json\/wp\/v2\/posts\/242658\/revisions"}],"wp:featuredmedia":[{"embeddable":true,"href":"https:\/\/www.europesays.com\/fr\/wp-json\/wp\/v2\/media\/237635"}],"wp:attachment":[{"href":"https:\/\/www.europesays.com\/fr\/wp-json\/wp\/v2\/media?parent=242658"}],"wp:term":[{"taxonomy":"category","embeddable":true,"href":"https:\/\/www.europesays.com\/fr\/wp-json\/wp\/v2\/categories?post=242658"},{"taxonomy":"post_tag","embeddable":true,"href":"https:\/\/www.europesays.com\/fr\/wp-json\/wp\/v2\/tags?post=242658"}],"curies":[{"name":"wp","href":"https:\/\/api.w.org\/{rel}","templated":true}]}}