{"id":242661,"date":"2025-07-11T14:33:10","date_gmt":"2025-07-11T14:33:10","guid":{"rendered":"https:\/\/www.europesays.com\/fr\/242661\/"},"modified":"2025-07-11T14:33:10","modified_gmt":"2025-07-11T14:33:10","slug":"ce-fut-une-aventure-humaine-exceptionnelle-jean-pierre-rivere-quitte-la-presidence-du-club","status":"publish","type":"post","link":"https:\/\/www.europesays.com\/fr\/242661\/","title":{"rendered":"\u00abCe fut une aventure humaine exceptionnelle\u00bb, Jean-Pierre Riv\u00e8re quitte la pr\u00e9sidence du club"},"content":{"rendered":"<p>Apr\u00e8s 14 ans pass\u00e9s comme pr\u00e9sident du Gym, le dirigeant va c\u00e9der sa place \u00e0 Fabrice Boquet, jusqu\u2019ici directeur g\u00e9n\u00e9ral.<\/p>\n<p class=\"fig-paragraph\">Une page se tourne \u00e0\u00a0<a href=\"http:\/\/www.lefigaro.fr\/sports\/football\/transferts\/transferts-l-attaquant-suedois-isak-jansson-quitte-le-rapid-vienne-pour-l-ogc-nice-20250710\" target=\"_blank\" data-fig-type=\"NewsFlash\" rel=\"noopener\" data-gtm-custom-categorie=\"navigation\" data-gtm-custom-action=\"crossclick\" data-gtm-custom-label=\"Contextuel\" data-gtm-event=\"customEventSPE\" data-fig-domain=\"LEFIGARO\">l\u2019OGC Nice<\/a>. Ce vendredi, le club azur\u00e9en a annonc\u00e9 que Jean-Pierre Riv\u00e8re allait quitter, le 20 ao\u00fbt prochain, son poste de pr\u00e9sident apr\u00e8s 14 ans de services. \u00abSous sa pr\u00e9sidence, le club s\u2019est structur\u00e9, professionnalis\u00e9, modernis\u00e9 \u00e0 tous les \u00e9tages. Il a chang\u00e9 de dimension sportive, en disputant la Coupe d\u2019Europe lors de sept saisons sur quatorze, tout en stabilisant durablement l\u2019\u00e9quipe parmi les clubs qui comptent du foot fran\u00e7ais\u00bb, indique le Gym dans un communiqu\u00e9.<\/p>\n<p class=\"fig-paragraph\">Jean-Pierre Riv\u00e8re, \u00abqui a \u00e9galement su attirer des actionnaires solides et ambitieux pour accompagner le projet avec l\u2019arriv\u00e9e du groupe INEOS en 2019\u00bb, a d\u00e9cid\u00e9 de passer la main, \u00abune d\u00e9cision pleinement respect\u00e9e\u00bb par le propri\u00e9taire britannique INEOS. Directeur g\u00e9n\u00e9ral du club depuis 2022, Fabrice Boquet va prendre du galon et ainsi passer Pr\u00e9sident-Directeur g\u00e9n\u00e9ral \u00e0 l\u2019aube de la prochaine saison de Ligue 1.<\/p>\n<p>                                    <a class=\"fig-a11y-skip a11y-hidden\" href=\"#fig-a11y-skip-main-inarticle\"><br \/>\n        Passer la publicit\u00e9<br \/>\n    <\/a><\/p>\n<p>Le propri\u00e9taire Ratcliffe confirme son \u00abengagement absolu\u00bb<\/p>\n<p class=\"fig-paragraph\">\u00abCe fut une aventure humaine exceptionnelle [&#8230;], a r\u00e9agi Jean-Pierre Riv\u00e8re, qui restera ambassadeur et Pr\u00e9sident du fonds de dotation de l\u2019OGC Nice. Merci \u00e0 INEOS, de leur pr\u00e9sence, de leur investissement et de leur soutien permanent. L\u2019OGC Nice est d\u00e9sormais un club solide, structur\u00e9 et ambitieux. Tr\u00e8s heureux de la nomination de Fabrice Bocquet qui saura, avec Florian Maurice (directeur sportif) et Franck Haise (entra\u00eeneur), \u00e9crire de tr\u00e8s belles pages de notre club. Je pars tr\u00e8s serein pour l\u2019avenir du club\u00bb<\/p>\n<p class=\"fig-paragraph\">Son successeur Fabrice Boquet a, lui, d\u00e9clar\u00e9 que c\u2019\u00e9tait un \u00abhonneur\u00bb de prendre le relais d\u2019une \u00abfigure centrale de l\u2019histoire moderne du Gym\u00bb. \u00abJe mesure la responsabilit\u00e9 qui m\u2019incombe et je remercie les propri\u00e9taires du club de leur confiance\u00bb, a-t-il ajout\u00e9. Si certains supporters des Aiglons pouvaient en douter, l\u2019actionnaire majoritaire Sir Jim Ratcliffe, PDG d\u2019INEOS, a profit\u00e9 de l\u2019occasion pour confirmer son \u00abengagement absolu\u00bb \u00e0 Nice.<\/p>\n<p class=\"fig-paragraph\">\u00abNous avons fait &#8211; naturellement et en toute confiance, le choix de confier \u00e0 Fabrice Bocquet la mission de poursuivre le d\u00e9veloppement du club. Depuis trois saisons, Fabrice a d\u00e9montr\u00e9 sa capacit\u00e9 \u00e0 piloter le club avec rigueur, vision et leadership. Il a d\u00e9j\u00e0 su poser les bases d\u2019une organisation performante et tourn\u00e9e vers l\u2019avenir\u00bb, a pr\u00e9cis\u00e9 Ratcliffe, apr\u00e8s avoir remerci\u00e9 Riv\u00e8re pour \u00absa contribution inestimable\u00bb, \u00absa passion\u00bb et \u00absa loyaut\u00e9\u00bb.<\/p>\n","protected":false},"excerpt":{"rendered":"Apr\u00e8s 14 ans pass\u00e9s comme pr\u00e9sident du Gym, le dirigeant va c\u00e9der sa place \u00e0 Fabrice Boquet, jusqu\u2019ici&hellip;\n","protected":false},"author":2,"featured_media":242662,"comment_status":"","ping_status":"","sticky":false,"template":"","format":"standard","meta":{"footnotes":""},"categories":[1412],"tags":[1451,1452,1453,1454,1455,1011,27,2268,60],"class_list":{"0":"post-242661","1":"post","2":"type-post","3":"status-publish","4":"format-standard","5":"has-post-thumbnail","7":"category-f1","8":"tag-f1","9":"tag-formula-1","10":"tag-formula1","11":"tag-formule-1","12":"tag-formule1","13":"tag-fr","14":"tag-france","15":"tag-ogc-nice","16":"tag-sports"},"share_on_mastodon":{"url":"https:\/\/pubeurope.com\/@fr\/114835095787068165","error":""},"_links":{"self":[{"href":"https:\/\/www.europesays.com\/fr\/wp-json\/wp\/v2\/posts\/242661","targetHints":{"allow":["GET"]}}],"collection":[{"href":"https:\/\/www.europesays.com\/fr\/wp-json\/wp\/v2\/posts"}],"about":[{"href":"https:\/\/www.europesays.com\/fr\/wp-json\/wp\/v2\/types\/post"}],"author":[{"embeddable":true,"href":"https:\/\/www.europesays.com\/fr\/wp-json\/wp\/v2\/users\/2"}],"replies":[{"embeddable":true,"href":"https:\/\/www.europesays.com\/fr\/wp-json\/wp\/v2\/comments?post=242661"}],"version-history":[{"count":0,"href":"https:\/\/www.europesays.com\/fr\/wp-json\/wp\/v2\/posts\/242661\/revisions"}],"wp:featuredmedia":[{"embeddable":true,"href":"https:\/\/www.europesays.com\/fr\/wp-json\/wp\/v2\/media\/242662"}],"wp:attachment":[{"href":"https:\/\/www.europesays.com\/fr\/wp-json\/wp\/v2\/media?parent=242661"}],"wp:term":[{"taxonomy":"category","embeddable":true,"href":"https:\/\/www.europesays.com\/fr\/wp-json\/wp\/v2\/categories?post=242661"},{"taxonomy":"post_tag","embeddable":true,"href":"https:\/\/www.europesays.com\/fr\/wp-json\/wp\/v2\/tags?post=242661"}],"curies":[{"name":"wp","href":"https:\/\/api.w.org\/{rel}","templated":true}]}}