{"id":242663,"date":"2025-07-11T14:34:11","date_gmt":"2025-07-11T14:34:11","guid":{"rendered":"https:\/\/www.europesays.com\/fr\/242663\/"},"modified":"2025-07-11T14:34:11","modified_gmt":"2025-07-11T14:34:11","slug":"cyclisme-tour-dautriche-facile-isaac-del-toro-double-la-mise-sur-la-3e-etape","status":"publish","type":"post","link":"https:\/\/www.europesays.com\/fr\/242663\/","title":{"rendered":"Cyclisme. Tour d&rsquo;Autriche &#8211; Facile, Isaac Del Toro double la mise sur la 3e \u00e9tape"},"content":{"rendered":"<p>Bis repetita pour <strong><a href=\"https:\/\/www.cyclismactu.net\/..\/news-tour-d-autriche-route-nouvelle-victoire-d-uae-isaac-del-toro-s-impose-sur-2e-etape-88851.html\" target=\"_blank\" rel=\"nofollow noopener\">Isaac Del Toro<\/a><\/strong> ! Au lendemain de sa victoire, le Mexicain a sign\u00e9 le doubl\u00e9 avec une facilit\u00e9 insolente ce vendredi sur la 3e \u00e9tape du <strong>Tour d&rsquo;Autriche<\/strong>, qui arrivait au sommet de la difficile mont\u00e9e de\u00a0Gaisberg (7.5km \u00e0 8%) pr\u00e8s de\u00a0Salzburg. Alors que le tout jeune Am\u00e9ricain <strong>AJ August<\/strong> (INEOS Grenadiers) avait attaqu\u00e9 le groupe des favoris avant la flamme rouge et semblait filer tout droit vers un premier succ\u00e8s chez les pros, la p\u00e9pite d&rsquo;<strong>UAE Team Emirates-XRG<\/strong> a patiemment\u00a0attendu les 300 derniers m\u00e8tre pour produire son effort et surgir au dernier moment, revenant comme une balle sur\u00a0le pauvre coureur de 19 ans avant le crucifier en toute d\u00e9contraction. <\/p>\n<p>Vid\u00e9o &#8211; Isaac Del Toro se balade en Autriche sur sa lanc\u00e9e du Giro Lire la suite de l&rsquo;article&#13;<\/p>\n<p>\u00a0<\/p>\n<p>&#13;<br \/>\nIsaac Del Toro se rapproche de son co\u00e9quipier Grossschartner au g\u00e9n\u00e9ral&#13;<\/p>\n<p>Le 2e du <strong>Tour d&rsquo;Italie<\/strong> confirme son nouveau statut et poursuit le sans faute de la formation \u00e9miratie (3\/3) sur l&rsquo;\u00e9preuve autrichienne, portant ainsi \u00e0 59 le nombre de succ\u00e8s cette saison pour <strong>UAE Emirates-XRG<\/strong>.\u00a0<strong>AJ August<\/strong> a finalement franchi la ligne \u00e0 5 secondes, juste devant\u00a0le leader de la course et laur\u00e9at de la 1\u00e8re \u00e9tape\u00a0<strong><a href=\"https:\/\/www.cyclismactu.net\/..\/news-tour-d-autriche-route-felix-grosschartner-a-gagne-1ere-etape-ultra-domination-uae-88821.html\" target=\"_blank\" rel=\"nofollow noopener\">Felix Grossschartner<\/a><\/strong>, qui sauve ainsi sa tunique pour trois petites secondes devant son co\u00e9quipier et vainqueur du jour.\u00a0<strong>Archie Ryan<\/strong> (EF Education-EasyPost) et\u00a0<strong>Felix Engelhardt<\/strong> (Team Jayco-AlUla) compl\u00e8tent le top 5 \u00e0 respectivement 15 et 25 secondes. Samedi, place \u00e0 l&rsquo;\u00e9tape reine de cette \u00e9dition 2025 avec deux cols HC et un de 1\u00e8re cat\u00e9gorie au sommet duquel sera jug\u00e9e l&rsquo;arriv\u00e9e \u00e0\u00a0K\u00fchtai.<\/p>\n<p>Tour d&rsquo;Autriche &#8211; Classement de la 3\u00e8 \u00e9tape Tour d&rsquo;Autriche &#8211; Classement g\u00e9n\u00e9ral provisoire apr\u00e8s la 3\u00e8 \u00e9tape<\/p>\n","protected":false},"excerpt":{"rendered":"Bis repetita pour Isaac Del Toro ! Au lendemain de sa victoire, le Mexicain a sign\u00e9 le doubl\u00e9&hellip;\n","protected":false},"author":2,"featured_media":242664,"comment_status":"","ping_status":"","sticky":false,"template":"","format":"standard","meta":{"footnotes":""},"categories":[1411],"tags":[1154,207,1011,27,209,60,3318,208],"class_list":{"0":"post-242663","1":"post","2":"type-post","3":"status-publish","4":"format-standard","5":"has-post-thumbnail","7":"category-cyclisme","8":"tag-cycling","9":"tag-cyclisme","10":"tag-fr","11":"tag-france","12":"tag-route","13":"tag-sports","14":"tag-tour-d","15":"tag-velo"},"share_on_mastodon":{"url":"https:\/\/pubeurope.com\/@fr\/114835099718983195","error":""},"_links":{"self":[{"href":"https:\/\/www.europesays.com\/fr\/wp-json\/wp\/v2\/posts\/242663","targetHints":{"allow":["GET"]}}],"collection":[{"href":"https:\/\/www.europesays.com\/fr\/wp-json\/wp\/v2\/posts"}],"about":[{"href":"https:\/\/www.europesays.com\/fr\/wp-json\/wp\/v2\/types\/post"}],"author":[{"embeddable":true,"href":"https:\/\/www.europesays.com\/fr\/wp-json\/wp\/v2\/users\/2"}],"replies":[{"embeddable":true,"href":"https:\/\/www.europesays.com\/fr\/wp-json\/wp\/v2\/comments?post=242663"}],"version-history":[{"count":0,"href":"https:\/\/www.europesays.com\/fr\/wp-json\/wp\/v2\/posts\/242663\/revisions"}],"wp:featuredmedia":[{"embeddable":true,"href":"https:\/\/www.europesays.com\/fr\/wp-json\/wp\/v2\/media\/242664"}],"wp:attachment":[{"href":"https:\/\/www.europesays.com\/fr\/wp-json\/wp\/v2\/media?parent=242663"}],"wp:term":[{"taxonomy":"category","embeddable":true,"href":"https:\/\/www.europesays.com\/fr\/wp-json\/wp\/v2\/categories?post=242663"},{"taxonomy":"post_tag","embeddable":true,"href":"https:\/\/www.europesays.com\/fr\/wp-json\/wp\/v2\/tags?post=242663"}],"curies":[{"name":"wp","href":"https:\/\/api.w.org\/{rel}","templated":true}]}}