{"id":24267,"date":"2025-04-14T12:52:06","date_gmt":"2025-04-14T12:52:06","guid":{"rendered":"https:\/\/www.europesays.com\/fr\/24267\/"},"modified":"2025-04-14T12:52:06","modified_gmt":"2025-04-14T12:52:06","slug":"en-afrique-lex-prigogirl-reconvertie-en-lobbyiste-pour-entreprises-russes","status":"publish","type":"post","link":"https:\/\/www.europesays.com\/fr\/24267\/","title":{"rendered":"En Afrique, l\u2019ex-\u00ab\u00a0Prigogirl\u00a0\u00bb reconvertie en lobbyiste pour entreprises russes"},"content":{"rendered":"<p>\t\t\t\tEnqu\u00eates<\/p>\n<p class=\"headline__lead text-18 leading-24 md:text-20 md:leading-26 mt-20\">\n\t\t\tPlac\u00e9e sous sanctions par les \u00c9tats-Unis et l\u2019Union europ\u00e9enne pour ing\u00e9rence dans des op\u00e9rations \u00e9lectorales en Afrique, une ex-associ\u00e9e du fondateur de Wagner, Evgueni Prigojine, s\u2019est reconvertie depuis la mort de ce dernier. Elle est aujourd\u2019hui l\u2019un des fers de lance de la strat\u00e9gie d\u2019implantation des soci\u00e9t\u00e9s russes sur le continent.\n\t\t<\/p>\n","protected":false},"excerpt":{"rendered":"Enqu\u00eates Plac\u00e9e sous sanctions par les \u00c9tats-Unis et l\u2019Union europ\u00e9enne pour ing\u00e9rence dans des op\u00e9rations \u00e9lectorales en Afrique,&hellip;\n","protected":false},"author":2,"featured_media":24268,"comment_status":"","ping_status":"","sticky":false,"template":"","format":"standard","meta":{"footnotes":""},"categories":[1591],"tags":[11,3695,8655,1887,8747,12,316,1885,1886,132,8746,8656],"class_list":{"0":"post-24267","1":"post","2":"type-post","3":"status-publish","4":"format-standard","5":"has-post-thumbnail","7":"category-russie","8":"tag-actualites","9":"tag-enquetes","10":"tag-evgueni-prigojine","11":"tag-federation-de-russie","12":"tag-mathieu-olivier","13":"tag-news","14":"tag-politique","15":"tag-russia","16":"tag-russian-federation","17":"tag-russie","18":"tag-russie-afrique","19":"tag-wagner"},"share_on_mastodon":{"url":"https:\/\/pubeurope.com\/@fr\/114336415402256578","error":""},"_links":{"self":[{"href":"https:\/\/www.europesays.com\/fr\/wp-json\/wp\/v2\/posts\/24267","targetHints":{"allow":["GET"]}}],"collection":[{"href":"https:\/\/www.europesays.com\/fr\/wp-json\/wp\/v2\/posts"}],"about":[{"href":"https:\/\/www.europesays.com\/fr\/wp-json\/wp\/v2\/types\/post"}],"author":[{"embeddable":true,"href":"https:\/\/www.europesays.com\/fr\/wp-json\/wp\/v2\/users\/2"}],"replies":[{"embeddable":true,"href":"https:\/\/www.europesays.com\/fr\/wp-json\/wp\/v2\/comments?post=24267"}],"version-history":[{"count":0,"href":"https:\/\/www.europesays.com\/fr\/wp-json\/wp\/v2\/posts\/24267\/revisions"}],"wp:featuredmedia":[{"embeddable":true,"href":"https:\/\/www.europesays.com\/fr\/wp-json\/wp\/v2\/media\/24268"}],"wp:attachment":[{"href":"https:\/\/www.europesays.com\/fr\/wp-json\/wp\/v2\/media?parent=24267"}],"wp:term":[{"taxonomy":"category","embeddable":true,"href":"https:\/\/www.europesays.com\/fr\/wp-json\/wp\/v2\/categories?post=24267"},{"taxonomy":"post_tag","embeddable":true,"href":"https:\/\/www.europesays.com\/fr\/wp-json\/wp\/v2\/tags?post=24267"}],"curies":[{"name":"wp","href":"https:\/\/api.w.org\/{rel}","templated":true}]}}