{"id":242679,"date":"2025-07-11T14:42:15","date_gmt":"2025-07-11T14:42:15","guid":{"rendered":"https:\/\/www.europesays.com\/fr\/242679\/"},"modified":"2025-07-11T14:42:15","modified_gmt":"2025-07-11T14:42:15","slug":"la-france-rattrape-enfin-son-retard","status":"publish","type":"post","link":"https:\/\/www.europesays.com\/fr\/242679\/","title":{"rendered":"la France rattrape enfin son retard"},"content":{"rendered":"<p>             <a href=\"https:\/\/ma-sante.news\/wp-content\/uploads\/2025\/07\/nouvelles-recommandations-has-haute-autorite-de-sante-fibromyalgie-Ma-Sante.jpeg\" data-caption=\"La majorit\u00e9 des patients mettent 5 \u00e0 7 ans \u00e0 obtenir un diagnostic correct. \u00a9Adobe Stock\" target=\"_blank\" rel=\"noopener\"><img loading=\"lazy\" decoding=\"async\" width=\"696\" height=\"398\" class=\"entry-thumb td-modal-image\" src=\"data:image\/svg+xml,%3Csvg%20xmlns=\" http:=\"\" data-lazy- data-lazy- alt=\"Un professionnel de sant\u00e9 qui prend connaissance des nouvelles recommandations de la HAS pour la prise en charge de la fibromyalgie.\" title=\"nouvelles recommandations has haute autorite\u0301 de sante\u0301 fibromyalgie Ma Sante\u0301\" data-lazy-src=\"https:\/\/www.europesays.com\/fr\/wp-content\/uploads\/2025\/07\/nouvelles-recommandations-has-haute-autorite-de-sante-fibromyalgie-Ma-Sante-696x398.jpeg\"\/><\/a>La majorit\u00e9 des patients mettent 5 \u00e0 7 ans \u00e0 obtenir un diagnostic correct. \u00a9Adobe Stock                                    \t\t\t             <a class=\"gofollow\" data-track=\"MjgsMCwxLDYw\" href=\"https:\/\/ma-sante.news\/inscrivez-vous-a-notre-newsletter\/\" target=\"_blank\" rel=\"noopener\"><img loading=\"lazy\" decoding=\"async\" width=\"1068\" height=\"131\" src=\"data:image\/svg+xml,%3Csvg%20xmlns=\" http:=\"\" data-lazy-src=\"https:\/\/www.europesays.com\/fr\/wp-content\/uploads\/2025\/03\/banniere-newsletter.png\"\/><\/a> <\/p>\n<p>Pendant des ann\u00e9es, les patients souffrant de fibromyalgie ont err\u00e9 d\u2019un cabinet \u00e0 l\u2019autre, souvent sans r\u00e9ponse, parfois m\u00eame sans \u00eatre crus. <\/p>\n<p>Chaque matin, les personnes atteintes se r\u00e9veillent pourtant avec le corps douloureux, vid\u00e9, comme si elles avaient grimp\u00e9 l\u2019Himalaya en pleine nuit. Les articulations tirent, les muscles br\u00fblent, vous avez du mal \u00e0 vous concentrer\u2026 et autour de vous, personne ne comprend. Pire, <a href=\"https:\/\/ma-sante.news\/la-fibromyalgie-le-syndrome-du-malade-imaginaire-263987\/\" target=\"_blank\" rel=\"noopener\">certains pensent que c\u2019est \u201cdans votre t\u00eate\u201d.\u00a0<\/a><\/p>\n<p>Mais aujourd\u2019hui, la Haute Autorit\u00e9 de Sant\u00e9 (HAS) a publi\u00e9 ses premi\u00e8res recommandations de diagnostic et de prise en charge. Un tournant majeur pour cette pathologie chronique encore mal connue, qui touche environ 1,5 \u00e0 2 % de la population fran\u00e7aise, en grande majorit\u00e9 des femmes entre 30 et 60 ans (pr\u00e8s de 80 %).<\/p>\n<p>        La fibromyalgie, qu\u2019est ce que c\u2019est ?    <\/p>\n<p>Contrairement \u00e0 ce qu\u2019on pourrait penser,<a href=\"https:\/\/ma-sante.news\/fibromyalgie-de-vraies-douleurs-pour-une-vraie-maladie\/\" target=\"_blank\" rel=\"noopener\"> la fibromyalgie n\u2019est pas une maladie inflammatoire ni une maladie psychosomatique<\/a>. Il s\u2019agit d\u2019un dysfonctionnement du syst\u00e8me nerveux central, qui amplifie les signaux douloureux.<\/p>\n<p>Les \u00e9tudes en imagerie fonctionnelle montrent que certaines zones du cerveau, responsables de la modulation de la douleur, ne fonctionnent plus correctement. Cela cr\u00e9e une hyperr\u00e9activit\u00e9 qui<a href=\"https:\/\/ma-sante.news\/fibromyalgie-des-traitements-experimenter-498732\/\" target=\"_blank\" rel=\"noopener\"> transforme m\u00eame les petites sensations en douleurs intenses.<\/a><\/p>\n<p>Par ailleurs, le stress, les troubles du sommeil et la fatigue \u00e9motionnelle accentuent cette perception. D\u2019o\u00f9 l\u2019int\u00e9r\u00eat des approches compl\u00e9mentaires comme les th\u00e9rapies cognitivo-comportementales, la pleine conscience ou la relaxation, qui aident \u00e0 mieux g\u00e9rer la douleur et ses impacts psychologiques.<\/p>\n<p>        Fibromyalgie : quelles sont les recommandations de la HAS ?    <strong>Un diagnostic simplifi\u00e9, centr\u00e9 sur l\u2019\u00e9coute<\/strong>    <\/p>\n<p>Le premier grand changement, c\u2019est <a href=\"https:\/\/ma-sante.news\/fibromyalgie-lyon-rhone-alpes\/\" target=\"_blank\" rel=\"noopener\">la fa\u00e7on de poser le diagnostic<\/a>. Fini les examens invasifs ou \u00e0 r\u00e9p\u00e9tition ! La fibromyalgie se diagnostique d\u00e9sormais en consultation, simplement en \u00e9coutant le patient et en \u00e9valuant ses sympt\u00f4mes \u00e0 l\u2019aide de crit\u00e8res valid\u00e9s.<\/p>\n<p>Pour cela, le m\u00e9decin utilise deux outils fiables : le questionnaire FiRST, rapide \u00e0 remplir, et les crit\u00e8res de l\u2019American College of Rheumatology. Ces outils permettent de v\u00e9rifier si les douleurs sont pr\u00e9sentes depuis au moins trois mois, diffuses, touchant plusieurs zones du corps, accompagn\u00e9es de sympt\u00f4mes fr\u00e9quents comme la fatigue, des troubles du sommeil ou des difficult\u00e9s de concentration.<\/p>\n<p><a href=\"https:\/\/ma-sante.news\/fibromyalgie-les-symptomes-de-ce-mal-invisible-531798\/\" target=\"_blank\" rel=\"noopener\">Si rien d\u2019autre n\u2019explique ces sympt\u00f4mes, le diagnostic est pos\u00e9<\/a>. Et c\u2019est souvent un moment cl\u00e9. La reconnaissance officielle de la maladie soulage beaucoup de patients qui ont longtemps dout\u00e9 d\u2019eux-m\u00eames ou souffert en silence.<\/p>\n<p>        <strong>L\u2019activit\u00e9 physique : le vrai premier traitement<\/strong>    <\/p>\n<p>M\u00eame si \u00e7a peut para\u00eetre contre-intuitif quand on souffre, bouger reste la meilleure prescription. La HAS recommande en effet la reprise d\u2019une activit\u00e9 physique douce et r\u00e9guli\u00e8re, adapt\u00e9e \u00e0 chacun.<\/p>\n<p>Il ne s\u2019agit pas de sport intensif, mais d\u2019activit\u00e9s accessibles comme :<\/p>\n<p>L\u2019objectif est de reprendre le mouvement progressivement, 2 \u00e0 3 fois par semaine, en respectant ses limites. Un professionnel form\u00e9, comme un kin\u00e9sith\u00e9rapeute ou un enseignant en activit\u00e9 physique adapt\u00e9e, peut aider \u00e0 d\u00e9marrer et \u00e0 tenir le rythme. Cette reprise d\u2019activit\u00e9 aide \u00e0 r\u00e9duire les raideurs, \u00e0 mieux g\u00e9rer la fatigue et am\u00e9liore souvent le moral. M\u00eame si la douleur peut persister au d\u00e9but, elle finit par s\u2019att\u00e9nuer.<\/p>\n<p>        <strong>Les m\u00e9dicaments : en soutien, pas en vedette<\/strong>    <\/p>\n<p>Les traitements m\u00e9dicamenteux ne sont plus la premi\u00e8re solution. En effet, les anti-inflammatoires, les antalgiques classiques, et m\u00eame les opio\u00efdes ne montrent pas d\u2019efficacit\u00e9 r\u00e9elle sur la fibromyalgie.<\/p>\n<p>Cependant, certains m\u00e9dicaments dits \u201cneuromodulateurs\u201d peuvent \u00eatre envisag\u00e9s en seconde intention pour soulager la douleur ou am\u00e9liorer le sommeil. Parmi eux :<\/p>\n<p>Ces traitements ne fonctionnent pas pour tous, et doivent \u00eatre test\u00e9s et \u00e9valu\u00e9s rigoureusement. L\u2019objectif est de les utiliser comme outils compl\u00e9mentaires \u00e0 la prise en charge globale, jamais comme solution unique.<\/p>\n<p>        Face \u00e0 la fibromyalgie, comment garder une vie normale ?\u00a0    <strong>Un parcours personnalis\u00e9 coordonn\u00e9 par le m\u00e9decin traitant<\/strong>    <\/p>\n<p>La prise en charge doit \u00eatre adapt\u00e9e \u00e0 chaque personne. Le m\u00e9decin g\u00e9n\u00e9raliste joue un r\u00f4le central en coordonnant le suivi, en orientant vers des sp\u00e9cialistes ou des programmes adapt\u00e9s selon les besoins.<\/p>\n<p>Cela peut inclure un centre de traitement de la douleur, un programme d\u2019\u00e9ducation th\u00e9rapeutique, un suivi psychologique ou encore un accompagnement en kin\u00e9sith\u00e9rapie ou <a href=\"https:\/\/ma-sante.news\/activite-physique-adaptee-pourquoi-et-comment-pratiquer\/\" target=\"_blank\" rel=\"noopener\">activit\u00e9 physique adapt\u00e9e.<\/a><\/p>\n<p>Le but est de construire avec le patient un parcours qui prend en compte \u00e0 la fois la douleur, le v\u00e9cu et les ressources personnelles.<\/p>\n<p>        <strong>Maintenir le lien avec le monde du travail<\/strong>    <\/p>\n<p>La fibromyalgie a un impact r\u00e9el sur la vie professionnelle : pr\u00e8s de 70 % des patients d\u00e9clarent avoir d\u00fb adapter, r\u00e9duire ou parfois interrompre leur activit\u00e9. Une r\u00e9alit\u00e9 souvent invisible, mais bien pr\u00e9sente.<\/p>\n<p>Pour pr\u00e9venir l\u2019exclusion du monde du travail, la HAS recommande une prise en charge rapide et adapt\u00e9e. Cela passe notamment par des am\u00e9nagements de poste individualis\u00e9s, la mise en place d\u2019un temps partiel th\u00e9rapeutique, un accompagnement par la m\u00e9decine du travail, et, si besoin, une reconnaissance en tant que travailleur handicap\u00e9 (RQTH).<\/p>\n<p>Ces mesures permettent de pr\u00e9server l\u2019\u00e9quilibre entre sant\u00e9 et emploi, tout en assurant une meilleure qualit\u00e9 de vie. Parce que la fibromyalgie ne se voit pas, il est essentiel de sensibiliser les employeurs, les coll\u00e8gues, et les institutions, et \u00e0 plus grande \u00e9chelle, la population. Avec ses recommandations de la HAS, la France rattrape enfin son retard. Elle reconna\u00eet pleinement la r\u00e9alit\u00e9 de cette maladie, et propose une r\u00e9ponse claire, humaine, et scientifiquement fond\u00e9e.<\/p>\n<blockquote class=\"wp-block-quote is-layout-flow wp-block-quote-is-layout-flow\">\n<p><strong>\u00c0 SAVOIR<\/strong><\/p>\n<p>Le co\u00fbt annuel estim\u00e9 de la fibromyalgie en France est de 7 000 \u00e0 12 000 \u20ac par patient, en soins, arr\u00eats, perte de productivit\u00e9 selon l\u2019Assurance Maladie.<\/p>\n<\/blockquote>\n<p>  <a class=\"gofollow\" data-track=\"MTIsMCwxLDYw\" href=\"https:\/\/ma-sante.news\/annonceurs\/\" target=\"_blank\" rel=\"noopener\"><img loading=\"lazy\" decoding=\"async\" width=\"2560\" height=\"2133\" src=\"data:image\/svg+xml,%3Csvg%20xmlns=\" http:=\"\" data-lazy-src=\"https:\/\/www.europesays.com\/fr\/wp-content\/uploads\/2025\/03\/pub-annonceurs-4-scaled.jpg\"\/><\/a>    <img loading=\"lazy\" decoding=\"async\" width=\"755\" height=\"495\" src=\"data:image\/svg+xml,%3Csvg%20xmlns=\" http:=\"\" data-lazy-src=\"https:\/\/www.europesays.com\/fr\/wp-content\/uploads\/2025\/03\/Image1.jpg\"\/>Inscrivez-vous \u00e0 notre newsletter <br \/>Ma Sant\u00e9                      <\/p>\n","protected":false},"excerpt":{"rendered":"La majorit\u00e9 des patients mettent 5 \u00e0 7 ans \u00e0 obtenir un diagnostic correct. \u00a9Adobe Stock Pendant des&hellip;\n","protected":false},"author":2,"featured_media":242680,"comment_status":"","ping_status":"","sticky":false,"template":"","format":"standard","meta":{"footnotes":""},"categories":[10],"tags":[5899,38222,38223,1011,27,72,71],"class_list":{"0":"post-242679","1":"post","2":"type-post","3":"status-publish","4":"format-standard","5":"has-post-thumbnail","7":"category-sante","8":"tag-douleur","9":"tag-douleurs-chroniques","10":"tag-fibromyalgie","11":"tag-fr","12":"tag-france","13":"tag-health","14":"tag-sante"},"share_on_mastodon":{"url":"https:\/\/pubeurope.com\/@fr\/114835131293847745","error":""},"_links":{"self":[{"href":"https:\/\/www.europesays.com\/fr\/wp-json\/wp\/v2\/posts\/242679","targetHints":{"allow":["GET"]}}],"collection":[{"href":"https:\/\/www.europesays.com\/fr\/wp-json\/wp\/v2\/posts"}],"about":[{"href":"https:\/\/www.europesays.com\/fr\/wp-json\/wp\/v2\/types\/post"}],"author":[{"embeddable":true,"href":"https:\/\/www.europesays.com\/fr\/wp-json\/wp\/v2\/users\/2"}],"replies":[{"embeddable":true,"href":"https:\/\/www.europesays.com\/fr\/wp-json\/wp\/v2\/comments?post=242679"}],"version-history":[{"count":0,"href":"https:\/\/www.europesays.com\/fr\/wp-json\/wp\/v2\/posts\/242679\/revisions"}],"wp:featuredmedia":[{"embeddable":true,"href":"https:\/\/www.europesays.com\/fr\/wp-json\/wp\/v2\/media\/242680"}],"wp:attachment":[{"href":"https:\/\/www.europesays.com\/fr\/wp-json\/wp\/v2\/media?parent=242679"}],"wp:term":[{"taxonomy":"category","embeddable":true,"href":"https:\/\/www.europesays.com\/fr\/wp-json\/wp\/v2\/categories?post=242679"},{"taxonomy":"post_tag","embeddable":true,"href":"https:\/\/www.europesays.com\/fr\/wp-json\/wp\/v2\/tags?post=242679"}],"curies":[{"name":"wp","href":"https:\/\/api.w.org\/{rel}","templated":true}]}}