{"id":242683,"date":"2025-07-11T14:44:09","date_gmt":"2025-07-11T14:44:09","guid":{"rendered":"https:\/\/www.europesays.com\/fr\/242683\/"},"modified":"2025-07-11T14:44:09","modified_gmt":"2025-07-11T14:44:09","slug":"cyberharcelee-marianne-fait-part-de-sa-detresse-et-de-son-souhait-detre-hospitalisee","status":"publish","type":"post","link":"https:\/\/www.europesays.com\/fr\/242683\/","title":{"rendered":"Cyberharcel\u00e9e, Marianne fait part de sa d\u00e9tresse et de son souhait d\u2019\u00eatre hospitalis\u00e9e"},"content":{"rendered":"<p> \u00abLe cyberharc\u00e8lement est un d\u00e9lit puni par la loi et c\u2019est une question de respect, de bienveillance et de vivre ensemble. Nous condamnons fermement tous les mauvais comportements que nous avons pu observer sur les r\u00e9seaux sociaux\u00a0\u00bb, a d\u00e9clar\u00e9 Christophe Beaugrand \u00e0 la fin du prime de \u00ab\u00a0<a href=\"https:\/\/www.20minutes.fr\/dossier\/secret_story\" class=\"color-ultramarine c-link\" target=\"_blank\" rel=\"noopener\">Secret Story<\/a>\u00a0\u00bb diffus\u00e9 sur <a href=\"https:\/\/www.20minutes.fr\/arts-stars\/television\/nt1\/\" class=\"color-ultramarine c-link\" target=\"_blank\" rel=\"noopener\">TFX<\/a> jeudi soir.<\/p>\n<p>L\u2019animateur a enjoint le public de l\u2019\u00e9mission \u00e0 faire \u00ab\u00a0preuve d\u2019humanit\u00e9\u00a0\u00bb et de d\u00e9battre \u00ab\u00a0avec bienveillance\u00a0\u00bb, ajoutant\u00a0: \u00ab\u00a0Je vous remercie, je fais un bisou en particulier \u00e0 Marianne ce soir\u00a0\u00bb.<\/p>\n<p>Ce message intervient apr\u00e8s la mise en ligne d\u2019une interview r\u00e9alis\u00e9e par Jeremstar de cette candidate accus\u00e9e \u2013 comme d\u2019autres participants de cette 13e saison \u2013 <a href=\"https:\/\/www.20minutes.fr\/arts-stars\/television\/4161150-20250630-secret-story-comment-gerer-situation-harcelement-jeu-tele-realite\" class=\"color-ultramarine c-link\" target=\"_blank\" rel=\"noopener\">de harc\u00e8lement et de racisme au sein du jeu<\/a>. Dans <a href=\"https:\/\/www.youtube.com\/watch?v=rxKwiKSDdF8\" target=\"_blank\" class=\"color-ultramarine c-link\" rel=\"noopener\">cette vid\u00e9o d\u2019une cinquantaine de minutes<\/a>, Marianne exprime sa d\u00e9tresse et raconte subir une vague de <a href=\"https:\/\/www.20minutes.fr\/dossier\/cyber_harcelement\" class=\"color-ultramarine c-link\" target=\"_blank\" rel=\"noopener\">cyberharc\u00e8lement<\/a> depuis sa sortie du programme.<\/p>\n<p>\u00ab\u00a0Je me sens affaiblie, d\u00e9truite\u00a0\u00bb<\/p>\n<p>\u00ab\u00a0Je ne voulais pas faire du mal \u00e0 qui que ce soit, je ne me suis pas rendu compte que ce serait per\u00e7u comme \u00e7a\u2026 Je suis vraiment d\u00e9sol\u00e9e pour \u00e7a parce que je ne suis pas comme \u00e7a, ce n\u2019est pas ce qui me d\u00e9finit. Je ne suis pas cette personne et je ne l\u2019ai jamais \u00e9t\u00e9\u00a0\u00bb, explique notamment la jeune femme de 32 ans, en larmes.<\/p>\n<p>Elle pr\u00e9sente \u00e0 plusieurs reprises ses excuses et affirme prendre conscience de ce que lui est reproch\u00e9. \u00ab\u00a0Le racisme n\u2019est pas forc\u00e9ment volontaire [\u2026] mais il peut \u00eatre banalis\u00e9 et peut passer par des d\u00e9clarations et des comportements qui passent compl\u00e8tement inaper\u00e7us dans nos soci\u00e9t\u00e9s mais qui pourtant font du mal\u00a0\u00bb, souligne <a href=\"https:\/\/www.20minutes.fr\/dossier\/jeremstar\" class=\"color-ultramarine c-link\" target=\"_blank\" rel=\"noopener\">Jeremstar<\/a>.<\/p>\n<p>Dans la vid\u00e9o, Marianne r\u00e9v\u00e8le aussi subir du cyberharc\u00e8lement depuis sa sortie du jeu, vendredi dernier, et fait la lecture de certains messages re\u00e7us, m\u00ealant menaces et propos insultants.<\/p>\n<p>\u00ab\u00a0Je me sens affaiblie, d\u00e9truite. Je ne mange plus, je ne vois plus personne, je ne sors plus de chez moi\u00a0\u00bb, d\u00e9voile l\u2019ancienne candidate effondr\u00e9e, ajoutant avoir \u00ab\u00a0juste envie de mourir\u00a0\u00bb. \u00ab\u00a0Je pense que je vais avoir besoin d\u2019une hospitalisation et d\u2019aller voir un psychologue et un psychiatre\u00a0\u00bb, pr\u00e9cise-t-elle par ailleurs.<\/p>\n<p>\u00ab\u00a0Du jamais vu en 13 saisons de \u00ab\u00a0Secret Story\u00a0\u00bb\u00a0\u00bb<\/p>\n<p>Au cours de l\u2019interview, Jeremstar fait \u00e9galement \u00e9couter une note vocale que Marianne aurait envoy\u00e9e au PDG d\u2019Endemol. On y entend la voix de la candidate en pleurs. \u00ab\u00a0Je ne comprends pas comment j\u2019ai pu vous faire confiance. Toute ma vie est d\u00e9truite. \u00c0 cause de vous je vais me foutre en l\u2019air\u00a0\u00bb, dit-elle notamment. Aupr\u00e8s de Jeremstar, elle pr\u00e9cise toutefois avoir accept\u00e9 un soutien psychologique propos\u00e9 par la production.<\/p>\n<p>\u00ab\u00a0Marianne va \u00eatre plac\u00e9e dans une maison de repos. La production est en train de lui chercher une place pour une hospitalisation pour pouvoir se remettre de tout ce qui se passe\u00a0\u00bb, a de son c\u00f4t\u00e9 affirm\u00e9 Jeremstar dans <a href=\"https:\/\/x.com\/jeremstar\/status\/1943328970528940251\" target=\"_blank\" class=\"color-ultramarine c-link\">une autre vid\u00e9o post\u00e9e jeudi<\/a>. \u00ab\u00a0C\u2019est du jamais vu en 13 saisons de \u00ab\u00a0Secret Story\u00a0\u00bb\u00a0\u00bb, commente-t-il. Contact\u00e9e par 20 Minutes, la soci\u00e9t\u00e9 Endemol n\u2019a pas encore r\u00e9pondu \u00e0 nos sollicitations.<\/p>\n<p>Des interventions de la production<\/p>\n<p>Plusieurs participants de cette \u00e9dition ont \u00e9t\u00e9 accus\u00e9s de harc\u00e8lement et de comportements racistes envers d\u2019autres candidats du jeu. Certaines s\u00e9quences ont \u00e9t\u00e9 tr\u00e8s largement diffus\u00e9es sur les r\u00e9seaux sociaux. Il y a deux semaines, une productrice de l\u2019\u00e9mission est intervenue dans la maison, en remplacement de la Voix, pour un rappel \u00e0 l\u2019ordre.<\/p>\n<p>\u00ab\u00a0J\u2019ai rencontr\u00e9 certains d\u2019entre vous cet apr\u00e8s-midi, car certains comportements observ\u00e9s r\u00e9cemment ne refl\u00e8tent pas pleinement l\u2019esprit et les r\u00e8gles que vous avez choisi de respecter en rentrant dans cette maison\u00a0\u00bb, disait-elle notamment. Elle a aussi pr\u00e9cis\u00e9 que des \u00ab\u00a0mesures disciplinaires\u00a0\u00bb ou une \u00ab\u00a0exclusion du jeu\u00a0\u00bb pourraient \u00eatre prises en cas de non-respect des r\u00e8gles et des valeurs du programme, rapportait le <a href=\"https:\/\/www.huffingtonpost.fr\/divertissement\/article\/secret-story-les-candidats-rappeles-a-l-ordre-apres-des-accusations-de-racisme-et-de-harcelement_251954.html\" target=\"_blank\" class=\"color-ultramarine c-link\" rel=\"noopener\">HuffPost<\/a>.<\/p>\n<\/p>\n<p>Jeudi apr\u00e8s-midi, Jean-Louis Blot, le pr\u00e9sident de la soci\u00e9t\u00e9 Endemol, s\u2019est exprim\u00e9 aupr\u00e8s du <a href=\"https:\/\/www.leparisien.fr\/culture-loisirs\/tv\/secret-story-2025-il-y-a-une-urgence-face-au-cyberharcelement-la-production-monte-au-creneau-10-07-2025-ZCNWBEYOQRE6XLJRA5PPIICYHM.php\" target=\"_blank\" class=\"color-ultramarine c-link\" rel=\"noopener\">Parisien<\/a> afin de d\u00e9plorer des vagues de harc\u00e8lement en ligne \u00e0 la suite de diffusions de \u00ab\u00a0Secret Story\u00a0\u00bb et d\u2019autres \u00e9missions.<\/p>\n<p>\u00ab\u00a0Les r\u00e9seaux sociaux prennent beaucoup trop de temps \u00e0 r\u00e9agir alors que nous sommes dans l\u2019urgence. Nous avons fait de nombreux signalements \u00e0 <a href=\"https:\/\/www.20minutes.fr\/faits_divers\/2367595-20181107-contenus-illicites-internet-comment-travaillent-enqueteurs-plateforme-pharos\" class=\"color-ultramarine c-link\" target=\"_blank\" rel=\"noopener\">Pharos<\/a> sur la \u00ab\u00a0Star Academy\u00a0\u00bb et \u00ab\u00a0Secret Story\u00a0\u00bb. Nous n\u2019avons jamais \u00e9t\u00e9 contact\u00e9s en retour. Jamais. Nous avons la chance que nos \u00e9missions soient tr\u00e8s populaires et tr\u00e8s comment\u00e9es, avec des centaines de milliers de commentaires par jour. M\u00eame si un faible pourcentage de ces messages sont haineux, c\u2019est d\u00e9j\u00e0 trop\u00a0\u00bb, estime Jean-Louis Blot. Il affirme enfin que la production propose un soutien psychologique \u00e0 tous les candidats ainsi qu\u2019\u00e0 leur famille.<\/p>\n","protected":false},"excerpt":{"rendered":"\u00abLe cyberharc\u00e8lement est un d\u00e9lit puni par la loi et c\u2019est une question de respect, de bienveillance et&hellip;\n","protected":false},"author":2,"featured_media":242684,"comment_status":"","ping_status":"","sticky":false,"template":"","format":"standard","meta":{"footnotes":""},"categories":[8],"tags":[9001,58,38224,59,1011,27,16492,8131,29901,252,30052],"class_list":{"0":"post-242683","1":"post","2":"type-post","3":"status-publish","4":"format-standard","5":"has-post-thumbnail","7":"category-divertissement","8":"tag-cyberharcelement","9":"tag-divertissement","10":"tag-endemol-france","11":"tag-entertainment","12":"tag-fr","13":"tag-france","14":"tag-jeremstar","15":"tag-production","16":"tag-secret-story","17":"tag-television","18":"tag-tfx"},"share_on_mastodon":{"url":"https:\/\/pubeurope.com\/@fr\/114835138978892258","error":""},"_links":{"self":[{"href":"https:\/\/www.europesays.com\/fr\/wp-json\/wp\/v2\/posts\/242683","targetHints":{"allow":["GET"]}}],"collection":[{"href":"https:\/\/www.europesays.com\/fr\/wp-json\/wp\/v2\/posts"}],"about":[{"href":"https:\/\/www.europesays.com\/fr\/wp-json\/wp\/v2\/types\/post"}],"author":[{"embeddable":true,"href":"https:\/\/www.europesays.com\/fr\/wp-json\/wp\/v2\/users\/2"}],"replies":[{"embeddable":true,"href":"https:\/\/www.europesays.com\/fr\/wp-json\/wp\/v2\/comments?post=242683"}],"version-history":[{"count":0,"href":"https:\/\/www.europesays.com\/fr\/wp-json\/wp\/v2\/posts\/242683\/revisions"}],"wp:featuredmedia":[{"embeddable":true,"href":"https:\/\/www.europesays.com\/fr\/wp-json\/wp\/v2\/media\/242684"}],"wp:attachment":[{"href":"https:\/\/www.europesays.com\/fr\/wp-json\/wp\/v2\/media?parent=242683"}],"wp:term":[{"taxonomy":"category","embeddable":true,"href":"https:\/\/www.europesays.com\/fr\/wp-json\/wp\/v2\/categories?post=242683"},{"taxonomy":"post_tag","embeddable":true,"href":"https:\/\/www.europesays.com\/fr\/wp-json\/wp\/v2\/tags?post=242683"}],"curies":[{"name":"wp","href":"https:\/\/api.w.org\/{rel}","templated":true}]}}