{"id":242691,"date":"2025-07-11T14:48:12","date_gmt":"2025-07-11T14:48:12","guid":{"rendered":"https:\/\/www.europesays.com\/fr\/242691\/"},"modified":"2025-07-11T14:48:12","modified_gmt":"2025-07-11T14:48:12","slug":"le-senat-adopte-la-reforme-de-laudiovisuel-public-grace-a-larticle-44-3-liberation","status":"publish","type":"post","link":"https:\/\/www.europesays.com\/fr\/242691\/","title":{"rendered":"Le S\u00e9nat adopte la r\u00e9forme de l\u2019audiovisuel public gr\u00e2ce \u00e0 l\u2019article\u00a044.3 \u2013 Lib\u00e9ration"},"content":{"rendered":"<p class=\"sc-ksZaOG ehjQrN text-element\">Fin de session chaotique au S\u00e9nat. Face \u00e0 l\u2019\u00abobstruction\u00bb de la gauche sur sa r\u00e9forme de l\u2019audiovisuel public, la ministre de la Culture, Rachida Dati, a d\u00e9gain\u00e9, ce vendredi 11\u00a0juillet au matin, l\u2019arme constitutionnelle du \u00abvote bloqu\u00e9\u00bb pour en finir avec ce texte avant les cong\u00e9s parlementaires, qui d\u00e9marrent th\u00e9oriquement ce soir. Permettant, dans l\u2019apr\u00e8s-midi, aux s\u00e9nateurs de se prononcer sur le texte, largement adopt\u00e9, par 194 voix pour et 113 contre.<\/p>\n<p class=\"sc-ksZaOG ehjQrN text-element\">Une premi\u00e8re victoire pour <a href=\"https:\/\/www.liberation.fr\/politique\/ce-nest-pas-arbitre-la-reforme-de-laudiovisuel-public-de-rachida-dati-en-sursis-20250711_REBPWJQFHVA6ZF4UAVCY2QPGU4\/\" target=\"_blank\" rel=\"noreferrer nofollow noopener\" title=\"https:\/\/www.liberation.fr\/politique\/ce-nest-pas-arbitre-la-reforme-de-laudiovisuel-public-de-rachida-dati-en-sursis-20250711_REBPWJQFHVA6ZF4UAVCY2QPGU4\/\">ce texte au parcours chaotique<\/a>, port\u00e9 \u00e0 bout de bras par la ministre face \u00e0 l\u2019hostilit\u00e9 des syndicats. Cette r\u00e9forme pr\u00e9voit pour l\u2019essentiel de cr\u00e9er le 1er\u00a0janvier 2026 un holding, France M\u00e9dias, qui chapeauterait France T\u00e9l\u00e9visions, Radio France et l\u2019INA (Institut national de l\u2019audiovisuel), sous l\u2019autorit\u00e9 d\u2019un pr\u00e9sident-directeur g\u00e9n\u00e9ral.<\/p>\n<p class=\"sc-ksZaOG ehjQrN text-element\">Alors que <a href=\"https:\/\/www.liberation.fr\/economie\/medias\/audiovisuel-public-apres-son-rejet-par-les-deputes-la-reforme-de-rachida-dati-revient-au-senat-pour-un-vote-sans-suspens-20250710_C74B6656JNFQ3CMZGZRLWTCJN4\/\" target=\"_blank\" rel=\"noreferrer nofollow noopener\" title=\"https:\/\/www.liberation.fr\/economie\/medias\/audiovisuel-public-apres-son-rejet-par-les-deputes-la-reforme-de-rachida-dati-revient-au-senat-pour-un-vote-sans-suspens-20250710_C74B6656JNFQ3CMZGZRLWTCJN4\/\">son adoption semblait assur\u00e9e d\u2019avance<\/a>, dans un S\u00e9nat \u00e0 majorit\u00e9 de droite, l\u2019examen du texte n\u2019a finalement avanc\u00e9 qu\u2019\u00e0 tr\u00e8s faible allure jeudi. Suspensions de s\u00e9ance \u00e0 r\u00e9p\u00e9tition, rappels au r\u00e8glement, motions de rejet pr\u00e9alable, invectives en pagaille\u2026 En plus de huit heures de d\u00e9bats, les s\u00e9nateurs ont \u00e0 peine d\u00e9marr\u00e9 l\u2019examen de l\u2019article premier de la proposition de loi du s\u00e9nateur Laurent Lafon. A la man\u0153uvre\u00a0: la gauche, bien d\u00e9cid\u00e9e \u00e0 jouer la montre, alors que la session extraordinaire doit th\u00e9oriquement s\u2019achever ce jour \u00e0 minuit.<\/p>\n<p class=\"sc-ksZaOG ehjQrN text-element\">Vendredi matin, \u00e0 la reprise, rien ne laissait pr\u00e9sager que les discussions puissent s\u2019acc\u00e9l\u00e9rer. Un peu plus d\u2019une demi-heure apr\u00e8s le d\u00e9but des d\u00e9bats, Rachida Dati a annonc\u00e9 que le gouvernement demandait au S\u00e9nat \u00abde se prononcer par un vote unique sur l\u2019ensemble du texte\u00bb, \u00aben application de l\u2019article\u00a044 alin\u00e9a\u00a03 de la Constitution\u00bb. Cette proc\u00e9dure, tr\u00e8s rarement utilis\u00e9e, permet d\u2019acc\u00e9l\u00e9rer les d\u00e9bats en n\u2019organisant qu\u2019un seul vote, sur le texte et les amendements que le gouvernement choisit de conserver.<\/p>\n<p class=\"sc-ksZaOG ehjQrN text-element\">\u00abApr\u00e8s plus de sept heures de d\u00e9bat, nous n\u2019avons pu d\u00e9battre que de 31 amendements sur ce texte. On a vu encore ce matin [\u2026] de l\u2019obstruction, toujours de l\u2019obstruction et encore de l\u2019obstruction\u00bb, a-t-elle justifi\u00e9. Il restait alors environ 300 amendements \u00e0 d\u00e9battre. Les d\u00e9bats, suspendus vers 10\u00a0h\u00a015, ont repris pr\u00e8s de deux heures plus tard, et le pr\u00e9sident de s\u00e9ance Didier Mandelli (LR) a pris acte de la demande du gouvernement.<\/p>\n<p class=\"sc-ksZaOG ehjQrN text-element\">Les orateurs de la gauche ont successivement protest\u00e9 contre ce \u00abcoup de force\u00bb, selon le mot de l\u2019ancienne ministre socialiste Laurence Rossignol. \u00abOn parle de libert\u00e9 de la presse. Mais commen\u00e7ons d\u00e9j\u00e0 par respecter les droits du Parlement\u00bb, a-t-elle tonn\u00e9, rappelant que le S\u00e9nat avait d\u2019autres outils \u00e0 sa disposition pour discipliner les discussions.<\/p>\n<p class=\"sc-ksZaOG ehjQrN text-element\">\u00abC\u2019est vous qui \u00eates responsables du fait que le d\u00e9bat ne peut pas avoir lieu. Ce n\u2019est pas nous\u00bb, leur a r\u00e9torqu\u00e9 le rapporteur du texte, C\u00e9dric Vial (LR). Le pr\u00e9sident de la commission de la culture, Laurent Lafon (UDI), a lui aussi d\u00e9fendu la d\u00e9cision du gouvernement, pointant une obstruction \u00abcaract\u00e9ris\u00e9e\u00bb destin\u00e9e \u00e0 \u00abemp\u00eacher que le S\u00e9nat confirme son soutien\u00bb au texte. Selon des sources parlementaires, la d\u00e9cision de d\u00e9clencher le \u00abvote bloqu\u00e9\u00bb \u00e9tait sur la table depuis jeudi.<\/p>\n<p class=\"sc-ksZaOG ehjQrN text-element\">Mais, alors que le pr\u00e9sident du S\u00e9nat et le ministre des Relations avec le Parlement \u00e9taient enclins \u00e0 laisser le d\u00e9bat se d\u00e9rouler, \u00abc\u2019est bien Rachida Dati\u00bb, en premi\u00e8re ligne face \u00e0 la gauche, qui \u00ab\u00e0 un moment donn\u00e9 [\u2026] a tranch\u00e9 pour tout le monde\u00bb, selon un poids lourd.<\/p>\n<p class=\"sc-ksZaOG ehjQrN text-element\">Par ailleurs, les d\u00e9bats ont d\u00e9j\u00e0 \u00e9t\u00e9 \u00abescamot\u00e9s\u00bb en premi\u00e8re lecture \u00e0 l\u2019Assembl\u00e9e le 30\u00a0juin, apr\u00e8s le vote surprise d\u2019une motion de rejet d\u00e9pos\u00e9e par les \u00e9cologistes, face aux bancs d\u00e9sert\u00e9s de la coalition gouvernementale. Gr\u00e2ce \u00e0 son adoption au S\u00e9nat, il va donc revenir \u00e0 l\u2019automne \u00e0 l\u2019Assembl\u00e9e, \u00e0 une date ind\u00e9termin\u00e9e.<\/p>\n","protected":false},"excerpt":{"rendered":"Fin de session chaotique au S\u00e9nat. Face \u00e0 l\u2019\u00abobstruction\u00bb de la gauche sur sa r\u00e9forme de l\u2019audiovisuel public,&hellip;\n","protected":false},"author":2,"featured_media":242692,"comment_status":"","ping_status":"","sticky":false,"template":"","format":"standard","meta":{"footnotes":""},"categories":[4],"tags":[11,1011,27,12,417,25],"class_list":{"0":"post-242691","1":"post","2":"type-post","3":"status-publish","4":"format-standard","5":"has-post-thumbnail","7":"category-france","8":"tag-actualites","9":"tag-fr","10":"tag-france","11":"tag-news","12":"tag-rachida-dati","13":"tag-republique-francaise"},"share_on_mastodon":{"url":"https:\/\/pubeurope.com\/@fr\/114835154793037861","error":""},"_links":{"self":[{"href":"https:\/\/www.europesays.com\/fr\/wp-json\/wp\/v2\/posts\/242691","targetHints":{"allow":["GET"]}}],"collection":[{"href":"https:\/\/www.europesays.com\/fr\/wp-json\/wp\/v2\/posts"}],"about":[{"href":"https:\/\/www.europesays.com\/fr\/wp-json\/wp\/v2\/types\/post"}],"author":[{"embeddable":true,"href":"https:\/\/www.europesays.com\/fr\/wp-json\/wp\/v2\/users\/2"}],"replies":[{"embeddable":true,"href":"https:\/\/www.europesays.com\/fr\/wp-json\/wp\/v2\/comments?post=242691"}],"version-history":[{"count":0,"href":"https:\/\/www.europesays.com\/fr\/wp-json\/wp\/v2\/posts\/242691\/revisions"}],"wp:featuredmedia":[{"embeddable":true,"href":"https:\/\/www.europesays.com\/fr\/wp-json\/wp\/v2\/media\/242692"}],"wp:attachment":[{"href":"https:\/\/www.europesays.com\/fr\/wp-json\/wp\/v2\/media?parent=242691"}],"wp:term":[{"taxonomy":"category","embeddable":true,"href":"https:\/\/www.europesays.com\/fr\/wp-json\/wp\/v2\/categories?post=242691"},{"taxonomy":"post_tag","embeddable":true,"href":"https:\/\/www.europesays.com\/fr\/wp-json\/wp\/v2\/tags?post=242691"}],"curies":[{"name":"wp","href":"https:\/\/api.w.org\/{rel}","templated":true}]}}