{"id":242705,"date":"2025-07-11T14:55:10","date_gmt":"2025-07-11T14:55:10","guid":{"rendered":"https:\/\/www.europesays.com\/fr\/242705\/"},"modified":"2025-07-11T14:55:10","modified_gmt":"2025-07-11T14:55:10","slug":"on-fait-quoi-ce-week-end-voici-quatre-idees-de-sorties-dans-la-metropole-de-toulon-2","status":"publish","type":"post","link":"https:\/\/www.europesays.com\/fr\/242705\/","title":{"rendered":"On fait quoi ce week-end? Voici quatre id\u00e9es de sorties dans la m\u00e9tropole de Toulon"},"content":{"rendered":"<p>                                On f\u00eate la mer \u00e0 Saint-Mandrier <\/p>\n<p>Pour c\u00e9l\u00e9brer la mer et notre beau littoral, une grande f\u00eate est organis\u00e9e ce week-end \u00e0 Saint-Mandrier. Un moment id\u00e9al pour d\u00e9couvrir et d\u00e9guster les produits de la M\u00e9diterran\u00e9e, tout en discutant avec les professionnels.<\/p>\n<p><strong>Savoir+<\/strong><br \/>&#13;<br \/>\nSamedi 12 juillet d\u00e8s 19 h. Pin\u00e8de Sainte-Asile. Gratuit. <\/p>\n<p>On agit pour la plan\u00e8te \u00e0 La Seyne <\/p>\n<p>Et si vous mettiez la main \u00e0 la p\u00e2te pour venir en aide \u00e0 la plan\u00e8te? Un ramassage de d\u00e9chets est organis\u00e9 dans la for\u00eat de Janas. Une op\u00e9ration \u00e9co-citoyenne ouverte \u00e0 tous: petits, grands, randonneurs et sportifs. \u00c0 vos sacs de ramassage!<\/p>\n<p><strong>Savoir+<\/strong><br \/>&#13;<br \/>\nSamedi 12 juillet, de 9h \u00e0 12h. For\u00eat de Janas, La Seyne. Gratuit. <\/p>\n<p>On \u00e9coute du Jazz \u00e0 Porquerolles <\/p>\n<p>Pour sa 24e \u00e9dition, l\u2019\u00e9v\u00e9nement promet de belles d\u00e9couvertes avec des musiciens de renom venus du monde entier. Objectif pour chacun d\u2019entre eux: c\u00e9l\u00e9brer le jazz. Durant quelques jours, l\u2019\u00eele devient la capitale du genre musical. \u00c0 ne pas manquer pour les amateurs de bonne musique !<\/p>\n<p><strong>Savoir+<\/strong><br \/>&#13;<br \/>\nDu 11 au 14 juillet. Fort Sainte-Agathe, Porquerolles. R\u00e9servation et informations sur www.jazzaporquerolles.org <\/p>\n<p>On se r\u00e9unit autour d\u2019une grande sardinade \u00e0 Ollioules <\/p>\n<p>Des sardines grill\u00e9es, de la bonne musique et un esprit de convivialit\u00e9 : la soir\u00e9e promet d\u2019\u00eatre r\u00e9ussie. Ce samedi, le comit\u00e9 des f\u00eates d\u2019Ollioules organise la 23e \u00e9dition de la grande sardinade. La soir\u00e9e dansante sera anim\u00e9e par l\u2019orchestre Arc-en-ciel.<\/p>\n<p><strong>Savoir+<\/strong><br \/>&#13;<br \/>\nSamedi 12 juillet \u00e0 partir de 20h30. Terrain du march\u00e9 agricole, route de la Gare, Ollioules. Payant. <br \/>&#13;<br \/>\nR\u00e9servations: <a href=\"http:\/\/www.cof-ollioules.com\" target=\"_blank\" rel=\"noopener\">www.cof-ollioules.com<\/a><\/p>\n","protected":false},"excerpt":{"rendered":"On f\u00eate la mer \u00e0 Saint-Mandrier Pour c\u00e9l\u00e9brer la mer et notre beau littoral, une grande f\u00eate est&hellip;\n","protected":false},"author":2,"featured_media":242706,"comment_status":"","ping_status":"","sticky":false,"template":"","format":"standard","meta":{"footnotes":""},"categories":[9619],"tags":[1111,11,1777,674,1011,27,1393,12,882,25,2310],"class_list":{"0":"post-242705","1":"post","2":"type-post","3":"status-publish","4":"format-standard","5":"has-post-thumbnail","7":"category-toulon","8":"tag-actu","9":"tag-actualites","10":"tag-eu","11":"tag-europe","12":"tag-fr","13":"tag-france","14":"tag-loisirs","15":"tag-news","16":"tag-provence-alpes-cote-dazur","17":"tag-republique-francaise","18":"tag-toulon"},"share_on_mastodon":{"url":"https:\/\/pubeurope.com\/@fr\/114835182306096851","error":""},"_links":{"self":[{"href":"https:\/\/www.europesays.com\/fr\/wp-json\/wp\/v2\/posts\/242705","targetHints":{"allow":["GET"]}}],"collection":[{"href":"https:\/\/www.europesays.com\/fr\/wp-json\/wp\/v2\/posts"}],"about":[{"href":"https:\/\/www.europesays.com\/fr\/wp-json\/wp\/v2\/types\/post"}],"author":[{"embeddable":true,"href":"https:\/\/www.europesays.com\/fr\/wp-json\/wp\/v2\/users\/2"}],"replies":[{"embeddable":true,"href":"https:\/\/www.europesays.com\/fr\/wp-json\/wp\/v2\/comments?post=242705"}],"version-history":[{"count":0,"href":"https:\/\/www.europesays.com\/fr\/wp-json\/wp\/v2\/posts\/242705\/revisions"}],"wp:featuredmedia":[{"embeddable":true,"href":"https:\/\/www.europesays.com\/fr\/wp-json\/wp\/v2\/media\/242706"}],"wp:attachment":[{"href":"https:\/\/www.europesays.com\/fr\/wp-json\/wp\/v2\/media?parent=242705"}],"wp:term":[{"taxonomy":"category","embeddable":true,"href":"https:\/\/www.europesays.com\/fr\/wp-json\/wp\/v2\/categories?post=242705"},{"taxonomy":"post_tag","embeddable":true,"href":"https:\/\/www.europesays.com\/fr\/wp-json\/wp\/v2\/tags?post=242705"}],"curies":[{"name":"wp","href":"https:\/\/api.w.org\/{rel}","templated":true}]}}