{"id":242717,"date":"2025-07-11T15:03:09","date_gmt":"2025-07-11T15:03:09","guid":{"rendered":"https:\/\/www.europesays.com\/fr\/242717\/"},"modified":"2025-07-11T15:03:09","modified_gmt":"2025-07-11T15:03:09","slug":"a-rennes-en-quoi-consiste-cette-seance-de-cinema-inedite-en-plein-air-projetee-ce-vendredi-soir","status":"publish","type":"post","link":"https:\/\/www.europesays.com\/fr\/242717\/","title":{"rendered":"\u00c0 Rennes, en quoi consiste cette s\u00e9ance de cin\u00e9ma in\u00e9dite en plein air projet\u00e9e ce vendredi soir\u00a0?"},"content":{"rendered":"<p>Une s\u00e9ance de cin\u00e9ma un peu particuli\u00e8re va avoir lieu ce vendredi 10 juillet \u00e0 Rennes. \u00c0 partir de 22 h 30, le public va pouvoir, gratuitement, regarder une dizaine de courts-m\u00e9trages en plein air, dans le parc du Berry, \u00e0 Villejean. Rien d\u2019hors du commun jusque-l\u00e0. \u00c0 ceci pr\u00e8s que pour pouvoir regarder la projection, il va falloir\u2026 p\u00e9daler !<\/p>\n<p>200 personnes attendues<\/p>\n<p>Co-organis\u00e9e par Cine35.com, Lamas Production, Arctique Lab et Court M\u00e9trange, la s\u00e9ance sera aliment\u00e9e en \u00e9lectricit\u00e9 par deux v\u00e9los reli\u00e9s \u00e0 un g\u00e9n\u00e9rateur. \u00ab Ce seront donc les spectateurs qui p\u00e9daleront sur deux v\u00e9los pour fournir l\u2019\u00e9lectricit\u00e9 pour le film, explique Benoit M\u00e9decins, de Cine35.com. L\u2019id\u00e9e est que les gens puissent se relayer tout au long de la s\u00e9ance pour rechercher la batterie. \u00bb<\/p>\n<p>200 personnes sont attendues sur le sable du parc du Berry am\u00e9nag\u00e9 en plage par la Ville de Rennes pour l\u2019\u00e9t\u00e9. De quoi assurer un large tournoyer tout au long de la s\u00e9ance.<\/p>\n<p>\u00ab Sensibiliser le public \u00e0 l\u2019\u00e9conomie d\u2019\u00e9nergie \u00bb<\/p>\n<p>L\u2019initiative a pour but de \u00ab sensibiliser le public \u00e0 l\u2019\u00e9conomie d\u2019\u00e9nergie et au r\u00e9chauffement climatique \u00bb. Les dix courts-m\u00e9trages, fournis par le festival Court-m\u00e9trange, sont toutes des \u0153uvres de fiction sur ce th\u00e8me. \u00ab Le premier film abordera le th\u00e8me de la canicule. Il nous projette dans dix ans \u00e0 Paris. Il fera 46 degr\u00e9s et les gens vivent la nuit et dorment le jour pour \u00eatre plus au frais. \u00bb Ce vendredi soir, les Rennais aussi risquent d\u2019avoir chaud. Sur leur v\u00e9lo !<\/p>\n","protected":false},"excerpt":{"rendered":"Une s\u00e9ance de cin\u00e9ma un peu particuli\u00e8re va avoir lieu ce vendredi 10 juillet \u00e0 Rennes. \u00c0 partir&hellip;\n","protected":false},"author":2,"featured_media":242718,"comment_status":"","ping_status":"","sticky":false,"template":"","format":"standard","meta":{"footnotes":""},"categories":[2821],"tags":[1111,11,829,3173,1777,674,1011,27,848,12,584,25],"class_list":{"0":"post-242717","1":"post","2":"type-post","3":"status-publish","4":"format-standard","5":"has-post-thumbnail","7":"category-rennes","8":"tag-actu","9":"tag-actualites","10":"tag-bretagne","11":"tag-culture-a-rennes","12":"tag-eu","13":"tag-europe","14":"tag-fr","15":"tag-france","16":"tag-ille-et-vilaine","17":"tag-news","18":"tag-rennes","19":"tag-republique-francaise"},"share_on_mastodon":{"url":"https:\/\/pubeurope.com\/@fr\/114835213854525052","error":""},"_links":{"self":[{"href":"https:\/\/www.europesays.com\/fr\/wp-json\/wp\/v2\/posts\/242717","targetHints":{"allow":["GET"]}}],"collection":[{"href":"https:\/\/www.europesays.com\/fr\/wp-json\/wp\/v2\/posts"}],"about":[{"href":"https:\/\/www.europesays.com\/fr\/wp-json\/wp\/v2\/types\/post"}],"author":[{"embeddable":true,"href":"https:\/\/www.europesays.com\/fr\/wp-json\/wp\/v2\/users\/2"}],"replies":[{"embeddable":true,"href":"https:\/\/www.europesays.com\/fr\/wp-json\/wp\/v2\/comments?post=242717"}],"version-history":[{"count":0,"href":"https:\/\/www.europesays.com\/fr\/wp-json\/wp\/v2\/posts\/242717\/revisions"}],"wp:featuredmedia":[{"embeddable":true,"href":"https:\/\/www.europesays.com\/fr\/wp-json\/wp\/v2\/media\/242718"}],"wp:attachment":[{"href":"https:\/\/www.europesays.com\/fr\/wp-json\/wp\/v2\/media?parent=242717"}],"wp:term":[{"taxonomy":"category","embeddable":true,"href":"https:\/\/www.europesays.com\/fr\/wp-json\/wp\/v2\/categories?post=242717"},{"taxonomy":"post_tag","embeddable":true,"href":"https:\/\/www.europesays.com\/fr\/wp-json\/wp\/v2\/tags?post=242717"}],"curies":[{"name":"wp","href":"https:\/\/api.w.org\/{rel}","templated":true}]}}