{"id":242721,"date":"2025-07-11T15:05:11","date_gmt":"2025-07-11T15:05:11","guid":{"rendered":"https:\/\/www.europesays.com\/fr\/242721\/"},"modified":"2025-07-11T15:05:11","modified_gmt":"2025-07-11T15:05:11","slug":"une-maison-de-naissance-est-prevue-pour-2026","status":"publish","type":"post","link":"https:\/\/www.europesays.com\/fr\/242721\/","title":{"rendered":"une maison de naissance est pr\u00e9vue pour 2026"},"content":{"rendered":"<p>\u00ab\u00a0C\u2019est un projet d\u2019avenir extr\u00eamement enthousiasmant\u00a0: une autre fa\u00e7on de mettre un enfant au monde\u00a0\u00bb, a salu\u00e9 la maire de Schiltigheim, <a href=\"https:\/\/www.dna.fr\/p\/danielle-dambach\" target=\"_blank\" rel=\"noopener\">Danielle Dambach<\/a>, ce mardi 12\u00a0juillet.<\/p>\n<p>Ce projet, <a href=\"https:\/\/www.dna.fr\/sante\/2022\/08\/29\/accoucher-autrement-a-strasbourg-peut-etre-pour-bientot\" target=\"_blank\" rel=\"noopener\">c\u2019est l\u2019ouverture d\u2019une maison de naissance<\/a> dans les locaux du CMCO. Ce serait la deuxi\u00e8me d\u2019Alsace ( <a href=\"https:\/\/www.dna.fr\/sante\/2024\/01\/02\/l-accouchement-ce-n-est-pas-quelque-chose-de-pathologique\" target=\"_blank\" rel=\"noopener\">il en existe d\u00e9j\u00e0 une \u00e0 S\u00e9lestat<\/a> ), et donc la premi\u00e8re de l\u2019Eurom\u00e9tropole. Concr\u00e8tement, \u00ab\u00a0les femmes accouchent dans l\u2019h\u00f4pital mais pas \u00e0 l\u2019h\u00f4pital\u00a0\u00bb, r\u00e9sume Nadine Knezovic-Daniel, coordinatrice en ma\u00efeutique au CMCO. \u00ab\u00a0Ce sont des sages-femmes lib\u00e9rales qui louent un espace et viennent avec leurs patientes\u00a0\u00bb, poursuit-elle. <\/p>\n<p>Dans ces maisons de naissance, <a href=\"https:\/\/www.dna.fr\/actualite\/2022\/08\/29\/maisons-de-naissance-qui-est-concerne\" target=\"_blank\" rel=\"noopener\">les sages-femmes op\u00e8rent un \u00ab\u00a0suivi global\u00a0\u00bb<\/a>. C\u2019est la m\u00eame sage-femme qui accompagne la m\u00e8re des pr\u00e9mices de la grossesse jusqu\u2019\u00e0 la d\u00e9livrance. Les grossesses d\u2019une maison de naissance sont physiologiques, c\u2019est-\u00e0-dire pas ou peu m\u00e9dicalis\u00e9es. \u00ab\u00a0C\u2019est comme si elles accouchaient \u00e0 la maison\u00a0\u00bb, analyse Nadine Knezovic-Daniel.<\/p>\n<p>  \u00ab\u00a0Laisser le choix aux femmes\u00a0\u00bb<\/p>\n<p>Avec 6\u00a0000 naissances par an, h\u00f4pital de Hautepierre et CMCO confondus, le CHU de Strasbourg est la troisi\u00e8me maternit\u00e9 de France. D\u00e9sormais, c\u2019est un des seuls de France \u00e0 \u00ab\u00a0proposer l\u2019ensemble des projets de naissance\u00a0\u00bb, s\u2019est f\u00e9licit\u00e9e la coordinatrice en ma\u00efeutique. D\u2019apr\u00e8s un sondage Ifop command\u00e9 par le collectif national des maisons de naissance en 2024, 15\u00a0% des femmes interrog\u00e9es affirment qu\u2019elles auraient aim\u00e9 accoucher dans une maison de naissance. Or, en 2023, seuls 583 accouchements ont eu lieu dans ces maisons, soit moins de 1\u00a0% des naissances.<\/p>\n<p>Avec la signature de cet accord entre les h\u00f4pitaux de Strasbourg, l\u2019Eurom\u00e9tropole et l\u2019association le Ber\u00e7\u2019O, ce sont 100 grossesses par an qui pourront \u00eatre suivies dans la maison de naissance au sein du CMCO, soit 1,7\u00a0% rien que sur le territoire de l\u2019Eurom\u00e9tropole.<\/p>\n<p>\u00ab\u00a0L\u2019essentiel est qu\u2019on puisse r\u00e9pondre aux besoins de nos territoires et laisser le choix aux femmes\u00a0\u00bb, souligne la maire de Strasbourg, <a href=\"https:\/\/www.dna.fr\/p\/jeanne-barseghian\" target=\"_blank\" rel=\"noopener\">Jeanne Barseghian<\/a>. L\u2019ouverture de cet espace devrait se concr\u00e9tiser en 2026.<\/p>\n","protected":false},"excerpt":{"rendered":"\u00ab\u00a0C\u2019est un projet d\u2019avenir extr\u00eamement enthousiasmant\u00a0: une autre fa\u00e7on de mettre un enfant au monde\u00a0\u00bb, a salu\u00e9 la&hellip;\n","protected":false},"author":2,"featured_media":242722,"comment_status":"","ping_status":"","sticky":false,"template":"","format":"standard","meta":{"footnotes":""},"categories":[2820],"tags":[1111,11,9223,2880,1777,674,107,1011,27,775,198,12,25,71,5512,104,640,3265],"class_list":{"0":"post-242721","1":"post","2":"type-post","3":"status-publish","4":"format-standard","5":"has-post-thumbnail","7":"category-strasbourg","8":"tag-actu","9":"tag-actualites","10":"tag-carnet-du-jour","11":"tag-edition-strasbourg","12":"tag-eu","13":"tag-europe","14":"tag-fil-info","15":"tag-fr","16":"tag-france","17":"tag-grand-est","18":"tag-naissance","19":"tag-news","20":"tag-republique-francaise","21":"tag-sante","22":"tag-schiltigheim","23":"tag-societe","24":"tag-strasbourg","25":"tag-strasbourg-nord"},"share_on_mastodon":{"url":"https:\/\/pubeurope.com\/@fr\/114835221541485411","error":""},"_links":{"self":[{"href":"https:\/\/www.europesays.com\/fr\/wp-json\/wp\/v2\/posts\/242721","targetHints":{"allow":["GET"]}}],"collection":[{"href":"https:\/\/www.europesays.com\/fr\/wp-json\/wp\/v2\/posts"}],"about":[{"href":"https:\/\/www.europesays.com\/fr\/wp-json\/wp\/v2\/types\/post"}],"author":[{"embeddable":true,"href":"https:\/\/www.europesays.com\/fr\/wp-json\/wp\/v2\/users\/2"}],"replies":[{"embeddable":true,"href":"https:\/\/www.europesays.com\/fr\/wp-json\/wp\/v2\/comments?post=242721"}],"version-history":[{"count":0,"href":"https:\/\/www.europesays.com\/fr\/wp-json\/wp\/v2\/posts\/242721\/revisions"}],"wp:featuredmedia":[{"embeddable":true,"href":"https:\/\/www.europesays.com\/fr\/wp-json\/wp\/v2\/media\/242722"}],"wp:attachment":[{"href":"https:\/\/www.europesays.com\/fr\/wp-json\/wp\/v2\/media?parent=242721"}],"wp:term":[{"taxonomy":"category","embeddable":true,"href":"https:\/\/www.europesays.com\/fr\/wp-json\/wp\/v2\/categories?post=242721"},{"taxonomy":"post_tag","embeddable":true,"href":"https:\/\/www.europesays.com\/fr\/wp-json\/wp\/v2\/tags?post=242721"}],"curies":[{"name":"wp","href":"https:\/\/api.w.org\/{rel}","templated":true}]}}