{"id":242737,"date":"2025-07-11T15:13:16","date_gmt":"2025-07-11T15:13:16","guid":{"rendered":"https:\/\/www.europesays.com\/fr\/242737\/"},"modified":"2025-07-11T15:13:16","modified_gmt":"2025-07-11T15:13:16","slug":"ces-militaires-de-toulouse-seront-a-lhonneur-du-grand-defile-du-14-juillet-a-paris","status":"publish","type":"post","link":"https:\/\/www.europesays.com\/fr\/242737\/","title":{"rendered":"Ces militaires de Toulouse seront \u00e0 l&rsquo;honneur du grand d\u00e9fil\u00e9 du 14-Juillet \u00e0 Paris"},"content":{"rendered":"<p>            Par<br \/>\n        <strong><br \/>\n            <a href=\"https:\/\/actu.fr\/auteur\/pascal-pallas\" title=\"Consulter tous les articles de Pascal Pallas\" rel=\"nofollow noopener\" target=\"_blank\">Pascal Pallas<\/a><br \/>\n        <\/strong><\/p>\n<p>        Publi\u00e9 le<\/p>\n<p>            11 juil. 2025 \u00e0 11h09        <\/p>\n<p>Moment fort de la F\u00eate nationale, le traditionnel <strong>d\u00e9fil\u00e9 militaire du 14-Juillet<\/strong> mettra \u00e0 l\u2019honneur la fine fleur des diff\u00e9rentes arm\u00e9es fran\u00e7aise, lundi \u00e0 Paris.<\/p>\n<p class=\" wall-content\">Chaque ann\u00e9e, l\u2019\u00e9tat-major choisit de distinguer quelque uns des fleurons militaires de la nation et \u00e0 l\u2019occasion de cette \u00e9dition 2025, une unit\u00e9 de <a href=\"http:\/\/actu.fr\/toulouse\" rel=\"nofollow noopener\" target=\"_blank\">Toulouse<\/a> aura une place de choix dans le d\u00e9roul\u00e9 du d\u00e9fil\u00e9.\u00a0<\/p>\n<p>La nouvelle base a\u00e9rienne 101 en t\u00eate de gondole<\/p>\n<p class=\" wall-content\">Lors du d\u00e9fil\u00e9, de retour sur la prestigieuse avenue parisienne des <strong>Champs-Elys\u00e9es<\/strong> apr\u00e8s avoir \u00e9t\u00e9 d\u00e9plac\u00e9 l\u2019an pass\u00e9 en raison des Jeux Olympiques, l\u2019arm\u00e9e fran\u00e7aise entend mettre en valeur sa \u00ab\u00a0cr\u00e9dibilit\u00e9 op\u00e9rationnelle\u00a0\u00bb et sa \u00ab\u00a0solidarit\u00e9 strat\u00e9gique\u00a0\u00bb avec ses partenaires \u00e0 l\u2019heure.<\/p>\n<p class=\" wall-content\">Dans cette optique, l\u2019\u00e9tat-major de l\u2019arm\u00e9e de l\u2019Air et de l\u2019Espace a d\u00e9cid\u00e9 de valoriser le personnel la <strong>base a\u00e9rienne 101<\/strong> (BA 101) de Toulouse, premi\u00e8re base \u00ab\u00a0\u00e0 vocation spatiale\u00a0\u00bb.<\/p>\n<p>Une unit\u00e9 stationn\u00e9e \u00e0 Francazal et inaugur\u00e9e en grande pompe<\/p>\n<p class=\" wall-content\">La BA 101 s\u2019est form\u00e9e sur le site de <strong>Francazal<\/strong> o\u00f9 une unit\u00e9 a\u00e9rienne a longtemps exist\u00e9 avant d\u2019\u00eatre ferm\u00e9e en 2009.\u00a0<\/p>\n<p>Vid\u00e9os : en ce moment sur Actu<\/p>\n<p class=\" wall-content\">\u00ab\u2009Alors que les enjeux de s\u00e9curit\u00e9 s\u2019\u00e9tendent jusqu\u2019\u00e0 l\u2019espace, l\u2019arm\u00e9e de l\u2019Air et de l\u2019Espace franchit une \u00e9tape d\u00e9cisive en inaugurant la Base a\u00e9rienne 101 (BA 101) situ\u00e9e \u00e0 Toulouse, au c\u0153ur de l\u2019\u00e9cosyst\u00e8me europ\u00e9en de l\u2019a\u00e9ronautique et du spatial\u2009\u00bb, annon\u00e7ait il y a quelques jours le minist\u00e8re des Arm\u00e9es.<\/p>\n<p class=\" wall-content\">Pour c\u00e9l\u00e9brer la cr\u00e9ation de la \u00ab\u2009premi\u00e8re base a\u00e9rienne fran\u00e7aise \u00e0 vocation spatiale\u2009\u00bb, un \u00e9v\u00e9nement grand public avait \u00e9t\u00e9 organis\u00e9 mercredi 2 juillet dernier sur la place du Capitole.<\/p>\n<p class=\" wall-content\">Le d\u00e9fil\u00e9 du 14-Juillet se tiendra \u00e0 partir de 9h55, lundi, sur l\u2019avenue des Champs-Elys\u00e9es \u00e0 Paris. Au total, 7.000 femmes et hommes d\u00e9fileront, dont 5.600 \u00e0 pied, 65 avions dont 5 appareils \u00e9trangers, 34 h\u00e9licopt\u00e8res, 247 v\u00e9hicules et 200 chevaux de la Garde r\u00e9publicaine.<\/p>\n<p class=\" wall-content\">L\u2019Indon\u00e9sie sera \u00e0 l\u2019honneur, son pr\u00e9sident Prabowo Subianto \u00e9tant du reste l\u2019invit\u00e9 de marque d\u2019Emmanuel Macron cet ann\u00e9e. 450 militaires indon\u00e9siens ouvriront le d\u00e9fil\u00e9.<\/p>\n<p class=\" wall-content\">Suivez toute l\u2019actualit\u00e9 de vos villes et m\u00e9dias favoris en vous inscrivant \u00e0 <a href=\"https:\/\/moncompte.actu.fr\" title=\"D\u00e9couvez Mon Actu\" rel=\"nofollow noopener\" data-trk=\"{&quot;cta&quot;:{&quot;action&quot;:&quot;https:\\\/\\\/moncompte.actu.fr&quot;,&quot;category&quot;:&quot;mon compte&quot;,&quot;from&quot;:&quot;article footer&quot;,&quot;name&quot;:&quot;Mon actu&quot;,&quot;type&quot;:&quot;cta&quot;}}\" target=\"_blank\">Mon Actu<\/a>.<\/p>\n","protected":false},"excerpt":{"rendered":"Par Pascal Pallas Publi\u00e9 le 11 juil. 2025 \u00e0 11h09 Moment fort de la F\u00eate nationale, le traditionnel&hellip;\n","protected":false},"author":2,"featured_media":242738,"comment_status":"","ping_status":"","sticky":false,"template":"","format":"standard","meta":{"footnotes":""},"categories":[2816],"tags":[1111,11,1813,1777,674,1011,27,12,2680,25,104,2312],"class_list":{"0":"post-242737","1":"post","2":"type-post","3":"status-publish","4":"format-standard","5":"has-post-thumbnail","7":"category-toulouse","8":"tag-actu","9":"tag-actualites","10":"tag-armee","11":"tag-eu","12":"tag-europe","13":"tag-fr","14":"tag-france","15":"tag-news","16":"tag-occitanie","17":"tag-republique-francaise","18":"tag-societe","19":"tag-toulouse"},"share_on_mastodon":{"url":"https:\/\/pubeurope.com\/@fr\/114835253171180593","error":""},"_links":{"self":[{"href":"https:\/\/www.europesays.com\/fr\/wp-json\/wp\/v2\/posts\/242737","targetHints":{"allow":["GET"]}}],"collection":[{"href":"https:\/\/www.europesays.com\/fr\/wp-json\/wp\/v2\/posts"}],"about":[{"href":"https:\/\/www.europesays.com\/fr\/wp-json\/wp\/v2\/types\/post"}],"author":[{"embeddable":true,"href":"https:\/\/www.europesays.com\/fr\/wp-json\/wp\/v2\/users\/2"}],"replies":[{"embeddable":true,"href":"https:\/\/www.europesays.com\/fr\/wp-json\/wp\/v2\/comments?post=242737"}],"version-history":[{"count":0,"href":"https:\/\/www.europesays.com\/fr\/wp-json\/wp\/v2\/posts\/242737\/revisions"}],"wp:featuredmedia":[{"embeddable":true,"href":"https:\/\/www.europesays.com\/fr\/wp-json\/wp\/v2\/media\/242738"}],"wp:attachment":[{"href":"https:\/\/www.europesays.com\/fr\/wp-json\/wp\/v2\/media?parent=242737"}],"wp:term":[{"taxonomy":"category","embeddable":true,"href":"https:\/\/www.europesays.com\/fr\/wp-json\/wp\/v2\/categories?post=242737"},{"taxonomy":"post_tag","embeddable":true,"href":"https:\/\/www.europesays.com\/fr\/wp-json\/wp\/v2\/tags?post=242737"}],"curies":[{"name":"wp","href":"https:\/\/api.w.org\/{rel}","templated":true}]}}