{"id":242739,"date":"2025-07-11T15:14:09","date_gmt":"2025-07-11T15:14:09","guid":{"rendered":"https:\/\/www.europesays.com\/fr\/242739\/"},"modified":"2025-07-11T15:14:09","modified_gmt":"2025-07-11T15:14:09","slug":"toulouse-la-celebre-marque-de-lena-situations-sinstalle-place-du-capitole-ce-quon-y-trouvera","status":"publish","type":"post","link":"https:\/\/www.europesays.com\/fr\/242739\/","title":{"rendered":"Toulouse. La c\u00e9l\u00e8bre marque de L\u00e9na Situations s&rsquo;installe place du Capitole : ce qu&rsquo;on y trouvera"},"content":{"rendered":"<p>            Par<br \/>\n        <strong><br \/>\n            <a href=\"https:\/\/actu.fr\/auteur\/lea-afonso\" title=\"Consulter tous les articles de L\u00e9a Afonso\" target=\"_blank\" rel=\"noopener\">L\u00e9a Afonso<\/a><br \/>\n        <\/strong><\/p>\n<p>        Publi\u00e9 le<\/p>\n<p>            11 juil. 2025 \u00e0 17h07        <\/p>\n<p>Si <a href=\"https:\/\/actu.fr\/toulouse\/\" target=\"_blank\" rel=\"noopener\">Toulouse<\/a> s\u2019annonce anim\u00e9e ce dimanche 13\u00a0juillet, ce ne sera pas uniquement en raison des<a href=\"https:\/\/actu.fr\/occitanie\/toulouse_31555\/festivites-du-14-juillet-a-toulouse-voici-les-rues-ou-la-circulation-et-le-stationnement-seront-interdits_62886065.html\" target=\"_blank\" rel=\"noopener\"> festivit\u00e9s de la F\u00eate nationale<\/a>\u2009! Une autre star viendra \u00e9lectriser la place du Capitole\u2009: <a href=\"https:\/\/www.instagram.com\/lenamahfouf\/\" target=\"_blank\" rel=\"noopener\"><strong>L\u00e9na Situations<\/strong><\/a>, youtubeuse incontournable et cr\u00e9atrice de la marque de pr\u00eat-\u00e0-porter <strong>H\u00f4tel Mahfouf<\/strong>, y installe exceptionnellement son pop-up store le temps d\u2019une journ\u00e9e.<\/p>\n<p>Un \u00e9v\u00e9nement rare en dehors de Paris<\/p>\n<p class=\" wall-content\">Forte de ses millions de followers sur Instagram, YouTube et TikTok, L\u00e9na Mahfouf \u2013 de son vrai nom \u2013 attire les foules \u00e0 chacune de ses apparitions. Depuis trois \u00e9t\u00e9s, elle installe son c\u00e9l\u00e8bre<strong> pop-up H\u00f4tel Mahfouf<\/strong> \u00e0 Paris, un lieu \u00e9ph\u00e9m\u00e8re tr\u00e8s pris\u00e9 des fans. Jusqu\u2019\u00e0 pr\u00e9sent, cette exp\u00e9rience restait exclusive \u00e0 la capitale, au grand d\u00e9sespoir de ses admirateurs en r\u00e9gions.<\/p>\n<p class=\" wall-content\"><a href=\"https:\/\/www.instagram.com\/lenamahfouf\/embed\" title=\"Ouvrir le lien sur Instagram\" target=\"_blank\" rel=\"noopener\">Visualiser le contenu sur Instagram<\/a><\/p>\n<p class=\" wall-content\">Mais cette ann\u00e9e, L\u00e9na innove avec une tourn\u00e9e nationale baptis\u00e9e <strong>\u00ab\u2009Summer in the City Tour<\/strong>\u2009\u00bb, en <strong>partenariat avec le glacier Amorino.<\/strong> Objectif\u2009: faire voyager sa marque dans quatre grandes villes fran\u00e7aises, dont Toulouse, o\u00f9 le pop-up prendra place ce dimanche 13\u00a0juillet au c\u0153ur de la ville rose.<\/p>\n<p>Le concept\u2009: mode, glace et soleil<\/p>\n<p class=\" wall-content\">Ce Tour de France in\u00e9dit s\u2019inscrit dans la continuit\u00e9 de sa derni\u00e8re collection estivale nomm\u00e9e justement \u00ab\u2009Summer in the City\u2009\u00bb.<\/p>\n<p class=\" wall-content\">Le concept est aussi rafra\u00eechissant que tendance\u2009: une <strong>terrasse<\/strong> \u00e9ph\u00e9m\u00e8re\u2009; des portants de <strong>v\u00eatements<\/strong> pr\u00e9sentant les<strong> nouvelles pi\u00e8ces de la marque<\/strong>, notamment la collection de <strong>maillots de bain<\/strong>\u2009; une cabine d\u2019essayage inspir\u00e9e des cabines de plage bretonnes\u2009; et bien s\u00fbr, une<strong> charrette de sorbets sign\u00e9e Amorino<\/strong>, aux parfums exclusifs qui matchent avec les pi\u00e8ces propos\u00e9es\u2009: past\u00e8que, citron et cerise. Comptez 7,10\u20ac pour les pots et 7,40\u20ac pour les cornets.<\/p>\n<p>Vid\u00e9os : en ce moment sur Actu<\/p>\n<p class=\" wall-content\"><a href=\"https:\/\/www.instagram.com\/p\/DL1sQg4sbX4\/embed\" title=\"Ouvrir le lien sur Instagram\" target=\"_blank\" rel=\"noopener\">Visualiser le contenu sur Instagram<\/a><\/p>\n<p class=\" wall-content\">\u00ab Nous voulions cr\u00e9er une occasion pour shopper et essayer notre nouvelle collection tout en d\u00e9gustant une glace\u2009\u00bb, pr\u00e9cise la marque.<\/p>\n<p>L\u00e9na sera-t-elle pr\u00e9sente \u00e0 Toulouse\u2009?<\/p>\n<p class=\" wall-content\">La grande question que tout le monde se pose reste en suspens\u2009: la \u00ab\u2009m\u00e8re de Paris\u2009\u00bb comme elle aime s\u2019appeler, <strong>viendra-t-elle en personne \u00e0 Toulouse<\/strong>\u2009? Lors de l\u2019inauguration parisienne de cette tourn\u00e9e, la jeune entrepreneuse \u00e9tait bel et bien pr\u00e9sente, allant jusqu\u2019\u00e0 servir elle-m\u00eame des glaces aux visiteurs. En revanche, pour la seconde \u00e9tape marseillaise, seule Sol\u00e8ne, sa meilleure amie et acolyte embl\u00e9matique des \u00ab\u2009vlogs d\u2019ao\u00fbt\u2009\u00bb, s\u2019est d\u00e9plac\u00e9e.<\/p>\n<p class=\" wall-content\"><strong>Aucune confirmation<\/strong> officielle n\u2019a encore \u00e9t\u00e9 donn\u00e9e concernant sa venue dans la Ville rose. Mais ses fans toulousains gardent espoir, d\u2019autant que L\u00e9na Situations est d\u00e9j\u00e0 venue plusieurs fois dans la r\u00e9gion, notamment pour retrouver ses amis, des certains Bigflo et Oli, ou encore Antoine Dupont.<\/p>\n<p>Infos pratiques\u2009:<br \/>\u00c0 retrouver de 10h \u00e0 20h<br \/>16 place du Capitole<br \/>Glaces offertes aux 100 premiers clients, pour tout achat H\u00f4tel Mahfouf<\/p>\n<p class=\" wall-content\">Suivez toute l\u2019actualit\u00e9 de vos villes et m\u00e9dias favoris en vous inscrivant \u00e0 <a href=\"https:\/\/moncompte.actu.fr\" title=\"D\u00e9couvez Mon Actu\" rel=\"nofollow noopener\" data-trk=\"{&quot;cta&quot;:{&quot;action&quot;:&quot;https:\\\/\\\/moncompte.actu.fr&quot;,&quot;category&quot;:&quot;mon compte&quot;,&quot;from&quot;:&quot;article footer&quot;,&quot;name&quot;:&quot;Mon actu&quot;,&quot;type&quot;:&quot;cta&quot;}}\" target=\"_blank\">Mon Actu<\/a>.<\/p>\n<ul class=\"ac-article-tag wall-content\">\n<li><a href=\"https:\/\/actu.fr\/tag\/capitole\" data-trk=\"{&quot;cta&quot;:{&quot;action&quot;:&quot;Capitole&quot;,&quot;category&quot;:&quot;tag&quot;,&quot;from&quot;:&quot;article footer&quot;,&quot;name&quot;:&quot;Capitole&quot;,&quot;type&quot;:&quot;cta&quot;}}\" target=\"_blank\" rel=\"noopener\">#Capitole<\/a><\/li>\n<li><a href=\"https:\/\/actu.fr\/tag\/sortir-a-toulouse\" data-trk=\"{&quot;cta&quot;:{&quot;action&quot;:&quot;Sortir \\u00e0 Toulouse&quot;,&quot;category&quot;:&quot;tag&quot;,&quot;from&quot;:&quot;article footer&quot;,&quot;name&quot;:&quot;Sortir \\u00e0 Toulouse&quot;,&quot;type&quot;:&quot;cta&quot;}}\" target=\"_blank\" rel=\"noopener\">#Sortir \u00e0 Toulouse<\/a><\/li>\n<\/ul>\n<p>                    <script async src=\"\/\/www.instagram.com\/embed.js\"><\/script><\/p>\n","protected":false},"excerpt":{"rendered":"Par L\u00e9a Afonso Publi\u00e9 le 11 juil. 2025 \u00e0 17h07 Si Toulouse s\u2019annonce anim\u00e9e ce dimanche 13\u00a0juillet, ce&hellip;\n","protected":false},"author":2,"featured_media":242740,"comment_status":"","ping_status":"","sticky":false,"template":"","format":"standard","meta":{"footnotes":""},"categories":[2816],"tags":[1111,11,4519,1777,674,1011,27,1305,12,2680,25,1341,2312],"class_list":{"0":"post-242739","1":"post","2":"type-post","3":"status-publish","4":"format-standard","5":"has-post-thumbnail","7":"category-toulouse","8":"tag-actu","9":"tag-actualites","10":"tag-capitole","11":"tag-eu","12":"tag-europe","13":"tag-fr","14":"tag-france","15":"tag-lifestyle","16":"tag-news","17":"tag-occitanie","18":"tag-republique-francaise","19":"tag-sortir-a-toulouse","20":"tag-toulouse"},"share_on_mastodon":{"url":"https:\/\/pubeurope.com\/@fr\/114835256968152168","error":""},"_links":{"self":[{"href":"https:\/\/www.europesays.com\/fr\/wp-json\/wp\/v2\/posts\/242739","targetHints":{"allow":["GET"]}}],"collection":[{"href":"https:\/\/www.europesays.com\/fr\/wp-json\/wp\/v2\/posts"}],"about":[{"href":"https:\/\/www.europesays.com\/fr\/wp-json\/wp\/v2\/types\/post"}],"author":[{"embeddable":true,"href":"https:\/\/www.europesays.com\/fr\/wp-json\/wp\/v2\/users\/2"}],"replies":[{"embeddable":true,"href":"https:\/\/www.europesays.com\/fr\/wp-json\/wp\/v2\/comments?post=242739"}],"version-history":[{"count":0,"href":"https:\/\/www.europesays.com\/fr\/wp-json\/wp\/v2\/posts\/242739\/revisions"}],"wp:featuredmedia":[{"embeddable":true,"href":"https:\/\/www.europesays.com\/fr\/wp-json\/wp\/v2\/media\/242740"}],"wp:attachment":[{"href":"https:\/\/www.europesays.com\/fr\/wp-json\/wp\/v2\/media?parent=242739"}],"wp:term":[{"taxonomy":"category","embeddable":true,"href":"https:\/\/www.europesays.com\/fr\/wp-json\/wp\/v2\/categories?post=242739"},{"taxonomy":"post_tag","embeddable":true,"href":"https:\/\/www.europesays.com\/fr\/wp-json\/wp\/v2\/tags?post=242739"}],"curies":[{"name":"wp","href":"https:\/\/api.w.org\/{rel}","templated":true}]}}