{"id":242753,"date":"2025-07-11T15:22:11","date_gmt":"2025-07-11T15:22:11","guid":{"rendered":"https:\/\/www.europesays.com\/fr\/242753\/"},"modified":"2025-07-11T15:22:11","modified_gmt":"2025-07-11T15:22:11","slug":"rappel-de-viande-vendue-en-ile-de-france-et-presentant-des-risques-de-contamination-bacterienne-il-sagit-de-poulet","status":"publish","type":"post","link":"https:\/\/www.europesays.com\/fr\/242753\/","title":{"rendered":"Rappel de viande vendue en \u00cele-de-France et pr\u00e9sentant des risques de contamination bact\u00e9rienne, il s\u2019agit de poulet"},"content":{"rendered":"<p>\n        Nous partageons avec vous l\u2019ensemble des informations relatives au rappel de viande de poulet vendue en \u00cele-de-France et impropre \u00e0 la consommation.    <\/p>\n<p class=\"standard\">Les Fran\u00e7ais consommeraient <a href=\"https:\/\/www.marmiton.org\/bien-choisir-ses-aliments\/les-francais-mangeraient-de-moins-en-moins-de-viande-selon-cette-etude-s4088523.html\" target=\"_blank\" rel=\"noopener\">de moins en moins de viande<\/a>. Si les consid\u00e9rations li\u00e9es aux<strong> impacts environnementaux<\/strong> des \u00e9levages intensifs \u00e9voluent, c&rsquo;est bien <strong>l&rsquo;inflation<\/strong> qui est la premi\u00e8re cause de changements dans les <strong>habitudes alimentaires<\/strong>. Les prix qui ne cessent de grimper forcent les foyers \u00e0<strong> faire des choix<\/strong>. <\/p>\n<p class=\"standard\">Pour la viande, le<strong> porc <\/strong>n&rsquo;a plus la cote. Il reste tr\u00e8s consomm\u00e9, mais son <strong>prix<\/strong> le rend <strong>nettement moins attractif<\/strong>. La volaille, le<strong> poulet<\/strong> en particulier, est dor\u00e9navant la viande <strong>la plus consomm\u00e9e<\/strong> dans l&rsquo;Hexagone. En plus de l&rsquo;<strong>aspect \u00e9conomique<\/strong>, le poulet r\u00e9pond \u00e0 un plus large panel de <strong>pr\u00e9f\u00e9rences alimentaires<\/strong>. <\/p>\n<p class=\"standard\">Si vous avez r\u00e9cemment achet\u00e9 du <strong>poulet en \u00cele-de-France<\/strong>, il convient de rester prudent. En effet, un <strong>lot de viande<\/strong>, commercialis\u00e9 sous diff\u00e9rents formats, fait l&rsquo;objet d&rsquo;un<strong> rappel national<\/strong> afin d&rsquo;\u00e9viter tout <strong>risque pour la sant\u00e9 <\/strong>des consommateurs. <\/p>\n<p>Quel est le poulet concern\u00e9 par ce rappel ? <\/p>\n<p class=\"standard\">Le site <a href=\"https:\/\/rappel.conso.gouv.fr\/fiche-rappel\/18884\/Interne\" rel=\"noopener noreferrer nofollow\" target=\"_blank\">Rappel Conso<\/a> a publi\u00e9 une fiche descriptive qui regroupe l&rsquo;ensemble des informations disponibles concernant un lot de<strong> blancs de poulet halal<\/strong> qui a \u00e9t\u00e9 commercialis\u00e9 <strong>uniquement en \u00cele-de-France<\/strong> par l&rsquo;<strong>entreprise C\u00f4t\u00e9 Food<\/strong> du <strong>03\/07\/2025 au 05\/07\/2025<\/strong>. <\/p>\n<p class=\"standard\">La viande en question a \u00e9t\u00e9 distribu\u00e9e dans diff\u00e9rents commerces par l&rsquo;<strong>entreprise OVIMPEX BBV<\/strong>. Elle se pr\u00e9sente sous trois formats :\n<\/p>\n<ul class=\"standard\">\n<li><strong>barquette plastique bleue<\/strong> contenant <strong>2,5 kg de filet de poulet halal <\/strong><\/li>\n<li><strong>barquette plastique bleue<\/strong> contenant <strong>2,5 kg de filet de poulet double avec aiguillette<\/strong><\/li>\n<li><strong>barquette plastique bleue <\/strong>contenant <strong>5 kg de filet de poulet halal 5 kg<\/strong><\/li>\n<\/ul>\n<p class=\"standard\">Tous les produits susmentionn\u00e9s correspondent au<strong> lot <\/strong>portant le <strong>num\u00e9ro 5181<\/strong>. La <a href=\"https:\/\/www.marmiton.org\/none\/combien-de-temps-peut-on-garder-de-la-viande-crue-au-frigo-s4066224.html\" target=\"_blank\" rel=\"noopener\">date limite de consommation<\/a> de cette viande de poulet est fix\u00e9e au <strong>14\/07\/2025<\/strong>. <\/p>\n<p>Quels sont les risques ? <\/p>\n<p class=\"standard\">Le rappel de cette viande de poulet fait suite \u00e0 la<strong> rupture de la cha\u00eene du froid<\/strong> pendant le transport des produits concern\u00e9s. Celle-ci fait partie des points essentiels li\u00e9s \u00e0 la<strong> s\u00e9curit\u00e9 alimentaire<\/strong> afin de r\u00e9duire les risques de <strong>contamination microbiologique<\/strong> et conserver les <strong>qualit\u00e9s du produit<\/strong>. <\/p>\n<p class=\"standard\">Cet al\u00e9a a pu provoquer une alt\u00e9ration de la viande de poulet qui peut conduire \u00e0 des <strong>modifications potentiellement n\u00e9fastes <\/strong>pour la sant\u00e9. En effet, le non-respect de la cha\u00eene du froid est l&rsquo;un des \u00e9l\u00e9ments qui favorise le d\u00e9veloppement de <a href=\"https:\/\/www.marmiton.org\/mieux-cuisiner\/intoxications-alimentaires-plus-frequentes-qu-avant-voici-comment-vous-proteger-selon-ce-rapport-s4080567.html\" target=\"_blank\" rel=\"noopener\">certaines bact\u00e9ries<\/a> dans les produits frais, les rendant<strong> impropres \u00e0 la consommation<\/strong>. <\/p>\n<p class=\"standard\">Les personnes qui le souhaitent peuvent <strong>rapporter ce poulet <\/strong>sur le lieu d&rsquo;achat <strong>avant le jeudi 31 juillet 2025<\/strong> afin de b\u00e9n\u00e9ficier d&rsquo;un <strong>remboursement<\/strong>. Pour tout <strong>compl\u00e9ment d&rsquo;information<\/strong> quant \u00e0 cette proc\u00e9dure, il faut contacter le <strong>02 23 22 39 11<\/strong>.<\/p>\n<p class=\"standard\"><strong>\u00c0 lire aussi : <\/strong>\n<\/p>\n<p>    <a href=\"https:\/\/www.marmiton.org\/author\/27693\" target=\"_blank\" rel=\"noopener\"><br \/>\n        <img loading=\"lazy\" decoding=\"async\" src=\"https:\/\/www.europesays.com\/fr\/wp-content\/uploads\/2025\/07\/1368877088_s50.jpeg\" width=\"50\" height=\"50\" alt=\"Jean Rami\u00e8re\"\/><br \/>\n    <\/a><\/p>\n<p>            R\u00e9dacteur cuisine\n    <\/p>\n<p>Pour moi, la cuisine est un parfait moyen pour cr\u00e9er du lien et d\u00e9couvrir de nouvelles cultures. Combiner voyages et explorations culinaires est une \u00e9vidence. Les saveurs in\u00e9dites et les \u2026<\/p>\n","protected":false},"excerpt":{"rendered":"Nous partageons avec vous l\u2019ensemble des informations relatives au rappel de viande de poulet vendue en \u00cele-de-France et&hellip;\n","protected":false},"author":2,"featured_media":242754,"comment_status":"","ping_status":"","sticky":false,"template":"","format":"standard","meta":{"footnotes":""},"categories":[1592],"tags":[1111,11,8263,38225,1777,674,38227,1011,27,662,8265,23036,12,626,38226,25],"class_list":{"0":"post-242753","1":"post","2":"type-post","3":"status-publish","4":"format-standard","5":"has-post-thumbnail","7":"category-ile-de-france","8":"tag-actu","9":"tag-actualites","10":"tag-actus-food","11":"tag-aliments-santu00e9","12":"tag-eu","13":"tag-europe","14":"tag-focus-ingru00e9dient","15":"tag-fr","16":"tag-france","17":"tag-ile-de-france","18":"tag-mieux-consommer","19":"tag-mieux-manger","20":"tag-news","21":"tag-paris","22":"tag-rappels-produits","23":"tag-republique-francaise"},"share_on_mastodon":{"url":"https:\/\/pubeurope.com\/@fr\/114835288588431445","error":""},"_links":{"self":[{"href":"https:\/\/www.europesays.com\/fr\/wp-json\/wp\/v2\/posts\/242753","targetHints":{"allow":["GET"]}}],"collection":[{"href":"https:\/\/www.europesays.com\/fr\/wp-json\/wp\/v2\/posts"}],"about":[{"href":"https:\/\/www.europesays.com\/fr\/wp-json\/wp\/v2\/types\/post"}],"author":[{"embeddable":true,"href":"https:\/\/www.europesays.com\/fr\/wp-json\/wp\/v2\/users\/2"}],"replies":[{"embeddable":true,"href":"https:\/\/www.europesays.com\/fr\/wp-json\/wp\/v2\/comments?post=242753"}],"version-history":[{"count":0,"href":"https:\/\/www.europesays.com\/fr\/wp-json\/wp\/v2\/posts\/242753\/revisions"}],"wp:featuredmedia":[{"embeddable":true,"href":"https:\/\/www.europesays.com\/fr\/wp-json\/wp\/v2\/media\/242754"}],"wp:attachment":[{"href":"https:\/\/www.europesays.com\/fr\/wp-json\/wp\/v2\/media?parent=242753"}],"wp:term":[{"taxonomy":"category","embeddable":true,"href":"https:\/\/www.europesays.com\/fr\/wp-json\/wp\/v2\/categories?post=242753"},{"taxonomy":"post_tag","embeddable":true,"href":"https:\/\/www.europesays.com\/fr\/wp-json\/wp\/v2\/tags?post=242753"}],"curies":[{"name":"wp","href":"https:\/\/api.w.org\/{rel}","templated":true}]}}