{"id":242763,"date":"2025-07-11T15:27:10","date_gmt":"2025-07-11T15:27:10","guid":{"rendered":"https:\/\/www.europesays.com\/fr\/242763\/"},"modified":"2025-07-11T15:27:10","modified_gmt":"2025-07-11T15:27:10","slug":"aujourdhui-dans-24h-pujadas-international-ukraine-russie-guerre-secrete-en-mediterranee","status":"publish","type":"post","link":"https:\/\/www.europesays.com\/fr\/242763\/","title":{"rendered":"Aujourd&rsquo;hui dans 24H Pujadas : International &#8211; Ukraine\/Russie : guerre secr\u00e8te en M\u00e9diterran\u00e9e"},"content":{"rendered":"<ul class=\"jsx-862013697 ArticleChapo__List\">\n<li class=\"jsx-862013697 ArticleChapo__List_Item flex\">Au sommaire du vendredi 11 juillet 2025 : International &#8211; Ukraine\/Russie : guerre secr\u00e8te en M\u00e9diterran\u00e9e. France &#8211; Le retour d\u2019un \u201cservice militaire\u201d sur la table. \u00c9conomie &#8211; D\u00e9ficit : les \u201cbaby boomers\u201d dans le viseur<\/li>\n<\/ul>\n<p data-module=\"article-paragraph\" class=\"jsx-3046738180 Paragraph\"><strong>Le Club<\/strong> :<\/p>\n<p data-module=\"article-paragraph\" class=\"jsx-3046738180 Paragraph\"><strong>G\u00e9n\u00e9ral Patrick Dutartre<\/strong> &#8211; G\u00e9n\u00e9ral de l&rsquo;Arm\u00e9e de l&rsquo;Air<\/p>\n<p data-module=\"article-paragraph\" class=\"jsx-3046738180 Paragraph\"><strong>Charline Hurel<\/strong> &#8211; Reporter TF1<\/p>\n<p data-module=\"article-paragraph\" class=\"jsx-3046738180 Paragraph\"><strong>Emmanuel Veron<\/strong> &#8211; Docteur en g\u00e9ographie, sp\u00e9cialiste des relations internationales<\/p>\n<p data-module=\"article-paragraph\" class=\"jsx-3046738180 Paragraph\"><strong>Vincent Crouzet<\/strong> &#8211; Expert en renseignements<\/p>\n<p data-module=\"article-paragraph\" class=\"jsx-3046738180 Paragraph\"><strong>Dominique Seux<\/strong> &#8211; \u00c9ditorialiste \u00e9conomique aux \u00c9chos et \u00e0 France Inter<\/p>\n<p data-module=\"article-paragraph\" class=\"jsx-3046738180 Paragraph\"><strong>Arlette Chabot <\/strong>&#8211; \u00c9ditorialiste politique TF1\/LCI<\/p>\n<p data-module=\"article-paragraph\" class=\"jsx-3046738180 Paragraph\"><strong>Catherine Andr\u00e9<\/strong> &#8211; Journaliste au service \u00e9conomique TF1\/LCI\u00a0<\/p>\n<p data-module=\"article-paragraph\" class=\"jsx-3046738180 Paragraph Paragraph__End\"><strong>Jean-Louis Bourlanges<\/strong> &#8211; Ancien Pr\u00e9sident de la commission des affaires \u00e9trang\u00e8res de l&rsquo;Assembl\u00e9e Nationale<\/p>\n<p>Lea COSTA<\/p>\n","protected":false},"excerpt":{"rendered":"Au sommaire du vendredi 11 juillet 2025 : International &#8211; Ukraine\/Russie : guerre secr\u00e8te en M\u00e9diterran\u00e9e. France &#8211;&hellip;\n","protected":false},"author":2,"featured_media":122385,"comment_status":"","ping_status":"","sticky":false,"template":"","format":"standard","meta":{"footnotes":""},"categories":[1591],"tags":[1111,5926,11,5925,1887,27,1922,14,12,1885,1886,132,220],"class_list":{"0":"post-242763","1":"post","2":"type-post","3":"status-publish","4":"format-standard","5":"has-post-thumbnail","7":"category-russie","8":"tag-actu","9":"tag-actualite-international","10":"tag-actualites","11":"tag-conflits-et-guerre","12":"tag-federation-de-russie","13":"tag-france","14":"tag-info","15":"tag-international","16":"tag-news","17":"tag-russia","18":"tag-russian-federation","19":"tag-russie","20":"tag-ukraine"},"share_on_mastodon":{"url":"https:\/\/pubeurope.com\/@fr\/114835308100887834","error":""},"_links":{"self":[{"href":"https:\/\/www.europesays.com\/fr\/wp-json\/wp\/v2\/posts\/242763","targetHints":{"allow":["GET"]}}],"collection":[{"href":"https:\/\/www.europesays.com\/fr\/wp-json\/wp\/v2\/posts"}],"about":[{"href":"https:\/\/www.europesays.com\/fr\/wp-json\/wp\/v2\/types\/post"}],"author":[{"embeddable":true,"href":"https:\/\/www.europesays.com\/fr\/wp-json\/wp\/v2\/users\/2"}],"replies":[{"embeddable":true,"href":"https:\/\/www.europesays.com\/fr\/wp-json\/wp\/v2\/comments?post=242763"}],"version-history":[{"count":0,"href":"https:\/\/www.europesays.com\/fr\/wp-json\/wp\/v2\/posts\/242763\/revisions"}],"wp:featuredmedia":[{"embeddable":true,"href":"https:\/\/www.europesays.com\/fr\/wp-json\/wp\/v2\/media\/122385"}],"wp:attachment":[{"href":"https:\/\/www.europesays.com\/fr\/wp-json\/wp\/v2\/media?parent=242763"}],"wp:term":[{"taxonomy":"category","embeddable":true,"href":"https:\/\/www.europesays.com\/fr\/wp-json\/wp\/v2\/categories?post=242763"},{"taxonomy":"post_tag","embeddable":true,"href":"https:\/\/www.europesays.com\/fr\/wp-json\/wp\/v2\/tags?post=242763"}],"curies":[{"name":"wp","href":"https:\/\/api.w.org\/{rel}","templated":true}]}}