{"id":24277,"date":"2025-04-14T12:57:07","date_gmt":"2025-04-14T12:57:07","guid":{"rendered":"https:\/\/www.europesays.com\/fr\/24277\/"},"modified":"2025-04-14T12:57:07","modified_gmt":"2025-04-14T12:57:07","slug":"opinion-un-accord-de-libre-echange-entre-leurope-et-les-emirats-arabes-unis-une-faute-morale","status":"publish","type":"post","link":"https:\/\/www.europesays.com\/fr\/24277\/","title":{"rendered":"OPINION. \u00ab Un accord de libre-\u00e9change entre l&rsquo;Europe et les Emirats arabes unis, une faute morale \u00bb"},"content":{"rendered":"<p>Avec le nouveau passage du cyclone Trump \u00e0 la Maison-Blanche pour les 4 prochaines ann\u00e9es, L&rsquo;Europe est dans la tourmente, m\u00eame si elle aurait pu anticiper tout ce qui est en train de se passer. Car quand Trump dit, il le fait. Ce qu&rsquo;elle a le mieux r\u00e9ussi jusque maintenant, c&rsquo;est-\u00e0-dire sa puissance \u00e9conomique, est en p\u00e9ril si aucun accord s\u00e9rieux n&rsquo;est trouv\u00e9 d&rsquo;ici 90 jours pour emp\u00eacher le couperet de droits de douane violents aux exportations vers le nouveau continent.<\/p>\n<p>Apr\u00e8s s&rsquo;\u00eatre ferm\u00e9 \u00e0 la Russie depuis le d\u00e9but de la guerre contre l&rsquo;Ukraine, apr\u00e8s avoir envisag\u00e9 de s\u00e9rieuses mesures drastiques contre la Chine et ses produits, l\u00e0-voil\u00e0 au pied du mur avec une Am\u00e9rique trumpiste qui veut lui faire payer son d\u00e9ficit commercial abyssal. Tout cela r\u00e9v\u00e8le, s&rsquo;il y avait besoin \u00e0 nouveau, l&rsquo;hyperd\u00e9pendance europ\u00e9enne au march\u00e9 outre-Atlantique et les limites que la politique europ\u00e9enne moraliste est pr\u00eate encore \u00e0 fixer \u00e0 l&rsquo;\u00e9gard de certains pays autoritaires ou peu soucieux du droit international et des valeurs humanistes du vieux continent.<\/p>\n<p>Dernier fait en date : voil\u00e0 qu&rsquo;Ursula Van der Leyen semble avoir d\u00e9couvert le \u00ab veau d&rsquo;or \u00bb, apr\u00e8s que Trump ait mis sur pause ses menaces de taxes, en annon\u00e7ant prochainement un accord de libre-\u00e9change avec les \u00c9mirats arabes unis. L&rsquo;Union europ\u00e9enne, comme tous les pays concern\u00e9s par les mesures am\u00e9ricaines, sait qu&rsquo;elle doit d\u00e9multiplier le risque en diversifiant ses exportations en cas de nouveau p\u00e9pin politique. Seulement, si Moscou et P\u00e9kin n&rsquo;ont pas les faveurs de celle-ci depuis des ann\u00e9es, c&rsquo;est notamment pour des raisons politiques et diplomatiques. La Russie est sous sanctions, et la Chine fait l&rsquo;objet de plusieurs enqu\u00eates, notamment pour concurrence d\u00e9loyale. La bataille \u00e9tait rude pour punir P\u00e9kin depuis quelques semaines au sein de la Commission europ\u00e9enne et faisait d\u00e9bat.<\/p>\n<p>En cherchant par tous les moyens notre ind\u00e9pendance, nous risquons de s\u00e9rieuses erreurs strat\u00e9giques et politiques : il y a deux mois, Emmanuel Macron annon\u00e7ait lors du sommet sur l&rsquo;IA \u00e0 Paris, l&rsquo;investissement record des \u00c9mirats arabes unis dans la construction d&rsquo;un gigantesque database pour stocker nos donn\u00e9es. Probl\u00e8me : les EAU sont aussi bons en informatique qu&rsquo;en cyberhacking et en espionnage.<\/p>\n<p>On sait depuis des ann\u00e9es qu&rsquo;Abu Dhabi vend du r\u00eave, avec la ville de Duba\u00ef, avec les influenceurs du monde entier venus fouler le sable chaud du Golfe, mais que dans le m\u00eame temps, elle m\u00e8ne des guerres terribles contre ses ennemis en Libye, au Soudan, au Y\u00e9men, contourne les sanctions internationales contre le r\u00e9gime de Bachar Al Assad pendant une d\u00e9cennie, et fait appel \u00e0 des enfants soldats soudanais pour les red\u00e9ployer dans ses milices de mercenaires sur les fronts qu&rsquo;elle a ouverts ou entretenus\u2009! Il y a le c\u00f4t\u00e9 pile des EAU, pays de loisirs, de tol\u00e9rance, d&rsquo;\u00e9vasion, de culture, d&rsquo;\u00e9ducation, mais aussi le c\u00f4t\u00e9 face, avec la prostitution, la drogue, et le blanchiment d&rsquo;argent tout comme l&rsquo;accueil de vieilles gloires et dictateurs d\u00e9chus du monde entier (avec leurs capitaux de pr\u00e9f\u00e9rence). La conf\u00e9d\u00e9ration \u00e9miratie est un paradis fiscal qui a \u00e9t\u00e9 \u00e9pingl\u00e9 plusieurs fois sur la liste noire europ\u00e9enne des pays \u00e0 haut risque de blanchiment.<br \/>Est-ce que, quand bien m\u00eame le contexte actuel, on doit signer un tel accord de libre-\u00e9change avec Mohamed Ben Zayed, blanchissant aussi le pays de toute accusation de violations r\u00e9guli\u00e8res du droit international ? Derni\u00e8rement, plusieurs ONG internationales se faisaient l&rsquo;\u00e9cho de soup\u00e7ons de complicit\u00e9 de g\u00e9nocide des \u00c9mirats au Soudan par le pouvoir en place. C&rsquo;est ce pays-l\u00e0 qui est soup\u00e7onn\u00e9 par le Pr\u00e9sident Al-Buhran d&rsquo;attiser la haine et de soutenir les milices paramilitaires de son ennemi et ancien num\u00e9ro deux du conseil de souverainet\u00e9, Mohamed Hamdan Daglo.<\/p>\n<p>C&rsquo;est ce pays dont on oublie trop souvent le r\u00f4le pernicieux de leader de l&rsquo;axe des s\u00e9cessionnistes en Afrique et au Moyen-Orient. De la Libye au Y\u00e9men, en passant par la Somalie et le Soudan, les \u00c9miratis cherchent depuis des ann\u00e9es \u00e0 renverser des r\u00e9gimes qui ne leur conviennent pas et ce, par tous les moyens. L&rsquo;Europe, qui passe son temps \u00e0 distribuer les bons points, et \u00e0 juger de ses relations avec les pays au regard du droit international et des droits humains, est-elle pr\u00eate vraiment \u00e0 signer un tel blanc-seing aux \u00c9mirats ? Mohamed Ben Zayed ne pouvait r\u00eaver mieux pour poursuivre sa conqu\u00eate des esprits europ\u00e9ens, mais aussi de leurs portemonnaies. En r\u00e9alit\u00e9, cela fait beaucoup d&rsquo;interrogations pour pas grand-chose : ce n&rsquo;est pas Abu Dhabi qui compensera la chute des exportations europ\u00e9ennes aux \u00c9tats-Unis. Cela vaut donc le coup d&rsquo;y r\u00e9fl\u00e9chir \u00e0 deux fois avant de se jeter dans la gueule du loup.<\/p>\n<p>(*)\u00a0Docteur en sciences politiques, chercheur en g\u00e9opolitique, collaborateur scientifique du CNAM Paris (Equipe S\u00e9curit\u00e9 D\u00e9fense), de l&rsquo;Observatoire Geopolitique de Geneve et Directeur de l&rsquo;IGE (Institut G\u00e9opolitique Europ\u00e9en). Auteur de \u00ab Donald Trump retour vers le futur \u00bb, Mareuil \u00e9ditions. Merci et bonne nuit<\/p>\n","protected":false},"excerpt":{"rendered":"Avec le nouveau passage du cyclone Trump \u00e0 la Maison-Blanche pour les 4 prochaines ann\u00e9es, L&rsquo;Europe est dans&hellip;\n","protected":false},"author":2,"featured_media":24278,"comment_status":"","ping_status":"","sticky":false,"template":"","format":"standard","meta":{"footnotes":""},"categories":[1586],"tags":[17,743,11,6897,2834,1777,674,1011,27,1808,151,7715,12,4536,1427,25],"class_list":{"0":"post-24277","1":"post","2":"type-post","3":"status-publish","4":"format-standard","5":"has-post-thumbnail","7":"category-europe","8":"tag-17","9":"tag-accord","10":"tag-actualites","11":"tag-emirats","12":"tag-entre","13":"tag-eu","14":"tag-europe","15":"tag-fr","16":"tag-france","17":"tag-leurope","18":"tag-les","19":"tag-libre-echange","20":"tag-news","21":"tag-opinion","22":"tag-opinions","23":"tag-republique-francaise"},"share_on_mastodon":{"url":"https:\/\/pubeurope.com\/@fr\/114336435052658795","error":""},"_links":{"self":[{"href":"https:\/\/www.europesays.com\/fr\/wp-json\/wp\/v2\/posts\/24277","targetHints":{"allow":["GET"]}}],"collection":[{"href":"https:\/\/www.europesays.com\/fr\/wp-json\/wp\/v2\/posts"}],"about":[{"href":"https:\/\/www.europesays.com\/fr\/wp-json\/wp\/v2\/types\/post"}],"author":[{"embeddable":true,"href":"https:\/\/www.europesays.com\/fr\/wp-json\/wp\/v2\/users\/2"}],"replies":[{"embeddable":true,"href":"https:\/\/www.europesays.com\/fr\/wp-json\/wp\/v2\/comments?post=24277"}],"version-history":[{"count":0,"href":"https:\/\/www.europesays.com\/fr\/wp-json\/wp\/v2\/posts\/24277\/revisions"}],"wp:featuredmedia":[{"embeddable":true,"href":"https:\/\/www.europesays.com\/fr\/wp-json\/wp\/v2\/media\/24278"}],"wp:attachment":[{"href":"https:\/\/www.europesays.com\/fr\/wp-json\/wp\/v2\/media?parent=24277"}],"wp:term":[{"taxonomy":"category","embeddable":true,"href":"https:\/\/www.europesays.com\/fr\/wp-json\/wp\/v2\/categories?post=24277"},{"taxonomy":"post_tag","embeddable":true,"href":"https:\/\/www.europesays.com\/fr\/wp-json\/wp\/v2\/tags?post=24277"}],"curies":[{"name":"wp","href":"https:\/\/api.w.org\/{rel}","templated":true}]}}